{"id":104,"date":"2020-01-17T16:32:34","date_gmt":"2020-01-17T16:32:34","guid":{"rendered":"http:\/\/yofuiunachicalyme.com\/?p=104"},"modified":"2020-03-03T15:22:27","modified_gmt":"2020-03-03T15:22:27","slug":"cerrando-2019-en-321","status":"publish","type":"post","link":"https:\/\/yofuiunachicalyme.com\/?p=104","title":{"rendered":"Cerrando 2019 en 3,2,1&#8230;"},"content":{"rendered":"<p><html><body><\/p>\n<p\/>\n<p><b>Escrito el Mi\u00e9rcoles, 15 de Enero de 2020<\/b><\/p>\n<p><span style=\"background-color: initial\">Feliz todo chic@s&#8230;<\/span><\/p>\n<p><span style=\"background-color: initial\">A estas alturas de la peli, desear Feliz A\u00f1o Nuevo, como que ya no pega mucho. Igual que el t\u00edtulo de este post, me temo que tampoco pega mucho. Lo s\u00e9, \u00bfa d\u00f3nde voy yo con Cerrando el 2019, cuando ya estamos a medio mes de Enero?, me queda claro, peeerooooo, este a\u00f1o que dejamos atr\u00e1s se merece un cap\u00edtulo\/post\/resumen o algo.<\/span><\/p>\n<p><span style=\"background-color: initial\">Principalmente porque cuando estaba barajando t\u00edtulos, dije pues nada, le pongo Abriendo 2020, y a correr, pues no, necesito hacer primero este cierre y luego ya abrir\u00e9 la lata como decimos los futboler@s.<\/span><\/p>\n<p><span style=\"background-color: initial\">\u00bfPor d\u00f3nde co\u00f1o empiezo?, al que me diga por el principio, le meto. <b>Este a\u00f1o ha sido con diferencia el m\u00e1s intenso de todos los que yo recuerdo en mis 47 a\u00f1os de vida<\/b>. Voy a ponerle palabras, aunque no s\u00e9 si lo voy a conseguir, sinceramente. C\u00f3mo se puede vivir tanto, y tan intenso, en tan poco tiempo, si es que un a\u00f1o no es nada, nada y menos.<\/span><\/p>\n<p><span style=\"background-color: initial\">S\u00e9 que es algo general, no es que yo por mi hist\u00f3rico haya andado m\u00e1s atareadilla de la cuenta, que tambi\u00e9n, pero he coincidido hablando con mucha gente, igual de revuelta que yo o m\u00e1s, <b>O M\u00c1S<\/b>, ah\u00ed lo dejo. Hablo de revueltos a unos niveles que las propias personas desconoc\u00edamos, acojona un poco.<\/span><\/p>\n<p><span style=\"background-color: initial\">C\u00f3mo ser\u00e1 la cosa, que cuando me llamaba la gente para felicitarme estas Navidades y me preguntaban qu\u00e9 tal, mi respuesta era, <b>\u201cbueno, ahora un poco mejor, pero he estado unos meses como los r\u00edos de la zona, DESBORDADA\u201d<\/b>. Y esa es la palabra que mejor lo define. He acabado exhausta. Agotada, reventada se me quedan cortos. Exhausta emocional y f\u00edsicamente.<\/span><\/p>\n<p><span style=\"background-color: initial\">De Octubre para ac\u00e1, desbordadica perdida, a ver, que haciendo un s\u00edmil he estado todo el a\u00f1o en alarma de High, y llegando el trimestre final que para m\u00ed siempre suele ser fuertecito con los cumples, mucho subid\u00f3n y dem\u00e1s, desbord\u00e9 a super alarma de High High. Lo normal. Y porque aguanto carros y carretas, ah\u00ed os quer\u00eda ver yo a vosotr@s\u2026<\/span><\/p>\n<p><span style=\"background-color: initial\">\u00bfEn qu\u00e9 se ha traducido esto?, en que tengo el <b>sistema inmunol\u00f3gico<\/b> por los suelos, ya llevo tres catarros, ando a uno por mes, cuando me baja la regla, me pega baj\u00f3n de defensas, y ZASCA NIVEL DIOS, me duran entre dos y tres semanas, vamos, que empalmo uno con otro.<\/span><\/p>\n<p><span style=\"background-color: initial\">Esto ya hac\u00eda a\u00f1\u00edsimos que no me pasaba. Que bueno saber el por qu\u00e9, y el para qu\u00e9. Ya me he comprado drogas de esas m\u00edas, legales, bueno, pseudo legales, para fortalecerlo porque esto es muuuuuuy duro, y muy cansado, pero que muy cansado.<\/span><\/p>\n<p><span style=\"background-color: initial\">A ver list@s, hablo de <b>catarros del cop\u00f3n bendito<\/b>, para profesionales como una servidora, no para aficionados varios, que todo hay que explicarlo. Por mucho menos, he visto yo gente ingresada con ox\u00edgeno, ah\u00ed lo dejo.<\/span><\/p>\n<p><span style=\"background-color: initial\">Por todo ello, y mucho m\u00e1s, creo firmemente que este a\u00f1o que comienza es a\u00f1o de cosechar. Las personas que de una forma u otra hemos sembrado y apostado fuerte por esas semillas, vamos a empezar, mejor dicho, <b>estamos empezando a recoger su fruto<\/b>.<\/span><\/p>\n<p><span style=\"background-color: initial\">No vale envidiar, haber sembrado. Vi la semana pasada un meme que me gust\u00f3 mucho relacionado con esto en el que se ve a dos personas, una de pie y la otra arrodillada en un jard\u00edn.<\/span><\/p>\n<p><span style=\"background-color: initial\">La que est\u00e1 arrodillada dice, \u201ccreo que el a\u00f1o pr\u00f3ximo voy a tener muchas flores\u201d, a lo que la que est\u00e1 de pie dice \u201cahhh, vale, \u00bfqu\u00e9 est\u00e1s haciendo?\u201d, \u201cplantando flores\u201d.\u00a0<\/span><span style=\"background-color: initial\">Algo que es obvio en este ejemplo, no nos lo parece tanto en la vida real hablando de otras cosas. Rumiadlo un poco.<\/span><\/p>\n<p><span style=\"background-color: initial\"><b>2019 ha sido un a\u00f1o de CRISIS total<\/b>. Crisis entendida como CAMBIO. Como MOVIMIENTO. Como ACCI\u00d3N.\u00a0 Y as\u00ed todo.<\/span><\/p>\n<p><span style=\"background-color: initial\">Que mucha gente conocida me pregunta, <b>\u00bfpara qu\u00e9 tanto?<\/b>, mi respuesta siempre es la misma.<\/span><\/p>\n<p><span style=\"background-color: initial\">Si yo pudiera comer lo que me diese la gana y me sentara bien; si tuviese energ\u00eda para trabajar 8 horas seguidas, 5 d\u00edas a la semana; si no tuviese que tomar suplementos alimenticios para poder vivir mi d\u00eda a d\u00eda; si, tantas cosas\u2026., dejar\u00eda de buscar\u00a0<\/span><span style=\"background-color: initial\">respuestas porque no tendr\u00eda preguntas, simple. <b>Cuando llegue ese momento dejar\u00e9 de buscarlas, no antes.<\/b><\/span><\/p>\n<p><span style=\"background-color: initial\">Esto es lo de siempre, que ya lo hemos hablado muchas veces, una cosa es lo que la gente ve de ti, o lo que nosotros dejamos ver, y otra cosa es la realidad, lo que a cada uno nos cuesta tirar por el pellejo, o lo que necesitamos hacer para poder estar \u201cas\u00ed de bien\u201d.<\/span><\/p>\n<p><span style=\"background-color: initial\">Como me dijo una chica hace unos meses, <b>\u201cya lo he entendido, tienes que dosificar tu energ\u00eda\u201d<\/b>, \u201ceso es\u201d, \u201cno te da para tu d\u00eda a d\u00eda\u201d, bingo.<\/span><\/p>\n<p><span style=\"background-color: initial\">Dicho esto, hab\u00e9is de saber que me siento feliz de haber llegado hasta aqu\u00ed. <b>MUY FELIZ.<\/b> Y que se avecinan grandes cambios en mi vida. Cha cha cha chan\u2026.hasta aqu\u00ed puedo leer, ya os ir\u00e9 contando.<\/span><\/p>\n<p><span style=\"background-color: initial\">Para los que a\u00fan est\u00e1is pasando la fase dura de la enfermedad, este es mi <b>Regalo de Reyes.<\/b><\/span><\/p>\n<p><span style=\"background-color: initial\">Deciros que en mi \u00faltima anal\u00edtica de control los<b> CD57 de la l\u00ednea NK est\u00e1n en 221<\/b>. Repito 221. Dato correcto. REGALAZO. Contando que venc\u00ed a la borrelia en el 2014 (las otras co-infecciones cayeron antes), he necesitado 5 a\u00f1os para llegar a este nivel.<\/span><\/p>\n<p><span style=\"background-color: initial\">Hace a\u00f1o y medio ten\u00eda 130. Lo digo para que no desesper\u00e9is en el camino, que esto es una carrera de fondo, no los 100 metros lisos. Y dentro de las carreras de fondo la m\u00e1s dura es el marat\u00f3n, \u00bfsi?, pues eso, <b>LYME \u2248 MARAT\u00d3N.<\/b><\/span><\/p>\n<p><span style=\"background-color: initial\">Que alguien se lo diga al tonto pollas de <b>Justin Bieber<\/b>, que le va a hacer falta, por mucha pasta que tenga. Anda queeee, que vaya a ser \u00e9ste el que ponga la enfermedad de Lyme en el mapa\u2026hay que joderse, aunque sea para bien.<\/span><\/p>\n<p><span style=\"background-color: initial\">He tocado muchos palos buscando respuestas este a\u00f1o. Algunos, pel\u00edn heavies vistos a posteriori, aunque si algo he aprendido, que ya lo sab\u00edamos, es que <b>todo depende de ti.<\/b><\/span><\/p>\n<p><span style=\"background-color: initial\">Seg\u00fan sea tu proceso, tu momento, lo que necesites sanar, as\u00ed van a ser tus experiencias, no son malas, son intensas, y siempre, absolutamente siempre, te traes algo puesto que te ayuda, eso s\u00ed, puede que lo que te traigas no sea exactamente lo que t\u00fa esperabas\/cre\u00edas que iba a suceder.<\/span><\/p>\n<p><span style=\"background-color: initial\">Ja, como dije yo despu\u00e9s de un segundo retiro este a\u00f1o, \u201ctiene que haber formas m\u00e1s sencillas de follar\u201d, me explico, esto lo he sacado de aquella legendaria peli de Banderas, \u201cToo Much\u201d. Pues eso dije yo estableciendo un paralelismo, <b>\u201ctiene que haber formas m\u00e1s sencillas de resolver\u201d<\/b>, y me plant\u00e9. Hasta aqu\u00ed.<\/span><\/p>\n<p><span style=\"background-color: initial\">Mira que posteriormente me ofrecieron algo que se llama San Pedro, de gratis, y dije, ni San Pedro ni Cristo Bendito que baje del cielo. Su puta madre. Yo voy a resolver de otra manera. Por la cuenta que me trae.\u00a0<\/span><\/p>\n<p><span style=\"background-color: initial\">Que m\u00e1s\u2026 ahhh s\u00ed, cambiando de palo, <b>me di\u00f3 tiempo a irme un finde con un muchacho por ah\u00ed<\/b>, un finde completo, ojito, algo que no hab\u00eda hecho desde tiempos inmemoriales, b\u00e1sicamente porque mi estado f\u00edsico no lo permit\u00eda. Ole yo.<\/span><\/p>\n<p><span style=\"background-color: initial\">Algo que parece tan simple, no lo es. Habr\u00e1 gente que me est\u00e9 leyendo, lymers y ex &#8211; lymers, que entiendan perfectamente las dimensiones de lo que significa pasar un fin de semana con un\/a txati compartiendo full time.<\/span><\/p>\n<p><span style=\"background-color: initial\">A\u00fan as\u00ed, y casi sin querer, hice otra terapia antes de que acabase el a\u00f1o, \u00bfotraaaa?, s\u00ed, otra&#8230;.que llevaba yo mucho tiempo, a\u00f1os, detr\u00e1s de ella, y me vino as\u00ed tal cual, esas cosas que te mandan, y dices t\u00fa, ser\u00e1 que es el momento\u2026 y era. <b>Menudo meneo emocional<\/b>, eso para descansar. Muy productivo, eso s\u00ed.\u00a0<\/span><\/p>\n<p><span style=\"background-color: initial\">Pens\u00e1ndolo bien, pocas cosas de las que os hablo son aptas para todo el mundo. Ay, ama, como dicen en el Pa\u00eds Vasco.\u00a0<\/span><span style=\"background-color: initial\">Ni siquiera lo de los chicos, acordaros del roba-espejos, jajajajaja.<\/span><\/p>\n<p><span style=\"background-color: initial\">Ya hace tiempo que me estoy encontrando gente que me lee, o conocida que hablamos de nuestras cosas de vez en cuando, y cada vez m\u00e1s me dicen que s\u00ed, que han identificado algunos frentes que saben que necesitan meterles mano, peeeeeeroooooooo, deciden no hacerlo.<\/span><\/p>\n<p><span style=\"background-color: initial\">Me dicen que es mucho curro, que tiene que doler, que qu\u00e9 pereza, que no encuentran el momento, que qu\u00e9 valiente yo, etc., etc., etc. Como dice un buen amigo m\u00edo <b>\u201ca No\u00e9 le vas a hablar t\u00fa de la lluvia\u201d<\/b>, no te jode, ya s\u00e9 c\u00f3mo me dices, \u00bfno voy a saberlo?, si lo he vivido.<\/span><\/p>\n<p><span style=\"background-color: initial\">Lo que pasa es\u00a0<\/span><span style=\"background-color: initial\">lo que os digo siempre, para m\u00ed no es una opci\u00f3n por temas de salud. Y aparte de eso, <b>merece taaaaanto la pena vivir<\/b> con honestidad, con coherencia, dejarte fluir, cumplir tus sue\u00f1os, que una vez lo pruebas <b>ES QUE NO TE VALE OTRA COSA, Y PUNTO.<\/b><\/span><\/p>\n<p><span style=\"background-color: initial\">Incluso mucha gente con Lyme, que me lee, que me conoce en persona, que conoce mi historia, y a\u00fan me preguntan qu\u00e9 carajo he hecho para recuperarme tan r\u00e1pido a este nivel, cooooo\u00f1oooooo, si lo tengo todo contado en el blog, que lo has le\u00eddo, pues nada, \u00abesa parte, como que no la veo, oye\u00bb, me dicen. No la ves, porque no la quieres ver.<\/span><\/p>\n<p><span style=\"background-color: initial\">Yo como digo, si te funciona cojonudo, lo \u00abmalo\u00bb es cuando NO te funciona, o YA no te funciona\u2026Que sepas que ese d\u00eda va a llegar. Y que no es malo, es buen\u00edsimo. Jode, pero es bueno.<\/span><\/p>\n<p><span style=\"background-color: initial\"><b>Todo est\u00e1 mejor en mi vida despu\u00e9s de este 2019<\/b>. Yo me siento mucho mejor, f\u00edsica y emocionalmente. Mi sistema tambi\u00e9n est\u00e1 mucho mejor.<\/span><\/p>\n<p><span style=\"background-color: initial\">Tus propias sensaciones son los mejores indicadores para saber si has hecho las cosas bien. Las m\u00edas me dicen que lo estoy haciendo muuuuuuuy bien.<\/span><\/p>\n<p><span style=\"background-color: initial\">Me vais a permitir que a\u00f1ada otro indicador customizado, las sensaciones cuando vas pilotando tu moto, esas tambi\u00e9n han mejorado, por supuesto. Ya inclino lo mismo a derechas que a izquierdas. Locura total. Sigo yendo tiesa de cojones, peeeeerooooooo, voy mejor jejejeje. <b>Lo importante es mejorar, y la rueda de atr\u00e1s me lo dice.<\/b><\/span><\/p>\n<p>Simb\u00f3licamente: parad, bajad de la moto\/vida, y mirad durante un momento vuestra rueda de atr\u00e1s. \u00bfQu\u00e9 os dice?&#8230;..<\/p>\n<p><span style=\"background-color: initial\"><b>Copyright \u00a9 2020 Yofuiunachicalyme. Todos los derechos reservados. Para usar alguna foto \u00f3 texto, nombra la procedencia y a\u00f1ade un link al art\u00edculo original de este blog<\/b><\/span><\/p>\n<p\/><\/body><\/html><\/p>\n","protected":false},"excerpt":{"rendered":"<p>Escrito el Mi\u00e9rcoles, 15 de Enero de 2020 Feliz todo chic@s&#8230; A estas alturas de la peli, desear Feliz A\u00f1o Nuevo, como que ya no pega mucho. Igual que el t\u00edtulo de este post, me temo que tampoco pega mucho. Lo s\u00e9, \u00bfa d\u00f3nde voy yo con Cerrando el 2019, cuando ya estamos a medio &hellip; <a href=\"https:\/\/yofuiunachicalyme.com\/?p=104\" class=\"more-link\">Continue reading<span class=\"screen-reader-text\"> \u00abCerrando 2019 en 3,2,1&#8230;\u00bb<\/span><\/a><\/p>\n","protected":false},"author":4,"featured_media":0,"comment_status":"open","ping_status":"open","sticky":false,"template":"","format":"standard","meta":{"footnotes":""},"categories":[3],"tags":[],"class_list":["post-104","post","type-post","status-publish","format-standard","hentry","category-experiencias","group-blog","hfeed"],"_links":{"self":[{"href":"https:\/\/yofuiunachicalyme.com\/index.php?rest_route=\/wp\/v2\/posts\/104"}],"collection":[{"href":"https:\/\/yofuiunachicalyme.com\/index.php?rest_route=\/wp\/v2\/posts"}],"about":[{"href":"https:\/\/yofuiunachicalyme.com\/index.php?rest_route=\/wp\/v2\/types\/post"}],"author":[{"embeddable":true,"href":"https:\/\/yofuiunachicalyme.com\/index.php?rest_route=\/wp\/v2\/users\/4"}],"replies":[{"embeddable":true,"href":"https:\/\/yofuiunachicalyme.com\/index.php?rest_route=%2Fwp%2Fv2%2Fcomments&post=104"}],"version-history":[{"count":1,"href":"https:\/\/yofuiunachicalyme.com\/index.php?rest_route=\/wp\/v2\/posts\/104\/revisions"}],"predecessor-version":[{"id":276,"href":"https:\/\/yofuiunachicalyme.com\/index.php?rest_route=\/wp\/v2\/posts\/104\/revisions\/276"}],"wp:attachment":[{"href":"https:\/\/yofuiunachicalyme.com\/index.php?rest_route=%2Fwp%2Fv2%2Fmedia&parent=104"}],"wp:term":[{"taxonomy":"category","embeddable":true,"href":"https:\/\/yofuiunachicalyme.com\/index.php?rest_route=%2Fwp%2Fv2%2Fcategories&post=104"},{"taxonomy":"post_tag","embeddable":true,"href":"https:\/\/yofuiunachicalyme.com\/index.php?rest_route=%2Fwp%2Fv2%2Ftags&post=104"}],"curies":[{"name":"wp","href":"https:\/\/api.w.org\/{rel}","templated":true}]}}