{"id":107,"date":"2019-11-20T21:23:50","date_gmt":"2019-11-20T21:23:50","guid":{"rendered":"http:\/\/yofuiunachicalyme.com\/?p=107"},"modified":"2020-03-03T15:23:04","modified_gmt":"2020-03-03T15:23:04","slug":"mejor-que-nunca","status":"publish","type":"post","link":"https:\/\/yofuiunachicalyme.com\/?p=107","title":{"rendered":"Mejor que Nunca"},"content":{"rendered":"<p><html><body><\/p>\n<p><b>Escrito el Mi\u00e9rcoles, 20 de Noviembre de 2019<\/b><\/p>\n<p>Mejor que nunca es una gran frase. Adem\u00e1s me describe a las mil maravillas. Como se suele decir hoy en d\u00eda en redes sociales, <b>me representa<\/b>. Confieso, una vez m\u00e1s, que no es m\u00eda. Los que me le\u00e9is ya sab\u00e9is que soy una esponjita, me voy quedando con todo lo que resuena a mi alrededor.<\/p>\n<p>Esta es de hace poco, de antes de ayer como quien dice. Causalmente, pas\u00e9 por Antas de Ulla hace nada, de forma totalmente inesperada y sin planificar. Es el sitio donde se hace lo m\u00edo de los conciertos, como dice la gente que me conoce, jejejeje. Que, si os apetece para los que NO sep\u00e1is de lo que hablo, lo pod\u00e9is leer en otro post del blog. Buscad por <b>Festiulloa<\/b>.<\/p>\n<p>Total, que par\u00e9 a comer y de paso a saludar, y me preguntan, \u201c\u00bfqu\u00e9 tal est\u00e1s?\u201d, y antes de que yo contestase me dicen <b>\u201cmejor que nunca\u201d<\/b>, y yo, \u201cpuessss, sonrisa de oreja a oreja, la verdad es que s\u00ed\u201d, \u00abse te ve, se te ve\u00bb.<\/p>\n<p>Son de esas cosas que luego ya en la intimidad, te quedas pensando, degustando, digiriendo, tomando conciencia, ll\u00e1malo como quieras. Da que pensar. A esto a\u00f1ade que unos d\u00edas despu\u00e9s fue mi cumplea\u00f1os,<b> 7 a\u00f1itos he cumplido<\/b>. SIETE YA, que fuerte\u2026.<\/p>\n<p>Claro, <b>ando m\u00e1s revuelta que<\/b> un cuadro el\u00e9ctrico provisional en una obra (chiste de ingeniero, no espero que le haga gracia a todo el mundo). Como ser\u00e1, que la noche del cumple ya me despert\u00e9 de madrugada encontr\u00e1ndome fatal, y con la garganta y los ganglios super inflamados, nivel Top.<\/p>\n<p>Por alg\u00fan lado tiene que salir. Es incre\u00edble como el cuerpo refleja todo lo que sentimos. Da miedito.<\/p>\n<p>Tambi\u00e9n es cierto que me iba a bajar la regla, con su bajonazo de defensas correspondientes, y claro, el c\u00f3ctel perfecto para hacer una limpieza pulmonar del cop\u00f3n de la baraja. Cuando toca, toca. Eso, y que para celebrar el cumple me atic\u00e9 dos caracolas, una de chocolate y otra normal. Si dos, es que ten\u00eda mucha hambre.<\/p>\n<p>Digestivamente muy bien, todo en orden, ahora, al cuerpo en general le sentaron a cuerno quemado. \u00a1Qu\u00e9 co\u00f1o tendr\u00e1n los cereales que me sientan tan mal\u2026!. Aun no se me ha deshinchado la cara del todo, y ya ha pasado una semana, ay ama. Eso s\u00ed, que cosa m\u00e1s rica por favor. <b>Mereci\u00f3 la pena.<\/b><\/p>\n<p><b\/><\/p>\n<p><b><img decoding=\"async\" src=\"http:\/\/yofuiunachicalyme.com\/wp-content\/uploads\/2020\/02\/img-20191112-222336.jpg\"\/><\/b><\/p>\n<p\/>\n<p>Ese <i>Mejor que Nunca<\/i> se puede extender a cada una de las facetas de mi vida: f\u00edsica, mental, emocional\u2026 <b>a d\u00eda de hoy soy mi mejor versi\u00f3n<\/b>.<\/p>\n<p>Como suelo decir, tengo mucho que celebrar cada d\u00eda cuando me levanto. Pero tambi\u00e9n, y esta frase s\u00ed que es m\u00eda, me vino hace poco cuando alguien me preguntaba si estaba mejor, mi respuesta fue <b>\u201cs\u00ed, cada a\u00f1o estoy mejor, pero no estoy bien\u201d.<\/b><\/p>\n<p>Esa es la realidad. Y es dura se\u00f1oras y se\u00f1ores. Muy dura. Lo que he conseguido a d\u00eda de hoy era inimaginable hace un tiempo.<\/p>\n<p>Muchas veces cuando vengo de montar en moto, de hacer una feria, de dar una charla, de pasar una noche loca con un muchacho, o de comer alimentos prohibid\u00edsimos hasta hace poco tiempo:<\/p>\n<p>por ejemplo, casta\u00f1as, uvas, caquis, pl\u00e1tanos, un cach\u00edn de pan normal, no el corchopan que yo como habitualmente, patatas fritas de bolsa, no s\u00e9, todo eso que ahora ya me sienta bien, sin efectos secundarios, todo eso, <b>ES LA HOSTIA<\/b>.<\/p>\n<p>Y por otro lado, a\u00fan no es suficiente. Algo queda por aqu\u00ed a nivel f\u00edsico, y como no, a nivel emocional, que sigo dejando que me joda la vida. Con todo lo que he sufrido, luchado, buscado, gastado, liberado, cambiado, abandonado, llorado, \u2026 <b>A\u00daN NO ES SUFICIENTE<\/b>\u2026<\/p>\n<p>Como le dec\u00eda el otro d\u00eda a un buen amigo, <b>un proceso as\u00ed, no est\u00e1 al alcance de cualquiera<\/b>. Yo venc\u00ed a las bacterias y coinfecciones del Lyme en el 2014. Ah\u00ed lo dejo. Hace 5 a\u00f1os. Y mi parte digestiva se est\u00e1 empezando a recuperar de forma significativa AHORA. J\u00f3dete.<\/p>\n<p>La gente en general, y las personas en particular, nos resistimos a los cambios, a tomar decisiones, aunque nuestra intuici\u00f3n nos diga es por ah\u00ed, la raz\u00f3n es muy poderosa, y aplicamos inconsciente, o a veces, conscientemente, el \u201cvirgencita, que me quede como estoy\u201d.<\/p>\n<p>Eso <b>NO SUELE SER UNA BUENA IDEA<\/b>. Peeerooo, cada uno tenemos un timing, ni m\u00e1s r\u00e1pido, ni m\u00e1s lento, cada uno el suyo.<\/p>\n<p>Cuando una persona desarrolla enfermedades horribles, dur\u00edsimas, ll\u00e1mense Altzeimer, C\u00e1ncer, Depresi\u00f3n, ELA,\u00a0Enfermedades Autoinmunes, Esclerosis, Fibromialgia, Lupus,  Lyme, Parkinson, S\u00edndromes de estos raros, S\u00edndrome de Fatiga Cr\u00f3nica, etc., <b>mi experiencia me dice que lo que necesita sanar a nivel emocional es proporcional a lo que necesita sanar a nivel f\u00edsico<\/b>.<\/p>\n<p>Las he escrito en orden alfab\u00e9tico, sin m\u00e1s. No pretendo darle m\u00e1s importancia a unas que a otras. Son todas jodidas y horribles. Cuanto m\u00e1s lejos mejor.<\/p>\n<p>Bueno, pues, aun sabi\u00e9ndolo, a veces nos cuesta ponernos al l\u00edo. <b>Respect<\/b>. Como dicen en la UEFA. Lo s\u00e9 porque hubo una \u00e9poca en la que yo estuve en ese punto. <b>Forzar, obligar, NO FUNCIONA. Ha de ser tu momento. Punto.<br \/><\/b><\/p>\n<p>Afortunadamente, mi mente de ingeniero me ha ayudado much\u00edsimo en este proceso, entend\u00ed muy pronto, para lo que viene siendo la media vamos a decir, lo que ten\u00eda que hacer para sanar y recuperar mi vida.<\/p>\n<p>D\u00f3nde deb\u00eda buscar y qu\u00e9 ayuda deb\u00eda buscar, tanto a nivel f\u00edsico como emocional. Tambi\u00e9n entend\u00ed que me iba a costar la puta vida. El resto es m\u00e9rito m\u00edo por haber sido una chica fuerte, valiente, y decidida.<\/p>\n<p>Lo que ha hecho que yo cambie la silla de ruedas del 2011 (<b>ese era el nivel<\/b>), por la moto y las telas a\u00e9reas (<b>este es el nivel<\/b>) ha sido <b>MI INTUICI\u00d3N<\/b>.<\/p>\n<p>He seguido mi intuici\u00f3n, he aprendido a escuchar a mi cuerpo, y aunque desde fuera todo pareciese o parezca una puta locura, <b>HA FUNCIONADO<\/b>. Fin del report.<\/p>\n<p>Os dejo aqu\u00ed una foto que me mand\u00f3 una amiga hace una semana o dos, no m\u00e1s. <b>Zasca nivel Dios.<\/b><\/p>\n<p>Si es que cuando yo digo que me mandan las cosas la gente se r\u00ede, pero es que es cierto, no tengo ni que buscarlas en Internet. No lo interpret\u00e9is como algo personal. De hecho,<b> \u00bfa qui\u00e9n se la han mandado?<\/b>, a la nena, que bien que me jode.<\/p>\n<p>Pues eso, que era para m\u00ed. Me re\u00ed cuando la v\u00ed porque ya hace tiempo que ten\u00eda ese runrun en la cabeza, y he estado trabajando sobre ello. Al verla fue como, \u00abvenga va, que ya lo he pillado y he movido ficha. Dadme un poco de cuartelillo cabrones\u00bb. <b>Creo haber entendido el para qu\u00e9<\/b>, y me puse manos a la obra, por fin. Soy una campeona.<\/p>\n<p>La comparto porque intuyo que os puede venir bien, aunque muchos no lo sep\u00e1is. A vosotros, o quiz\u00e1s a alguien de vuestro entorno que est\u00e9 malito. Ah\u00ed lo dejo.<\/p>\n<p>Ahhh, si os molesta al leerla, es que la he clavado, y si ya os jode y\/o empez\u00e1is a despotricar por dentro algo del tipo de \u201cque mierda es esta\u201d, \u201ca esta t\u00eda cada d\u00eda se le va m\u00e1s la pinza\u201d, es que os hace mucha m\u00e1s falta de lo que cre\u00e9is. De nada.<\/p>\n<p\/>\n<p><img decoding=\"async\" src=\"http:\/\/yofuiunachicalyme.com\/wp-content\/uploads\/2020\/02\/img-20191114-231737.jpg\"\/><\/p>\n<p><\/p>\n<p\/>\n<p><b>Copyright \u00a9 2019 Yofuiunachicalyme. Todos los derechos reservados. Para usar alguna foto \u00f3 texto, nombra la procedencia y a\u00f1ade un link al art\u00edculo original de este blog<\/b><\/p>\n<p><\/body><\/html><\/p>\n","protected":false},"excerpt":{"rendered":"<p>Escrito el Mi\u00e9rcoles, 20 de Noviembre de 2019 Mejor que nunca es una gran frase. Adem\u00e1s me describe a las mil maravillas. Como se suele decir hoy en d\u00eda en redes sociales, me representa. Confieso, una vez m\u00e1s, que no es m\u00eda. Los que me le\u00e9is ya sab\u00e9is que soy una esponjita, me voy quedando &hellip; <a href=\"https:\/\/yofuiunachicalyme.com\/?p=107\" class=\"more-link\">Continue reading<span class=\"screen-reader-text\"> \u00abMejor que Nunca\u00bb<\/span><\/a><\/p>\n","protected":false},"author":4,"featured_media":0,"comment_status":"open","ping_status":"open","sticky":false,"template":"","format":"standard","meta":{"footnotes":""},"categories":[4],"tags":[],"class_list":["post-107","post","type-post","status-publish","format-standard","hentry","category-emociones","group-blog","hfeed"],"_links":{"self":[{"href":"https:\/\/yofuiunachicalyme.com\/index.php?rest_route=\/wp\/v2\/posts\/107"}],"collection":[{"href":"https:\/\/yofuiunachicalyme.com\/index.php?rest_route=\/wp\/v2\/posts"}],"about":[{"href":"https:\/\/yofuiunachicalyme.com\/index.php?rest_route=\/wp\/v2\/types\/post"}],"author":[{"embeddable":true,"href":"https:\/\/yofuiunachicalyme.com\/index.php?rest_route=\/wp\/v2\/users\/4"}],"replies":[{"embeddable":true,"href":"https:\/\/yofuiunachicalyme.com\/index.php?rest_route=%2Fwp%2Fv2%2Fcomments&post=107"}],"version-history":[{"count":1,"href":"https:\/\/yofuiunachicalyme.com\/index.php?rest_route=\/wp\/v2\/posts\/107\/revisions"}],"predecessor-version":[{"id":277,"href":"https:\/\/yofuiunachicalyme.com\/index.php?rest_route=\/wp\/v2\/posts\/107\/revisions\/277"}],"wp:attachment":[{"href":"https:\/\/yofuiunachicalyme.com\/index.php?rest_route=%2Fwp%2Fv2%2Fmedia&parent=107"}],"wp:term":[{"taxonomy":"category","embeddable":true,"href":"https:\/\/yofuiunachicalyme.com\/index.php?rest_route=%2Fwp%2Fv2%2Fcategories&post=107"},{"taxonomy":"post_tag","embeddable":true,"href":"https:\/\/yofuiunachicalyme.com\/index.php?rest_route=%2Fwp%2Fv2%2Ftags&post=107"}],"curies":[{"name":"wp","href":"https:\/\/api.w.org\/{rel}","templated":true}]}}