{"id":110,"date":"2019-08-20T16:36:18","date_gmt":"2019-08-20T16:36:18","guid":{"rendered":"http:\/\/yofuiunachicalyme.com\/?p=110"},"modified":"2020-03-03T15:23:35","modified_gmt":"2020-03-03T15:23:35","slug":"el-verano-de-cou","status":"publish","type":"post","link":"https:\/\/yofuiunachicalyme.com\/?p=110","title":{"rendered":"El Verano de COU"},"content":{"rendered":"<p><html><body><\/p>\n<p><b>Escrito el Domingo, 18 de Agosto de 2019<\/b><\/p>\n<p>Maaadre m\u00eda, dieciocho de agosto y casi sin catar la piscina, si no lo veo no lo creo. A ver, verano queda, pero lo mismo justica de tiempo voy. Y ahora es cuando yo me pregunto, \u00bfc\u00f3mo es posible?, si parece que fue ayer cuando no lo hab\u00edamos ni empezado, que me lo devuelvan. <b>\u00bfQu\u00e9 he hecho con el verano?<\/b>, \u00bfme lo he fumado, o que?.<\/p>\n<p>Pues algo as\u00ed, porque mira que soy de piscina, bueno soy m\u00e1s de playa pero en Le\u00f3n mucha playa como que no tenemos. Corrijo, tenemos algunas playas fluviales que est\u00e1n genial, pero para m\u00ed siempre sale ganando el mar.<\/p>\n<p>Pues eso, que<b> he ido una tarde, UNA TARDE<\/b>, que se dice pronto. Con lo bien que me sienta a m\u00ed el sol, me lo bebo, se ponen contentas todas y cada una de las c\u00e9lulas de mi cuerpo, es una cosaaaaa\u2026Como todas las m\u00edas, para ser estudiada por la Ciencia especializada, jajajajaja.<\/p>\n<p>El caso es que no he parado. All\u00e1 por mediados de Junio, bautic\u00e9 este verano con el t\u00edtulo de este post. Creo que la media de edad de mis followers da de sobra para NO tener que explicar lo que es\/era el COU, pero bueno, como tambi\u00e9n hay gente de fuera de Espa\u00f1a que me lee, va por ellos. <b>COU era el \u00faltimo curso del instituto, antes de empezar la Universidad.<\/b><\/p>\n<p>Todo el mundo te dec\u00eda, wow, aprovecha este verano que nunca m\u00e1s vas a tener uno igual, entendido como que la Universidad es jodida, donde vas a pillar un verano sin que haya que estudiar, trabajar, u otras responsabilidades, en tu puta vida, vamos. Y t\u00fa pensabas entonces, pues a fuego, no hay dolor.<\/p>\n<p>Y quemamos las naves, vaya si las quemamos, apenas me acordaba, la verdad, pero al hacer memoria, aquello fue un no parar de, fiesta, beber, un no pasar por casa, playa, piscina, chicos, musiquita guapa, risas, m\u00e1s fiesta, m\u00e1s chicos, y as\u00ed todo.<\/p>\n<p>Simb\u00f3licamente,<b> para m\u00ed este vuelve a ser el verano de COU<\/b>&#8211; S\u00e9 que tengo que hacer cambios en mi vida (ese \u201ctengo que\u201d est\u00e1 utilizado con conocimiento de causa), lo siento como lo que os dec\u00eda del sol, en cada c\u00e9lula de mi cuerpo.<\/p>\n<p>De hecho, ya he tomado alguna decisi\u00f3n, y otras no las he ejecutado a\u00fan porque \u00a1que pereza hacer seg\u00fan qu\u00e9 cosas en verano con este calor!, (cualquier excusa vale cuando te cuesta o no quieres hacer algo, ya vosotros sab\u00e9is). Dije, nada, que pase, lo disfruto y luego ya entramos en modo inicio de curso y al l\u00edo con todo.<\/p>\n<p>Joder con el veranito, un no parar se queda corto. Est\u00e1 siendo de un intenso, a ver, como todo lo m\u00edo, si es que\u2026ya llevo unos meses trabajando el tema de la aceptaci\u00f3n. Mi segundo apellido en esta vida es<b> In-ten-si-dad<\/b>, y quiz\u00e1s, hasta el primero. Y punto.<\/p>\n<p>Necesito aceptar que esto funciona as\u00ed, y que por mucho que yo temple, y me quiera organizar la agenda, que os aseguro que lo hago, y que lo hago muy bien, peeerooooo, la realidad es que hago muchas cosas, me salen muchas cosas, todas muy interesantes, y claro, me apetece decir que s\u00ed.<\/p>\n<p>Vivo en presente, el famoso <b>\u201cEl Poder del Ahora\u201d<\/b> funciona, pero es muy cansado, al menos con todo lo que yo a\u00fan traigo conmigo. Pero mucho, mucho. Y eso sin dejarme arrastrar como en otros tiempos, quita, quita, eso ya es\u2026mortal de necesidad.<\/p>\n<p>Teniendo en cuenta que necesito dormir 10 horas al d\u00eda (s\u00ed, ya os lo hab\u00eda dicho, duermo m\u00e1s de seguido que el gat\u00edn), por cierto, estoy escribiendo desde la cama, y \u00e9l est\u00e1 durmiendo acurrucado a mis pies, comestible total que dir\u00eda una amiga. Sigo.<\/p>\n<p>Teniendo tambi\u00e9n en cuenta que necesito para comer m\u00e1s o menos 5-6 horas al d\u00eda, ni pregunt\u00e9is; pues eso que ya me he pulido diecis\u00e9is horas al dia, otra para aseo personal, hay d\u00edas que m\u00e1s, que cuando toca lavar esta melenaza que tengo y sacar los rizos a pasear, se lleva un pel\u00edn de tiempo, nunca mejor dicho. Total que me quedan siete. <b>\u00bfQui\u00e9n da m\u00e1s?, o mejor dicho, \u00bfqui\u00e9n da menos?&#8230; <\/b><\/p>\n<p>Si le a\u00f1ades que voy al fisio de vez en cuando; al pod\u00f3logo de Pascuas a Ramos pero voy; a yoga; a las telas; a la m\u00e1quina de bio-resonancia; salir con la moto; hacerle caso al gato (importante), antes no hab\u00eda gato y la situaci\u00f3n ya era la misma.<\/p>\n<p>Hacerle algo de mantenimiento a la moto que se ensucian, t\u00fa no sabes; y la cadena, que hay que engrasarla, aun as\u00ed tengo la moto que ya quisieran el suelo de la cocina y los ba\u00f1os, nada que ver, jajajajaja; que m\u00e1s, ahhh s\u00ed, ir a la pelu, a te\u00f1ir al menos, que ya tenemos una edad.<\/p>\n<p>Escribir el blog; contestar a la gente que me contacta; hacer alg\u00fan evento con Lola de Tacones, ya los menos; ir a alguna concentraci\u00f3n de motos, hombreee, como no, he dejado de hacer mercados este verano por este motivo, que algo tambi\u00e9n hay que vivir joder, c\u00f3mo me dijo una, si te lo puedes permitir, y mi respuesta fue,<b> no s\u00e9 si me lo puedo permitir<\/b> o no hablando en t\u00e9rminos econ\u00f3micos, <b>pero lo voy a hacer.<\/b><\/p>\n<p>Salir a caminar; ocuparme del tema chicos, este es importante, confieso que me he tenido que quitar porque, porque, porque, bueno, eso os lo cuento en otro post mejor, Se\u00f1or, lo que circula por ah\u00ed; trabajar con Ringana; hacer alg\u00fan mercado o feria, etc., etc., etc\u2026.<\/p>\n<p>Alguna entrevista de trabajo he hecho; enviar Cv\u00b4s, y luego los \u00abmandaos\u00bb que van saliendo del d\u00eda a d\u00eda. C\u00f3mo no voy a estar cansadina, estoy reventada, que no es lo mismo.<b> Yo, y seguramente cualquiera que hiciese todo lo que yo hago, comiendo lo que yo como.<\/b><\/p>\n<p>Mi frase de los \u00faltimos tiempos es<b> \u201cme estoy quitando\u201d,<\/b> me preguntan \u201c\u00bfde qu\u00e9?\u201d, l\u00f3gicamente, y mi respuesta es<b> \u201cdel no parar que llevo encima\u201d.<\/b><\/p>\n<p>F\u00edjate que hace unos meses, me encuentro en la puerta de casa con un vecino, \u00e9l estaba tomando algo en una terraza, me invit\u00f3 a sentarme y dije \u00bfpor qu\u00e9 no?, no pens\u00e9is mal, \u00e9l estaba esperando a su mujer, as\u00e9ptico total. En un momento dado me pregunt\u00f3 <b>\u201c\u00bfqu\u00e9 haces en tu tiempo libre?\u201d<\/b>, y me sorprend\u00ed, porque no tengo la sensaci\u00f3n para nada de tener tiempo libre.<\/p>\n<p><b>Siempre estoy haciendo cosas. <\/b>Me acojon\u00e9 de verdad, porque, adem\u00e1s, pens\u00e1ndolo bien, esto es as\u00ed desde hace a\u00f1os, quiz\u00e1s, siempre ha sido as\u00ed, simplemente se ha visto agudizado en los \u00faltimos a\u00f1os por la enfermedad y todo lo que acarreaba, y ahora por los restos de la cola del cometa.<\/p>\n<p>Cuando quedo con alguien a tomar algo, o voy a una comida o una cena, con amigos, o salgo con la moto, mi sensaci\u00f3n no es de ocio, que pod\u00eda serlo, es m\u00e1s como de haber hecho un par\u00e9ntesis entre todos los \u00abmandaos\u00bb, paro un poco pero enseguida contin\u00fao.<\/p>\n<p>Me lo permito, s\u00ed, cosa que antes no hac\u00eda, y mucho menos a costa de que se me descuadren planes y\/o horarios, pero es como si me lo permitiese con la boca peque\u00f1a, <b>sabiendo que voy a pagar un peaje despu\u00e9s.<\/b><\/p>\n<p>Lo que acaba de salir. \u201cQuietos paraos\u201d que decimos en mi pueblo. Esto es importante.<\/p>\n<p>\u2026\u2026\u2026\u2026\u2026\u2026\u2026\u2026\u2026\u2026\u2026\u2026\u2026\u2026\u2026\u2026\u2026\u2026\u2026\u2026\u2026\u2026\u2026\u2026\u2026\u2026\u2026\u2026\u2026\u2026\u2026\u2026\u2026\u2026\u2026\u2026\u2026\u2026\u2026\u2026 <\/p>\n<p>Joder, joder, y joder. Vaya una mierda.<\/p>\n<p>Supongo que tiene que ver con el merecimiento, lo he trabajado en tiempos, pero parece que no lo suficiente, uhm, interesante. Porque todo esto son sensaciones,<b> dependen \u00fanica y exclusivamente de mi perspectiva, y esa, esa la puedo cambiar<\/b>. Como todo o casi todo lo que necesitamos resolver en esta vida, la responsabilidad es de cada uno.<\/p>\n<p>No es lo que nos hacen los dem\u00e1s, es lo que dejamos que los dem\u00e1s nos hagan. No son las situaciones en las que nos vemos envueltos, es c\u00f3mo manejamos nosotros esas situaciones. Hala, como no ten\u00eda nada que hacer, esto para cuando tenga un rato, ya si eso, jejejejjeje.<\/p>\n<p><b>Cierto es que a m\u00ed me va la marcha, y mucho.<\/b> Pod\u00eda hacer pilates aqu\u00ed en el pueblo, ir al spa, y poco m\u00e1s, que ya estar\u00eda muy bien.<\/p>\n<p>Pues no, lo que a m\u00ed me sale de dentro es ir a yoga a un centro especializado fuera del pueblo, vamos que te demanda m\u00e1s tiempo para ir y volver; hacer telas a\u00e9reas tambi\u00e9n fuera del pueblo, otro poco m\u00e1s de tiempo y mucho m\u00e1s de esfuerzo f\u00edsico, que me compensa de lejos, S\u00cd, que consume m\u00e1s recursos, tambi\u00e9n; andar en moto en lugar de hacer macram\u00e9 por ejemplo, y as\u00ed todo, todo, y todo.<\/p>\n<p>En esto tambi\u00e9n he estado trabajando \u00faltimamente. Por alg\u00fan motivo que a\u00fan desconozco mi proyecto de vida necesita estas variables, no s\u00e9 si para siempre, o para esta temporada, jajajajaja, a qui\u00e9n quiero enga\u00f1ar, pinta m\u00e1s para lo primero que para lo segundo.<\/p>\n<p>En cualquier caso, una vez entendido, es m\u00e1s f\u00e1cil de llevar, y de templar. Casualidad no es, que ya lo sabemos, porque pr\u00e1cticamente casi todas, por no decir todas las personas que conozco que han pasado o est\u00e1n pasando por un Lyme cr\u00f3nico, compartimos este perfil, ergo, algo hay ah\u00ed. Pongo la mano en el fuego a riesgo de que me quemen en la hoguera. \u00bfHe o\u00eddo quemar?, vamos al l\u00edo.<\/p>\n<p>Tengo una an\u00e9cdota muy graciosa, que no tiene mucho que ver con la parte profunda de este post, pero s\u00ed con un verano divertido, o sea, que algo apropiada si es. <b>Para vuestro uso y disfrute.<\/b><\/p>\n<p>Resulta que tengo una boda en Septiembre, me hace mucha ilusi\u00f3n ir porque es de una muy buena amiga m\u00eda, alguien a quien aprecio, es todo glamour, en serio, no bromeo.<\/p>\n<p>Soy dama de honor, hay \u00abdress-code\u00bb, es en la playa, quiero decir, en la arena de la playa, y adem\u00e1s, me han pedido que hable en la ceremonia, Diosssss, \u00bfque m\u00e1s se puede pedir?, \u00bfque haya alg\u00fan soltero disponible?, no s\u00e9 me ocurre m\u00e1s nada, jajajajaja.<\/p>\n<p>A ver d\u00f3nde voy a trincar yo algo con tanto glamour a estas alturas de la pel\u00edcula que ya no se casa ni Blas. Por el tema de la pasta, me he pillado el vestido en una web china de esas que hasta que no te llega no sabes qu\u00e9 co\u00f1o has comprado porque cualquier parecido con la realidad puede ser mera coincidencia, como dicen en las pelis de A3. Y adem\u00e1s lo he pillado de los baratos, <b>\u00bfqu\u00e9 pod\u00eda salir bien?.<\/b><\/p>\n<p>Pens\u00e9 yo, como estoy tan bien remat\u00e1, cualquier cosita que me ponga va a quedar vistosa. Total que el vestido ha llegado y bien, muy bien, est\u00e1 hecho para m\u00ed, pero claro, la tela buena, buena, no es, y el patronaje tampoco, lo que se traduce en que transparenta un poco, y marca otro poco<\/p>\n<p> Resultado, he probado toooda la ropa interior que tengo, y no la puedo llevar porque o marca, o transparenta, tangas de hilo inclusive. \u00bfQu\u00e9 hacer?, ir a comprar algo, obvio.<\/p>\n<p><b>Me han costado m\u00e1s las bragas que el vestido<\/b>. S\u00ed, el que no se est\u00e9 descojonando ya puede empezar. Esto me pasa por rata.<\/p>\n<p>Si hubiera comprado algo un poco m\u00e1s curios\u00edn, en la propia web, o de segunda mano, pues f\u00e1cil que hubiese podido apa\u00f1ar con algo de la ropa interior que tengo que tengo. Mira, mira, mira.<\/p>\n<p>Y s\u00ed, pod\u00eda ir a escape libre, claaaro, pero es que el vestido lleva una raja por delante, que con estas piernas largas que tengo, me va pel\u00edn alta, y en una curva a derechas como apure la frenada puedo ense\u00f1ar lo m\u00e1s grande a toda la boda. Y a tomar por culo todo el glamour. Qu\u00e9 necesidad&#8230;<\/p>\n<p><b>Aprendizaje: <\/b>PIENSA EN ABUNDANCIA, evita pensar en escasez porque a la larga te puede costar m\u00e1s.<\/p>\n<p>Me merezco el zasca. Me jode, pero me lo merezco. Ahora, que levante la mano el que no tenga alguna historia similar con la misma moraleja. Muchas manos veo yo por ah\u00ed. Venga va, lo mismo, pero ahora sin mentir, cabrones\u2026. <\/p>\n<p><b>Copyright \u00a9 2019 Yofuiunachicalyme. Todos los derechos reservados. Para usar alguna foto \u00f3 texto, nombra la procedencia y a\u00f1ade un link <\/b><\/p>\n<p><\/body><\/html><\/p>\n","protected":false},"excerpt":{"rendered":"<p>Escrito el Domingo, 18 de Agosto de 2019 Maaadre m\u00eda, dieciocho de agosto y casi sin catar la piscina, si no lo veo no lo creo. A ver, verano queda, pero lo mismo justica de tiempo voy. Y ahora es cuando yo me pregunto, \u00bfc\u00f3mo es posible?, si parece que fue ayer cuando no lo &hellip; <a href=\"https:\/\/yofuiunachicalyme.com\/?p=110\" class=\"more-link\">Continue reading<span class=\"screen-reader-text\"> \u00abEl Verano de COU\u00bb<\/span><\/a><\/p>\n","protected":false},"author":4,"featured_media":0,"comment_status":"open","ping_status":"open","sticky":false,"template":"","format":"standard","meta":{"footnotes":""},"categories":[7],"tags":[],"class_list":["post-110","post","type-post","status-publish","format-standard","hentry","category-chicos","group-blog","hfeed"],"_links":{"self":[{"href":"https:\/\/yofuiunachicalyme.com\/index.php?rest_route=\/wp\/v2\/posts\/110"}],"collection":[{"href":"https:\/\/yofuiunachicalyme.com\/index.php?rest_route=\/wp\/v2\/posts"}],"about":[{"href":"https:\/\/yofuiunachicalyme.com\/index.php?rest_route=\/wp\/v2\/types\/post"}],"author":[{"embeddable":true,"href":"https:\/\/yofuiunachicalyme.com\/index.php?rest_route=\/wp\/v2\/users\/4"}],"replies":[{"embeddable":true,"href":"https:\/\/yofuiunachicalyme.com\/index.php?rest_route=%2Fwp%2Fv2%2Fcomments&post=110"}],"version-history":[{"count":1,"href":"https:\/\/yofuiunachicalyme.com\/index.php?rest_route=\/wp\/v2\/posts\/110\/revisions"}],"predecessor-version":[{"id":279,"href":"https:\/\/yofuiunachicalyme.com\/index.php?rest_route=\/wp\/v2\/posts\/110\/revisions\/279"}],"wp:attachment":[{"href":"https:\/\/yofuiunachicalyme.com\/index.php?rest_route=%2Fwp%2Fv2%2Fmedia&parent=110"}],"wp:term":[{"taxonomy":"category","embeddable":true,"href":"https:\/\/yofuiunachicalyme.com\/index.php?rest_route=%2Fwp%2Fv2%2Fcategories&post=110"},{"taxonomy":"post_tag","embeddable":true,"href":"https:\/\/yofuiunachicalyme.com\/index.php?rest_route=%2Fwp%2Fv2%2Ftags&post=110"}],"curies":[{"name":"wp","href":"https:\/\/api.w.org\/{rel}","templated":true}]}}