{"id":120,"date":"2018-12-30T22:21:16","date_gmt":"2018-12-30T22:21:16","guid":{"rendered":"http:\/\/yofuiunachicalyme.com\/?p=120"},"modified":"2020-03-03T15:24:27","modified_gmt":"2020-03-03T15:24:27","slug":"vivir-en-provincias","status":"publish","type":"post","link":"https:\/\/yofuiunachicalyme.com\/?p=120","title":{"rendered":"Vivir en Provincias"},"content":{"rendered":"<p><html><body><\/p>\n<p\/>\n<p><b>Escrito el Martes, 26 de Diciembre de 2018<\/b><\/p>\n<p><b>Me encanta vivir en provincias<\/b>. Mucho m\u00e1s que vivir en la capital. Hay gente que todav\u00eda me pregunta si echo de menos Madrid, y <b>la respuesta es NO<\/b>, pero es que es as\u00ed desde el mismo d\u00eda que hice la mudanza.<\/p>\n<p>Este a\u00f1o he viajado much\u00edsimo. Entre el ocio y el negocio tengo m\u00e1s pegatinas que el ba\u00fal de la Piquer, que se dec\u00eda antiguamente. Ahora con esa mierrrrrrdaaa, digooooo, con eso de #MadridCentral se te quitan las ganas.<\/p>\n<p>En lugar de quedar en el centro ahora vamos a quedar en el extrarradio. El puto mundo al rev\u00e9s. Con el tiempo habr\u00e1 que hacer #LasRozasCentral, #VallekasCentral, y as\u00ed todo. La verdad es que <b>#M\u00f3stolesCentral<\/b> ya existe, jajajajajaja, pero es una estaci\u00f3n de Metro, no liarse. Cada vez que voy a Madrid me pregunto, <b>\u00bfc\u00f3mo co\u00f1o he podido vivir as\u00ed 20 a\u00f1os?<\/b>, \u00a1qu\u00e9 puta locura!. <b>Normalizamos cosas que no son normales,<\/b> pero para nada.<\/p>\n<p>Y eso que yo cuando voy ahora, me muevo en horarios que no suele haber atascos, pero a veces se me olvida donde estoy, me despisto, y cometo la locura de meterme en la M40 a las 19:00 un d\u00eda de diario; eso NO es una buena idea, ya os lo digo yo. Es m\u00e1s barato y m\u00e1s c\u00f3modo ir a Madrid un fin de semana al teatro, al f\u00fatbol, a ver lo que sea, que vivir all\u00ed. De lejos.<\/p>\n<p>En provincias, como yo digo, el ritmo es otro, nada que ver. No hay atascos, y cuando digo esto, quiero decir que <b>nunca hay atascos<\/b>. La gente se pone nerviosa si tiene tres coches delante en una rotonda, me da la risa, no son conscientes de lo afortunados que somos, ellos y yo. Llegas y aparcas casi que en la puerta. Al principio de estar aqu\u00ed me sobraban 20 minutos m\u00ednimo a cada sitio que iba en coche, claro, porque sal\u00eda con el timing de Madrid. Un descojone vamos.<\/p>\n<p>No s\u00e9 si en esta vida me va a dar tiempo para aprender a conjugar el verbo <b>ABURRIR<\/b> en primera persona del singular. Me veo justica de tiempo, os advierto. Hay m\u00e1s cosas en el pueblo de las que a m\u00ed me da tiempo a ir, la v\u00edrgen. A las excursiones de monta\u00f1a, por ejemplo.<\/p>\n<p>A \u00e9stas a\u00fan no les ha tocado porque claro, te tienes que apuntar con antelaci\u00f3n y madrugar much\u00edsimo, en mi caso m\u00e1s a\u00fan por la comida. Paso. Que est\u00e1n bien, fijo que s\u00ed, peeeeerooooo, y si me sale plan con un chico guapo el d\u00eda anterior, o ese mismo d\u00eda, \u00bfqu\u00e9&#8230;.?, esto es cuesti\u00f3n de prioridades queridos, la monta\u00f1a puede esperar, que de ah\u00ed no marcha, en cambio el chico, ja, ya puedes espabilar, ya.<\/p>\n<p>O igual amanece un d\u00eda cojonudo para salir en moto, y yo en la monta\u00f1a, que s\u00ed, pero que ahora no. Que lo de la monta\u00f1a lo tengo trabajado, pero lo de la moto no tanto. Lo dicho, es cuesti\u00f3n de prioridades. Sinceramente, es que <b>solo le veo ventajas a vivir en un pueblo<\/b>. La verdad es que el m\u00edo es cojonudo, todo hay que decirlo.<\/p>\n<p>Otro ejempl\u00edn, pongo un pi\u00e9 en la calle y me sobran los bares para ver las motos, vamossss, igualito que en Madrid, las excursiones que me ten\u00eda que hacer, si llegabas cansada al bar, vamos hombre, no me jodas; as\u00ed no prestaba ni la mitad.<\/p>\n<p>Otro ejemplo muy gr\u00e1fico. Este lunes pasado que era Nochebuena, yo a\u00fan no hab\u00eda comprado mi cena. S\u00ed, apurando la frenada que no veas. El d\u00eda que apure tanto con la moto, me habr\u00e9 ganado los galones. <b>Total, d\u00eda de Nochebuena a las 12:00 de la ma\u00f1ana, sale la menda lerenda de casa a comprarse la cena<\/b>.  Abr\u00edan todo hasta las 14:00. Con dos cojones y un palo.<\/p>\n<p>Oye, pues encontr\u00e9 todo lo que buscaba en el mismo sitio, no tuve que cambiar el men\u00fa. Adem\u00e1s, apenas hab\u00eda gente, que yo pensaba, para t\u00ed tienes. Que va, no hab\u00eda casi nadie, del tir\u00f3n. Es m\u00e1s, atenci\u00f3n, me di\u00f3 tiempo a comprar dos de los regalos de Reyes que me faltaban, no uno no, dos. Y todo eso, <b>CAMINANDO<\/b>. \u00bfC\u00f3mo lo veis?, superior que se dice por aqu\u00ed.<\/p>\n<p>Ahhh, que sep\u00e1is, que me auto-regal\u00e9 la cena de Nochebuena, es decir, <b>cocin\u00e9 por primera vez en algo m\u00e1s de seis a\u00f1os.<\/b> \u00a1Ole yo!, ya sab\u00e9is que no soporto la dieta que necesito hacer, bueno ni yo, ni nadie. Me aborrece sobremanera entrar en una cocina, si pudiese tomar una pastilla por la ma\u00f1ana y no tener que comer absolutamente nada m\u00e1s en todo el puto d\u00eda, ser\u00eda feliz.<\/p>\n<p><b>Como por obligaci\u00f3n; como lo que como por obligaci\u00f3n y porque, es lo que me permite hacer todo lo que hago,<\/b> pero, si por un momento, sintiese que lo puedo mandar todo a tomar por el culo, lo har\u00eda. Sin ninguna duda. Hacerlo, lo voy a hacer, lo s\u00e9, a\u00fan no es el momento pero llegar\u00e1 el d\u00eda, y lo mejor es que os lo voy a contar.<\/p>\n<p>Mi relaci\u00f3n con la comida es tensa. Procuro no pensarlo y simplemente, como, esp\u00edritu de supervivencia pura y dura. Esmerarme en hacer una cena rica para m\u00ed, sinceramente, ya no lo recordaba. Ni para m\u00ed, ni para nadie. C\u00f3mo ser\u00e1 la cosa que volv\u00eda mi family y me dicen, \u201ct\u00fa no te preocupes que si llegamos a comer ya vamos a comprar para nosotros\u201d, \u201cno, si preocupada no estoy en absoluto, vosotros mismos, <b>de lo que hay en casa, no falta de nada<\/b>\u201d.<\/p>\n<p>Qu\u00e9 parte no has entendido de&#8230;&#8230; me cuesta trabajo ir a comprar comida para m\u00ed, voy a ir a comprar para los dem\u00e1s que pueden comer de todo, incluso un men\u00fa a la vuelta de la esquina que hay un restaurante. S\u00e9 que necesito trabajar emocionalmente en ese sentido. Esto ha sido un gran avance.<\/p>\n<p>Os digo el men\u00fa para poner los dientes largos a los compis que tambi\u00e9n tengan restricciones culinarias, que sep\u00e1is que <b>todo llega, no te lo regalan, pero llega<\/b>. A saber, caldo, ensalada de escarola con berberechos y jengibre, <b>pavo al horno acompa\u00f1ado de manzana asada y pur\u00e9 de casta\u00f1as<\/b>, y de postre un bomb\u00f3n.<\/p>\n<p>No hay nada m\u00e1s rico para m\u00ed en el mundo mundial que una manzana reineta asada, sola sin nada m\u00e1s, mira que me van fatal, pero un d\u00eda es un d\u00eda. Incluso Dios descans\u00f3 el Domingo, pues nosotros tambi\u00e9n, ea&#8230;<\/p>\n<p>Os pongo una foto para que ve\u00e1is la pintaza que tenia, y lo rico que estaba. Ahhh, las pirulas varias que se ven en la foto son las de siempre, esas no eran especiales de Navidad, ni nada, jejejeje. Pirulas=pastillas, por si hiciera o hiciese falta la aclaraci\u00f3n.<\/p>\n<p\/>\n<p><img decoding=\"async\" src=\"http:\/\/yofuiunachicalyme.com\/wp-content\/uploads\/2020\/02\/1546270301_img-20181224-wa0029-1.jpg\"\/><\/p>\n<p><\/p>\n<p\/>\n<p>Ahhh, otra cosita, cen\u00e9 con agua como veis en la foto, no me gusta el vino con la comida.<b> Ir de vinos s\u00ed, pero comer con vino no<\/b>. Man\u00edas supongo, no s\u00e9, le cambia el sabor a la comida, o eso me parece a m\u00ed. Pero no sufr\u00e1is, que <b>los vinos me los traje puestos antes de cenar<\/b>. Maadrem\u00ediiia, claro, a ver, que lo que yo como no empapa, y como estoy tan limpita por dentro, soy de un agradecido que no veas. Vamos, que el tercer vino ya me estaba sobrando.<\/p>\n<p>C\u00f3mo ser\u00eda la cosa, que fuimos a un bar que han abierto nuevo a fisgarlo o cucearlo que decimos por aqu\u00ed, y hoy me preguntaban si me hab\u00eda gustado, joder pues no lo s\u00e9, porque dentro estuve, pero fijarme, fijarme, casi que no.<\/p>\n<p>Nada m\u00e1s entrar me encontr\u00e9 a un amiguete de las motos, entre que yo ya iba fina, y que empezamos a hablar de nuestras cosas, ni puta idea de c\u00f3mo est\u00e1 decorado el bar. Me dijeron que las banquetas eran de pl\u00e1stico del Ikea, qu\u00e9 fuerte, \u00bft\u00fa viste las banquetas?, pues yo tampoco. No s\u00e9 qu\u00e9 de unas tablas que hacen de decoraci\u00f3n, \u00bft\u00fa viste esas tablas?, pues yo tampoco.<\/p>\n<p>A ver, que yo soy una profesional, hay que estar a lo que hay que estar y punto. Resumiendo, que habr\u00e1 que volver por ver el bar, jejejejeje&#8230;.<\/p>\n<p><b>Los vinos de Nochebuena y Nochevieja son un cl\u00e1sico aqu\u00ed<\/b>. Mira, a los del 31 a\u00fan lleg\u00e1is, bueno, es que este post lo iba a\u00a0 haber publicado antes, pero esto de vivir en presente es un no parar. Por si acaso una aclaraci\u00f3n, a ver si me va a pasar como en la boda de Lolita, jajajajajaja. Invitados no est\u00e1is, \u00bfehhh?. Aqu\u00ed se va a rondas o a escote.<\/p>\n<p>Me pas\u00f3 otra cosa muy divertida ese d\u00eda. La verdad es que, <b>a lo tonto, a lo tonto, ha sido una gran Nochebuena<\/b>. En ese bar me encontr\u00e9 con un chaval que conozco y nos estuvimos saludando. Sin m\u00e1s. El caso es que sal\u00ed luego por la noche por cumplir un objetivo, ahora os cuento.<\/p>\n<p>Y cuando estoy en un bar all\u00e1 a las 02:00 am, me tocan en el hombro, me giro, y era el mismo chaval que me dice, <b>\u201cpero t\u00fauuu qu\u00e9, \u00bfno tienes casa?<\/b>\u201d, jajajajaja, mi respuesta fue, <b>\u201c\u00bfy t\u00fa?\u201d<\/b>, me encant\u00f3, alguien tiene que hacerlo, \u00bfverdad?. Ahora que se puedeee.<\/p>\n<p>El caso es que ver\u00e9is. Esto viene porque hace a\u00f1os cuando trabajaba en Madrid en Ingenier\u00eda, empez\u00f3 a venir mucha gente de Venezuela huyendo del caos y del desastre que tienen all\u00ed. Pobre gente. Os hablo del a\u00f1o 2010 mas menos. Ten\u00eda muchos compa\u00f1eros venezolanos, muy buena gente.<\/p>\n<p>Un d\u00eda nos met\u00edamos con ellos, en el fondo era envidia, porque en un a\u00f1o, o a\u00f1o y medio hab\u00edan estado en los t\u00edpicos\/t\u00f3picos acontecimientos famos\u00edsimos que tenemos en Espa\u00f1a, a saber: hab\u00edan ido a las Fallas, a los Sanfermines, a la Semana Santa Sevillana, hab\u00edan comido las uvas en la Puerta del Sol el d\u00eda 31 de Diciembre, hab\u00edan estado en el Camp Nou, en el Bernabeu, en el Vicente Calder\u00f3n, y no s\u00e9 cuantas cosas m\u00e1s&#8230;<\/p>\n<p>Alucinante, as\u00ed que les dec\u00edamos con cari\u00f1o y ellos delante <b>\u201cjodidos venezolanos, no se pierden una\u201d.<\/b><\/p>\n<p>Yo personalmente, ni Fallas, ni Sanfermines, ni Semana Santa Sevillana, ni uvas en Sol, que tiene delito la cosa, lo s\u00e9. Y entonces entend\u00ed, <b>cuando yo pueda<\/b>, porque ya estaba jodidina en aquella \u00e9poca, <b>voy a hacer esas cosas<\/b>. Al menos haber estado una vez en la vida, luego ya si eso, con no volver, listo. <b>A\u00fan no he ido a esos sitios, pero porque he ido a otros<\/b>. Ajaj\u00e1. Se acerca el momento.<\/p>\n<p>Me d\u00ed cuenta de que tambi\u00e9n hay otros objetivos m\u00e1s tangibles. Me voy a ir a Navarra por decir uno, a tomar por culo de Le\u00f3n, y no he salido de fiesta un d\u00eda de Nochebuena en un pueblo de a 10 kms de aqu\u00ed que es super tradici\u00f3n y se monta una timba de padre y muy se\u00f1or m\u00edo ese d\u00eda. Vamos a llamarle<b> \u201cel pueblo de la Mavi\u201d<\/b>. Total que dije, para all\u00e1 que me voy. Y fu\u00ed. Ah\u00ed fue donde me encontr\u00f3 el muchacho.<\/p>\n<p><b>Objetivo cumplido, tachado de la lista.<\/b> Que una cosa os digo, que bien hubiera estado yo durmiendo. Reiros, reiros. Si es que se me meten unas cosas en la cabeza, que yo no s\u00e9, pero una vez que me vienen es importante para m\u00ed hacerlas. S\u00ed, estoy de acuerdo, <b>esto TAMBI\u00c9N me lo voy mirar<\/b>.<\/p>\n<p>No os doy detalles porque \u00bfpara qu\u00e9?, bueno s\u00ed, alguien tiene que contarlo, por si hay alg\u00fan paisano o paisana ley\u00e9ndome, que no vaya, repito, que no vaya.<\/p>\n<p>El \u201cganao\u201d que hab\u00eda all\u00ed, porque aquello era \u201cganao\u201d, ellos y ellas, que mieeeeeeerrrrrrrrrrda de m\u00fasica, que mieeeeeeerrrrrrrrrda de copa me pusieron. A\u00f1ado que la mitad del bar pod\u00edan ser mis hijos por edad, y la otra mitad, pod\u00edan ser mis padres. Tampoco fui con la gente adecuada, mira, mira, mira, un pleno al 15.<\/p>\n<p><b>Que cansado es cumplir objetivos,<\/b> t\u00fa no sabes, si es que, te crees que tienes 40, y ya no.<\/p>\n<p>En fin, os iba a felicitar las fiestas con una frase, pero va a ser con otra, sal\u00eds ganando, os advierto. <b>Es tal cual lo que yo estoy haciendo ahora, bueno, ya hace un tiempo, y me va tan bien, que no puedo dejar de compartirlo<\/b>.<\/p>\n<p\/>\n<p><img decoding=\"async\" src=\"http:\/\/yofuiunachicalyme.com\/wp-content\/uploads\/2020\/02\/img-20181227-190756-1.jpg\"\/><\/p>\n<p><\/p>\n<p\/>\n<p><b>Copyright \u00a9 2018 Yofuiunachicalyme. Todos los derechos reservados. Para usar alguna foto \u00f3 texto, nombra la procedencia y a\u00f1ade un link al art\u00edculo original de este blog<\/b><\/p>\n<p><\/body><\/html><\/p>\n","protected":false},"excerpt":{"rendered":"<p>Escrito el Martes, 26 de Diciembre de 2018 Me encanta vivir en provincias. Mucho m\u00e1s que vivir en la capital. Hay gente que todav\u00eda me pregunta si echo de menos Madrid, y la respuesta es NO, pero es que es as\u00ed desde el mismo d\u00eda que hice la mudanza. Este a\u00f1o he viajado much\u00edsimo. Entre &hellip; <a href=\"https:\/\/yofuiunachicalyme.com\/?p=120\" class=\"more-link\">Continue reading<span class=\"screen-reader-text\"> \u00abVivir en Provincias\u00bb<\/span><\/a><\/p>\n","protected":false},"author":4,"featured_media":0,"comment_status":"open","ping_status":"open","sticky":false,"template":"","format":"standard","meta":{"footnotes":""},"categories":[3],"tags":[],"class_list":["post-120","post","type-post","status-publish","format-standard","hentry","category-experiencias","group-blog","hfeed"],"_links":{"self":[{"href":"https:\/\/yofuiunachicalyme.com\/index.php?rest_route=\/wp\/v2\/posts\/120"}],"collection":[{"href":"https:\/\/yofuiunachicalyme.com\/index.php?rest_route=\/wp\/v2\/posts"}],"about":[{"href":"https:\/\/yofuiunachicalyme.com\/index.php?rest_route=\/wp\/v2\/types\/post"}],"author":[{"embeddable":true,"href":"https:\/\/yofuiunachicalyme.com\/index.php?rest_route=\/wp\/v2\/users\/4"}],"replies":[{"embeddable":true,"href":"https:\/\/yofuiunachicalyme.com\/index.php?rest_route=%2Fwp%2Fv2%2Fcomments&post=120"}],"version-history":[{"count":1,"href":"https:\/\/yofuiunachicalyme.com\/index.php?rest_route=\/wp\/v2\/posts\/120\/revisions"}],"predecessor-version":[{"id":282,"href":"https:\/\/yofuiunachicalyme.com\/index.php?rest_route=\/wp\/v2\/posts\/120\/revisions\/282"}],"wp:attachment":[{"href":"https:\/\/yofuiunachicalyme.com\/index.php?rest_route=%2Fwp%2Fv2%2Fmedia&parent=120"}],"wp:term":[{"taxonomy":"category","embeddable":true,"href":"https:\/\/yofuiunachicalyme.com\/index.php?rest_route=%2Fwp%2Fv2%2Fcategories&post=120"},{"taxonomy":"post_tag","embeddable":true,"href":"https:\/\/yofuiunachicalyme.com\/index.php?rest_route=%2Fwp%2Fv2%2Ftags&post=120"}],"curies":[{"name":"wp","href":"https:\/\/api.w.org\/{rel}","templated":true}]}}