{"id":142,"date":"2018-07-12T21:18:47","date_gmt":"2018-07-12T21:18:47","guid":{"rendered":"http:\/\/yofuiunachicalyme.com\/?p=142"},"modified":"2020-03-03T15:16:37","modified_gmt":"2020-03-03T15:16:37","slug":"habemus-a2","status":"publish","type":"post","link":"https:\/\/yofuiunachicalyme.com\/?p=142","title":{"rendered":"Habemus A2"},"content":{"rendered":"<p><html><body><\/p>\n<p><b>Escrito el Jueves, 12 de Julio de 2018<\/b><\/p>\n<p>Ni os imagin\u00e1is las ganas que ten\u00eda de escribir este post. Por fin, ha llegado el d\u00eda. El gran d\u00eda. Que co\u00f1o, mejor en may\u00fasculas, que la ocasi\u00f3n lo merece,<b> EL GRAN D\u00cdA<\/b>. Ayer aprob\u00e9 el \u00faltimo examen del carn\u00e9 de moto, el A2. Yo no s\u00e9 si feliz se me queda corto para describir como me siento, s\u00ed, un poco corto se me queda. Vamos a dejarlo en <b>FELIZ, MUY FELIZ<\/b>.<\/p>\n<p>Los followers, os acordar\u00e9is que os cont\u00e9 las primeras peripecias de las pr\u00e1cticas all\u00e1 por Enero, post memorable por cierto. No es que lo haya dejado entre medias y luego lo haya retomado, no, lo he hecho del tir\u00f3n. <b>No descojonarse antes de tiempo, luego ya despu\u00e9s de la exposici\u00f3n, si eso.<\/b><\/p>\n<p>Entre las inclemencias del tiempo, que a\u00f1o, Se\u00f1or, que a\u00f1o, viajes m\u00edos, los suspensos, ejem, ejem, ejem, los de la DGT que curran menos que un concejal, ahora que no nos oye nadie, entre examen y examen pasa la vida de tiempo, luego que eran fiestas en Le\u00f3n, &#8230;<\/p>\n<p>Creo que debo ser la \u00fanica persona que ha aprobado de una tacada haciendo <b>cada examen en una estaci\u00f3n distinta del a\u00f1o<\/b>. Me explico. <b>El te\u00f3rico<\/b>, que aprob\u00e9 a la primera, lo hice el 21 de Diciembre que, curiosamente, es el d\u00eda que entra el Invierno, aunque yo me examin\u00e9 en Oto\u00f1o porque fue por la ma\u00f1ana, y el se\u00f1or Invierno entraba de tarde, que no s\u00e9 por qu\u00e9, pero me acuerdo de ese detalle.<\/p>\n<p>Pero bueno, como fu\u00e9 justo el d\u00eda del cambio de estaci\u00f3n, como que vamos a contar las dos, \u00bfvale?, \u00bfme acept\u00e1is pulpo como animal de compa\u00f1\u00eda?, s\u00ed, gracias. Sigo.<\/p>\n<p><b>El examen de circuito cerrado,<\/b> de pista, de conos, de maniobra, o de su puta madre, llamadlo como quer\u00e1is, cualquiera que lo haya hecho lo va a reconocer, lo aprob\u00e9 a la tercera. Ahora os cuento. Me examin\u00e9 en Primavera las tres veces, all\u00e1 por Abril y Mayo. Y<b> el examen de circulaci\u00f3n<\/b>, lo he hecho ayer que ya es Verano, y aprobado a la primera, ole, ole, ole, ole yo.<\/p>\n<p><b>Soy una campeona. Llevo la moto super bien, para ser tan novel claro.<\/b><\/p>\n<p>A ver, yo sab\u00eda, no intu\u00eda no, <b>s-a-b-\u00ed-a que me iba a costar sacarlo<\/b>. \u00bfPor qu\u00e9?, pues porque, os cuento un secreto, <b>mi tiempo de reacci\u00f3n es muy alto<\/b>,  7 pueblos por encima de la media. Me d\u00ed cuenta cuando saqu\u00e9 el carn\u00e9 de coche hace ya veintinos\u00e9cuant\u00edsimosa\u00f1os, que ya me cost\u00f3 m\u00e1s clases pr\u00e1cticas de lo que habitualmente se necesita, incluso para torpes varios y rubias naturales. S\u00ed, yo entraba en ese colectivo.<\/p>\n<p>Luego ya conduciendo, uy, uy, uy, creo que soy la \u00fanica persona que viviendo 20 a\u00f1os en Madrid no se ha asilvestrado. Un poco s\u00ed, que se me nota sueltecilla, pero nada para lo esperable despu\u00e9s de ese cerro de a\u00f1os en la jungla del asfalto, jajajaja.<\/p>\n<p>No me lo puedo permitir, porque ante cualquier imprevisto<b> tengo muy poco margen de maniobra, <\/b>y me como el imprevisto. Guardando la distancia de seguridad, prestando atenci\u00f3n total, y poco m\u00e1s, solucionado. Que bueno ser consciente de tus limitaciones.<\/p>\n<p>Por eso no corro \u201cexagerao\u201d con el coche, <b>vamos ni con la bici<\/b>, porque se me cruza una paisana de estas de mandil y zapatillas por un pueblo, y cuando mi cerebro ha identificado a la paisanina, y manda la orden de empezar a frenar, no te digo ya donde he \u201cmangao\u201d yo a la abuela, al mandil, y a las zapatillas, a tomar por culo al pueblo de al lado.<\/p>\n<p>No s\u00e9 si tiene que ver con todo lo que he pasado con el Lyme, f\u00e1cil que s\u00ed. Sea cual sea el origen, el caso es que yo funciono de esta manera. \u00bfEn qu\u00e9 se traduce esto?, en que los dos circuitos que tienes que pasar por separado para aprobar el examen de pista, est\u00e1n <b>a a\u00f1os luz de mi zona de confort<\/b>. \u00a1Qu\u00e9 le vamos a hacer!. Haberlo hecho antes de que cambiaran la normativa txatina. Ahora, ajo y agua.<\/p>\n<p>Hacerlos s\u00ed, yo creo que en Febrero\/Marzo ya me sal\u00edan los dos. Peeeroooo, hacerlos con la distancia adecuada entre conos, en tiempo sin tocar ning\u00fan elemento, y hacer los dos circuitos casi siempre bien, porque no vas a examinarte improvisando, bufffff, me ha costado la puta vida.<\/p>\n<p>Lo que me ha costado, que ya os contar\u00e9 cuando compre la moto, pero por la pasta que me ha salido el carn\u00e9 <b>\u00abya te compras una burrita maja\u00bb<\/b> como dice una amiga. Y eso, que he pasado de hilar fino con las cuentas finales. Menos mal que de clases de circulaci\u00f3n he necesitado super pocas en comparaci\u00f3n con las de maniobra.<\/p>\n<p><b>El primer examen de pista:<\/b> iba sin anestesiar para el tema nervios; yo hac\u00eda m\u00e1s de 4 a\u00f1os que no me examinaba de nada, por tener presentes las sensaciones, y lo \u00faltimo fue un examen de ingl\u00e9s para una entrevista de trabajo, jodido s\u00ed que fue s\u00ed, pero vamos, que muy parecido a lo que nos ocupa ahora, no era.<\/p>\n<p>Total, que cuando el examinador dijo aquello de<b> \u201cm\u00f3ntese en la moto y proceda\u201d<\/b>, toda la ansiedad y los nervios del planeta Tierra se apoderaron de m\u00ed. No s\u00e9 ni como pas\u00e9 el primer circuito, hice el segundo pero iba con un poco de alegr\u00eda, en tiempo, pero un pel\u00edn r\u00e1pida para mis reflejos.<\/p>\n<p>No me di\u00f3 tiempo a bailar la moto lo suficientemente r\u00e1pido en el \u00faltimo elemento a sortear, y toqu\u00e9 la \u00faltima chincheta, la \u00faltima. Que, entre t\u00fa y yo, <b>casi me lo ten\u00edan que haber dado por bueno<\/b> porque en tiempo iba, y la desplac\u00e9 un pel\u00edn nada m\u00e1s, cuando lo normal era que cuando la pillaba la mandara a tomar por culo al sembrao. Literal.<\/p>\n<p>Entonces, <b>para el segundo examen de pista<\/b> dije yo, esto lo arreglo atiz\u00e1ndome unas anfetillas de esas m\u00edas naturales para el sistema nervioso, y me atic\u00e9 dos para ir segurica. <b>Tan segurica iba, que me la sudaba todo<\/b>, la madre que me pari\u00f3, pas\u00e9 el primer circuito, y en el segundo bien, no toqu\u00e9 ning\u00fan elemento, pero me pas\u00e9 de tiempo. Hac\u00eda tiempazos de 23,3 s (tengo pruebas) e hice 26s, con dos cojones y un palo, rollo \u201cPaseando a Miss Daisy\u201d.<\/p>\n<p>As\u00ed que <b>para el tercer examen de pista<\/b> dije, hostia pues si sin pastis me ataco toda, y con dos me la pela el mundo mundial, zas, apa\u00f1o con una. <b>Que bueno el sentido com\u00fan: APROBADA<\/b>. Y todo perfecto, sin poner pies en el suelo, sin sacar la pierna en el cambio de giro, sin tocar elementos, y en tiempo. Tomaaaaaaa. Otro d\u00eda de los de <b>FELIZ, MUY FELIZ.<\/b><\/p>\n<p>Pedazo abrazo que nos dimos Javi y yo, <b>Javi<\/b> es el profesor de la motoescuela de la parte de maniobra, y <b>Marif\u00e9,<\/b> la profe de la parte de circular. Por cierto, les doy las gracias por la paciencia y el buen hacer que han tenido conmigo. Ten\u00edan m\u00e1s ganas que yo de que lo sacara, jajajaja. <b>Un inmenso placer chic@s.<\/b><\/p>\n<p>Cuando empec\u00e9 las <b>clases de circular por carretera<\/b>, joder, un poco ya acojona. Se te pasa en cuanto subes a la moto, no s\u00e9, es una sensaci\u00f3n que no se puede explicar, ahora entiendo esa frase t\u00edpica t\u00f3pica de <b>\u201cestamos sol@s la moto, la carretera y yo\u201d<\/b>, es que es verdad, es as\u00ed, y eso que yo, ya v\u00e9is, no es mi moto, y estoy m\u00e1s verde que el icono ese del whatsapp que mola tanto.<\/p>\n<p>Pero esas sensaciones, las sientes. Igual que el cuerpo y la moto te piden tumbar, vamos que lo piden, a voces, yo apenas me atrevo, pero les escucho y en cuanto coja confianza, hala, medio gradito m\u00e1s, a lo loco.<\/p>\n<p>Ya voy un poco menos tiesa que Pinocho, pero <b>agarro muy fuerte el manillar,<\/b> s\u00ed, ya s\u00e9 que no sirve para nada, me lo estoy mirando. Eso s\u00ed, se te ponen unos antebrazos y unos brazacos que no veas, jajajajaja. Entre la moto y las telas no gano para ung\u00fcentos antiinflamatorios.<\/p>\n<p>Son sensaciones muy nuevas, porque cuando vas de paquete no es lo mismo. <b>Que enga\u00f1o lo de ir de paquete<\/b>. No te da el mismo aire, ni de co\u00f1a. Joder, <b>y yo que pensaba que no hab\u00eda viento en Le\u00f3n<\/b>, pues s\u00ed, si que hay, que un d\u00eda ven\u00eda intensito que no veas y encima de lado, joder que me sacaba del carrillllll, que rato m\u00e1s malo. Ya me dec\u00edan, hija, que vas en moto, ya, ya, pero aquello era muuuuchooooo viento.<\/p>\n<p>Y luego <b>los bichos que se te chocan,<\/b> co\u00f1o, que algunos duelen, que te dan un golpetazo que no veas. Bueno, bueno, bueno, el primer d\u00eda que se me choc\u00f3 algo contra la visera del casco, que susto m\u00e1s grande, reiros cabron@s, reiros, cuando vas de paquete no se te choca nada, que se lo chupa todo el de delante. Pues esto te lo ten\u00edan que decir, porque as\u00ed de sopet\u00f3n, cuesta m\u00e1s.<\/p>\n<p>Todo eso he aprendido, que lo sep\u00e1is, no dir\u00e9is que no es instructivo. <b>Avisada est\u00e1s reina de las v\u00e1lvulas<\/b>, para cuando te lo saques t\u00fa, y ya sabes, tenemos una salida pendiente juntas.<\/p>\n<p>Que m\u00e1s, ahhhh, s\u00ed, <b>la gente en bicicleta<\/b> se pod\u00eda quedar en su puta casa, tal cual. Que eso no da m\u00e1s que problemas. Habiendo un novel pilotando por ah\u00ed, vamos hombre, no se le ocurre ni al que as\u00f3 la manteca. Y lo de adelantar, buffff, que miedito, <b>dos tractores y un cami\u00f3n he tenido que adelantar<\/b>, en distintos d\u00edas, ehhhh, no vay\u00e1is a pensar.<\/p>\n<p>Esto de vivir en zona agr\u00edcola, que le vamos a hacer, en la M30 estos riesgos no los tienes, as\u00ed que menos quejarse los de la capital que nos ten\u00edan que poner a los de provincias una bonificaci\u00f3n por peligrosidad, o algo.<\/p>\n<p>Se me olvidaba. A\u00fan recuerdo la <b>primera clase de circulaci\u00f3n por ciudad<\/b>. Que sofoc\u00f3n. \u00bfQu\u00e9 es eso de que hay que dar los intermitentes?, a ver, que no da tiempo, si tengo que mirar \u201ca lejos\u201d, llevar la moto, no desequilibrarme, importante, evitar frenar, y si eso suavecito, controlar el per\u00edmetro, los peatones, joder los peatones, otros que se pod\u00edan ir con los de las bicis a su puta casa, y adem\u00e1s, \u00a1poner y quitar los intermitentes!, \u00bfc\u00f3mo lo hagoooo?.<\/p>\n<p>Porque los del coche, adem\u00e1s de que suenan, se suelen quitar solos, ja, los de las motos no. Eso por no decir que pitas cuando vas a darlos porque el claxon est\u00e1 justo debajo del mando de los dichosos intermitentes, al menos en esta moto. He dado yo cada susto al principio al personal que iba por la calle, que no veas.<\/p>\n<p>Ufffffff, esoo est\u00e1 mal pensado joder, ten\u00eda que ser como una centralita de Iphone, que t\u00fa dijeras<b> \u201cSiri, intermitente derecho\u201d<\/b>, zas, va Siri y te lo pone, \u201cSiri, quita intermitente\u201d, va Siri y te lo quita, y lo mismo para el izquierdo.<\/p>\n<p>Afortunadamente, con el paso de las pr\u00e1cticas ya me da tiempo a todo, pero esa primera clase fue hist\u00f3rica. <b>Lo bueno de tener mucho margen de mejora, es que notas los avances una barbaridad<\/b>, jejejejeje.<\/p>\n<p>En fin, <b>lo he disfrutado y sudado much\u00edsimo, creo que se nota, \u00bfsi?. Otro objetivo cumplido<\/b>, pero es que este adem\u00e1s de tener\u00a0 mucho m\u00e9rito, que lo tiene, es muy especial para m\u00ed, ya lo sab\u00e9is.<\/p>\n<p>El otro d\u00eda, cuando ya sab\u00eda que estaba aprobada y nos quedamos la moto y yo solas, la miraba, sonre\u00eda sentada en la acera, y me acordaba de cuando hace unos a\u00f1os apenas pod\u00eda salir de casa porque no me ten\u00eda ni en pi\u00e9, y solo pod\u00eda ver las carreras de motos en la tele.<\/p>\n<p>Dije que volver\u00eda a un circuito a verlas en directo, y he vuelto. Dije, para m\u00ed y con la boca peque\u00f1a, que llegar\u00eda el d\u00eda en que ir\u00eda llevando yo mi propia moto, y ahora ese objetivo est\u00e1 mucho m\u00e1s cerca. <b>Siguiente paso, conseguir financiaci\u00f3n para pillar la burrita guapa, jajajajaja.<\/b><\/p>\n<p>Lo que me lleva, ahhh, MUY IMPORTANTE, lo que me lleva a <b>dar las gracias a tod@s los que hab\u00e9is comprado el libro<\/b>, ya sab\u00e9is, <b>\u201cTacones en la Arena\u201d<\/b>, porque lo que yo he sacado de ah\u00ed ha ido \u00edntegramente para el carn\u00e9. Misi\u00f3n cumplida. <b>Acabamos de agotar la primera edici\u00f3n por cierto. Grandes Lola y una servidora, grandes de verdad.<\/b><\/p>\n<p>Por cierto, <b>en breve, sale la segunda edici\u00f3n.<\/b> Animaros a regalarlo a los que os ha gustado, y nos hac\u00e9is un poquito de publicidad, que siempre viene bien. Graciassssss.<\/p>\n<p>\u00bfSab\u00e9is lo mejor?, las personas que lo han le\u00eddo ahora saben lo que es sufrir un Lyme cr\u00f3nico en primera persona, y que esa enfermedad existe. Misi\u00f3n cumplida. Otra. Muy emocionante.<\/p>\n<p>M\u00e1s agradecimientos. Vamos que lo regalo. Como no, <b>estoy en modo pillar el ajuar de moto,<\/b> claaaroooo, para los guantes ya tengo, y para el casco casi, casi. Esto es gracias a dos chicos Lyme que me han contactado las \u00faltimas semanas. Ellos saben quienes son. <b>Gracias chicos.<\/b><\/p>\n<p>Os dejo aqu\u00ed unas fotos ilustrativas de la haza\u00f1a. Disfrutadlas. <b>No se puede sonreir m\u00e1s ni mejor.<\/b><\/p>\n<p><img decoding=\"async\" src=\"http:\/\/yofuiunachicalyme.com\/wp-content\/uploads\/2020\/02\/img-20180711-wa0007-1.jpg\"\/><\/p>\n<p><img decoding=\"async\" src=\"http:\/\/yofuiunachicalyme.com\/wp-content\/uploads\/2020\/02\/img-20180711-135010-1.jpg\"\/><\/p>\n<p>Las botas ya est\u00e1n en la basura. Lo prometido es deuda, dije que cuando &#13;<br \/>\naprobase las tiraba. El otro par ya las hab\u00eda tirado hace tiempo. Los &#13;<br \/>\nrozones son de las ca\u00eddas del principio que os cont\u00e9 en el otro post, y &#13;<br \/>\ndel cambio de marchas en la bota izquierda.<\/p>\n<p><img decoding=\"async\" src=\"http:\/\/yofuiunachicalyme.com\/wp-content\/uploads\/2020\/02\/img-20180611-wa0010-1.jpg\"\/><\/p>\n<p>La foto de la plaza es en La Ba\u00f1eza, por cierto, la city m\u00e1s motera de &#13;<br \/>\ntoda la provincia con diferencia, y, poca gente sabe esto, mi lugar de &#13;<br \/>\nnacimiento. <b>Observad los lacitos verdes en las fachadas.<\/b> Eran por una marcha contra el c\u00e1ncer, peerooo, <b>ha quedado muy simb\u00f3lica para una ex-lymer, \u00bfverdad?<\/b>. Otra \u00abcausalidad\u00bb.<\/p>\n<p><img decoding=\"async\" src=\"http:\/\/yofuiunachicalyme.com\/wp-content\/uploads\/2020\/02\/img-20180630-wa0000-1.jpg\"\/><\/p>\n<p\/>\n<p><b>Copyright \u00a9 2018 Yofuiunachicalyme. Todos los derechos reservados. Para usar alguna foto \u00f3 texto, nombra la procedencia y a\u00f1ade un link al art\u00edculo original de este blog<\/b><\/p>\n<p><\/body><\/html><\/p>\n","protected":false},"excerpt":{"rendered":"<p>Escrito el Jueves, 12 de Julio de 2018 Ni os imagin\u00e1is las ganas que ten\u00eda de escribir este post. Por fin, ha llegado el d\u00eda. El gran d\u00eda. Que co\u00f1o, mejor en may\u00fasculas, que la ocasi\u00f3n lo merece, EL GRAN D\u00cdA. Ayer aprob\u00e9 el \u00faltimo examen del carn\u00e9 de moto, el A2. Yo no s\u00e9 &hellip; <a href=\"https:\/\/yofuiunachicalyme.com\/?p=142\" class=\"more-link\">Continue reading<span class=\"screen-reader-text\"> \u00abHabemus A2\u00bb<\/span><\/a><\/p>\n","protected":false},"author":4,"featured_media":0,"comment_status":"open","ping_status":"open","sticky":false,"template":"","format":"standard","meta":{"footnotes":""},"categories":[5],"tags":[],"class_list":["post-142","post","type-post","status-publish","format-standard","hentry","category-motos","group-blog","hfeed"],"_links":{"self":[{"href":"https:\/\/yofuiunachicalyme.com\/index.php?rest_route=\/wp\/v2\/posts\/142"}],"collection":[{"href":"https:\/\/yofuiunachicalyme.com\/index.php?rest_route=\/wp\/v2\/posts"}],"about":[{"href":"https:\/\/yofuiunachicalyme.com\/index.php?rest_route=\/wp\/v2\/types\/post"}],"author":[{"embeddable":true,"href":"https:\/\/yofuiunachicalyme.com\/index.php?rest_route=\/wp\/v2\/users\/4"}],"replies":[{"embeddable":true,"href":"https:\/\/yofuiunachicalyme.com\/index.php?rest_route=%2Fwp%2Fv2%2Fcomments&post=142"}],"version-history":[{"count":1,"href":"https:\/\/yofuiunachicalyme.com\/index.php?rest_route=\/wp\/v2\/posts\/142\/revisions"}],"predecessor-version":[{"id":274,"href":"https:\/\/yofuiunachicalyme.com\/index.php?rest_route=\/wp\/v2\/posts\/142\/revisions\/274"}],"wp:attachment":[{"href":"https:\/\/yofuiunachicalyme.com\/index.php?rest_route=%2Fwp%2Fv2%2Fmedia&parent=142"}],"wp:term":[{"taxonomy":"category","embeddable":true,"href":"https:\/\/yofuiunachicalyme.com\/index.php?rest_route=%2Fwp%2Fv2%2Fcategories&post=142"},{"taxonomy":"post_tag","embeddable":true,"href":"https:\/\/yofuiunachicalyme.com\/index.php?rest_route=%2Fwp%2Fv2%2Ftags&post=142"}],"curies":[{"name":"wp","href":"https:\/\/api.w.org\/{rel}","templated":true}]}}