{"id":149,"date":"2018-06-04T18:07:20","date_gmt":"2018-06-04T18:07:20","guid":{"rendered":"http:\/\/yofuiunachicalyme.com\/?p=149"},"modified":"2020-03-03T15:29:30","modified_gmt":"2020-03-03T15:29:30","slug":"17-de-mayo","status":"publish","type":"post","link":"https:\/\/yofuiunachicalyme.com\/?p=149","title":{"rendered":"17 de Mayo"},"content":{"rendered":"<p><html><body><\/p>\n<p><b>Escrito el Lunes, 4 de Junio de 2018<\/b><\/p>\n<p>Buenas tardes, aqu\u00ed entretenida <b>con el tema este de vivir<\/b>&#8230;la frase no es m\u00eda, confieso p\u00fablicamente que se la he le\u00eddo a alguien en el estado del whatsapp. Creo que es de una canci\u00f3n, pero vamos, en cualquier caso me va al pelo.<\/p>\n<p>Que quer\u00eda yo haber escrito este post al volver de Madrid de la concentraci\u00f3n en Mayo, y no pudo ser. A cambio he ido otra vez a Madrid, hemos presentado all\u00ed el libro, he vuelto <b>y no s\u00e9 cuantas miles de cosas m\u00e1s he hecho en estas dos \u00faltimas semanas.<\/b><\/p>\n<p>Mira que me gusta a m\u00ed cumplir objetivos, ya lo sab\u00e9is. Pues este mes de Mayo he cumplido dos en una semana. A saber, <b>ir a la concentraci\u00f3n que organiz\u00f3 ALCE con motivo del 17 de Mayo D\u00eda Internacional de la Enfermedad de Lyme<\/b>, para dar a conocerla y recopilar firmas para que se reconozca la enfermedad en etapas tard\u00edas en Espa\u00f1a.<\/p>\n<p>Y, segundo objetivo, ya que estaba por la capital al finde siguiente, <b>si el Real Madrid ganaba la champions<\/b>, la decimotercera, conseguir entradas para <b>ir a la celebraci\u00f3n del domingo en el Bernabeu<\/b>. Yo pens\u00e9, co\u00f1o, si el Universo me manda a Madrid el viernes antes de la Champions, lo mismo es para que yo cumpla el objetivo de ir a celebrar un triunfo futbolero a la Cibeles y al Bernabeu.<\/p>\n<p>Se ve que en 20 a\u00f1os viviendo all\u00ed no tuve tiempo, \u00bfsabes?, que dir\u00eda Zidane, es lo que tiene cuando no te permites cosas. Sent\u00eda que ten\u00eda algo pendiente, y eso bueno, bueno, no es; <b>o lo vives y lo cierras, o, lo vives y lo cierras.<\/b> No hay m\u00e1s opciones.<\/p>\n<p>As\u00ed que nada, os dejo testimonio gr\u00e1fico del evento. Aparte de ser la <b>copa n\u00famero 13<\/b>, deciros que la<b> puerta de acceso<\/b> asignada aleatoriamente para m\u00ed fue la <b>29<\/b>. Ah\u00ed os lo dejo. <b>Causalmente n\u00fameros que me acompa\u00f1an de forma especial en mi vida.<\/b><\/p>\n<p><b\/><\/p>\n<p><b><img decoding=\"async\" src=\"http:\/\/yofuiunachicalyme.com\/wp-content\/uploads\/2020\/02\/img-20180527-wa0043-1.jpg\"\/><\/b><\/p>\n<p><b><br \/><\/b><\/p>\n<p\/>\n<p>La concentraci\u00f3n fue el 19 de Mayo, s\u00e1bado, para que la gente pudi\u00e9ramos asistir. En la plaza Jacinto Benavente, para los que no sois de Madrid, al ladito de Sol. Yo ya hab\u00eda decidido que iba hace meses. <b>Era importante para m\u00ed colaborar y estar.<\/b> Muchas emociones.<\/p>\n<p>Lo de siempre, yo me hab\u00eda organizado el viaje en plan tranqui, y <b>al final, a la puta carrera. <\/b>\u201cUniversoooooo, dame cuartelillo porfaplease que me tienes a coj\u00f3n sacao&#8230;.\u201d.<\/p>\n<p>El caso es que ten\u00edamos una <b>tertulia literaria sobre \u201cTacones en la Arena\u201d<\/b> el viernes anterior por la tarde, y adem\u00e1s tarde; ohohohohoh, si quer\u00eda asistir a las dos cosas, la opci\u00f3n era viajar en AVE el mismo s\u00e1bado para poder estar all\u00ed a las 11 de la ma\u00f1ana que empezaba el evento y volver en el d\u00eda.<\/p>\n<p>Mira, <b>el madrug\u00f3n de las 7 de la ma\u00f1ana mortal de necesidad,<\/b> sobre todo porque acabamos la tertulia cuando la acabamos, y entre tomar algo, cenar, y que sal\u00ed sin llaves de casa, eso para adelantar, me dieron las mil para ir a dormir.<\/p>\n<p><b>Est\u00e1 muy bien eso de vivir en presente, pero os digo una cosa, te deja doblada<\/b>. Y la vuelta, ja, v\u00e1is a flipar con la vuelta, me pas\u00f3 algo muy curioso. Yo quer\u00eda volver en el tren de las 20:30 para poder aprovechar la tarde con unas amigas, pero no pude comprar ese horario por internet, me abort\u00f3 la operaci\u00f3n 3 veces, ni una ni dos.<\/p>\n<p>Dije, pues nada, vuelvo en el tren anterior aunque sea un pel\u00edn pronto, oye, a la primera y del tir\u00f3n, billete comprado, y dije, <b>\u201cya me enterar\u00e9 de para qu\u00e9 tengo que volver yo en el tren de las 18:30\u201d<\/b>. Y ah\u00ed qued\u00f3 la cosa. Tomad nota, que es importante.<\/p>\n<p>Que os puedo decir,<b> fue super emocionante<\/b>, os dejo unas fotos aqu\u00ed abajo. Ya cuando llegu\u00e9 a la plaza y v\u00ed a todo pichichi vestido de verde con camisetas, gorras, etc., como que me puse un pel\u00edn nerviosa. <b>Yo llevaba mi lacito y vestido ambos verdes, corporativa total.<\/b><\/p>\n<p>Pregunt\u00e9 en que pod\u00eda ayudar, y me puse en una esquina de la plaza a repartir tr\u00edpticos, y a conseguir firmas para presentarlas al Ministerio de Sanidad. <b>Que ma\u00f1ana m\u00e1s intensa.<\/b><\/p>\n<p>Lo que cuesta que la gente se pare. Deben pensar que les vas a pedir dinero. <b>A cambio he de decir que la gente que se paraba era muy amable y que escuchaba con atenci\u00f3n<\/b>. Una vez que se paran, la verdad es que consigues captar su atenci\u00f3n, y te dedican unos minutos. Gracias. Muchas gracias.<\/p>\n<p>Me llev\u00e9 la agradable sorpresa de encontrar <b>4 grupos de gente que ya conoc\u00edan la enfermedad,<\/b> eso s\u00ed, todos extranjeros.<\/p>\n<p>Unos italianos; una pareja de franceses jubilados que \u00e9l era m\u00e9dico, que carita me puso cuando le dije Lyme, yo no entiendo franc\u00e9s pero la carita fue de <b>\u201cpa&#8217;vosotros ten\u00e9is hija\u201d<\/b>; y dos chicas sudamericanas, una argentina y otra de Per\u00fa, esta \u00faltima conoc\u00eda a un afectado personalmente, que se hab\u00eda quedado completamente paralizado.<\/p>\n<p>De hecho me dijo,<b> \u201cahhh s\u00ed, es eso que te paraliza, \u00bfverdad?\u201d,<\/b> se me pusieron los pelos como escarpias. Hubo ratos muy divertidos, por ejemplo, la chica argentina era muy de terapias naturales, y me pregunt\u00f3 si hab\u00eda probado algo, llam\u00e9mosle \u201cX\u201d, y yo me re\u00ed, abr\u00ed mi mochila y le dije,<b> \u201c\u00bfquieres un txupito?\u201d,<\/b> jajajajjajaja, nos echamos unas risas las dos.<\/p>\n<p><b>Regal\u00e9 algunos lacitos verdes hechos por mis padres, y a cambio d\u00ed muchos abrazos<\/b>. Incluso una pareja, estos espa\u00f1oles, dieron un donativo para la asociaci\u00f3n. Que maravilla poder dar cuando has recibido. Yo estaba muy emocionada, consegu\u00ed que la gente con la que habl\u00e9 empatizara conmigo, la empat\u00eda se nota, y me alegro mucho, porque <b>no se les va a olvidar que hay algo que se llama Lyme y que si te toca, te puede joder la vida pero bien.<\/b><\/p>\n<p><i>La multi foto de m\u00e1s abajo la he sacado del twitter de ALCE, no la he hecho yo que conste.<\/i><\/p>\n<p>Ver\u00e9is que en las fotos salen algun@s compa\u00f1er@s con mascarillas, o en silla de ruedas.<b> Impresiona desde fuera, lo s\u00e9<\/b>. Imaginaros, si es que pod\u00e9is, lo que impresiona cuando lo has vivido desde dentro. No hace falta decir m\u00e1s. Ufff, <b>se me acaba de erizar la piel<\/b>. Mi contribuci\u00f3n a la causa fu\u00e9 una hoja y media de firmas, no s\u00e9, ser\u00edan unas 30 o as\u00ed, puede que m\u00e1s.<\/p>\n<p><b>Conoc\u00ed a dos compis que fueron super amables conmigo<\/b>, una de ellas me hizo la foto en la que salgo yo hablando con una chica, si no es por ella, me quedo sin testimonio gr\u00e1fico del evento. Yo es que me pongo con la misi\u00f3n, y me olvido del mundo. Les estoy muy agradecida por acogerme.<\/p>\n<p\/>\n<p><img decoding=\"async\" src=\"http:\/\/yofuiunachicalyme.com\/wp-content\/uploads\/2020\/02\/1528142169_img-20180520-181213-1.jpg\"\/><\/p>\n<p><img decoding=\"async\" src=\"http:\/\/yofuiunachicalyme.com\/wp-content\/uploads\/2020\/02\/1528142208_img-20180519-wa0005-1.jpg\"\/><\/p>\n<p><\/p>\n<p>Ya de vuelta sub\u00ed las fotos a redes sociales, y las pas\u00e9 por whatsapp a gente. Algunas de esas personas, ni dos ni tres, m\u00e1s, me dijeron: \u201cque bueno que hayas ido, <b>me siento representada a trav\u00e9s tuyo<\/b>\u201d.<\/p>\n<p>A ver, mola que te digan eso, te sientes halagada en cierto modo. Pero <b>me saltaron las alarmas enseguida<\/b>, y por favor, que nadie se ofenda con lo que voy a escribir ahora. <b>No es mi intenci\u00f3n recriminar nada a nadie en concreto<\/b>. Cada uno hace lo que considera oportuno y punto pelota. Pero s\u00ed aspiro a remover conciencias.<\/p>\n<p>Dicho esto, ya sab\u00e9is que utilizo mis experiencias personales para sacar lecturas que me ayudan a m\u00ed, y ya de paso las empleo como ejemplines para dar informaci\u00f3n a los dem\u00e1s. Vale, s\u00ed, es pol\u00edticamente correcto que yo pueda representar a alguien, pero eso, y una mierda pinchada en un palo, es lo mismo. <b>El a\u00f1o pr\u00f3ximo, te jodes, y vas. Y si el pr\u00f3ximo no puedes, te jodes y vas el siguiente.<\/b> Pero ponlo en tu agenda carallo, que dir\u00edan en Galicia.<\/p>\n<p>Una de las compis de las que os he hablado, <b>viaj\u00f3 el viernes con su marido y su hija desde Andaluc\u00eda, C\u00e1diz creo, en coche para estar all\u00ed<\/b>, volv\u00edan el mismo s\u00e1bado por la tarde porque los billetes de AVE estaban car\u00edsimos, y no se pod\u00edan permitir pagar tres. Con dos cojones y un palo. Eso es implicaci\u00f3n.<b> Ole por esa familia de valientes.<\/b><\/p>\n<p>Yo viaj\u00e9 habiendo dormido menos de 6 horas por las circunstancias causales que yo eleg\u00ed y que ya os he contado, el billete de AVE me cost\u00f3 una pasta gansa casi 100 pavos, afortunadamente yo solo ten\u00eda que comprar uno, y como no, tuve que llevarme el puto desayuno, el puto almuerzo y algo de merienda, la misma historia de siempre, acarretando comida. Y comer una mierda en un restaurante de por all\u00ed,<b> eso s\u00ed, en muy buena compa\u00f1\u00eda<\/b>.<\/p>\n<p>Fue un esfuerzo f\u00edsico y econ\u00f3mico considerable, volv\u00ed re-ven-ta-da peroooo, <b>MERECI\u00d3 LA PENA<\/b>. As\u00ed que me alegro mucho de haber representado a parte del personal, pero <b>en los a\u00f1os venideros a ver si estamos a lo que estamos y movemos el culo<\/b>. Eso, o me subvencion\u00e1is el viaje. Seguro que la mayor\u00eda de los que estaban colaborando tienen historias parecidas a estas. Ole por ellos tambi\u00e9n.<\/p>\n<p><b>Y ya me queda contar la guinda del pastel. <\/b>Como era la frase esa de Rajoy \u201clos catalanes hacen cosas\u201d, la reemplazo por un <b>\u201ca m\u00ed me pasan cosas\u201d<\/b>, jajajajja. Total que voy a pillar el AVE de vuelta, y dije yo, bueno,<b> a ver para qu\u00e9 a esta hora<\/b>.<\/p>\n<p>Lo mismo me pod\u00eda haber puesto un pibonazo al lado, vamos, espabilaba yo la caraja de cansancio echando leches, jejejejjeje; <b>ojo, que ya se ha dado el caso<\/b> (eso os lo cuento en otro post porque es lo m\u00e1s mejor y m\u00e1s divertido que me ha pasado a m\u00ed en tema chicos).<\/p>\n<p>Pero que va, me d\u00ed cuenta enseguida de que eso no era, m\u00e1s que nada porque lo que yo ten\u00eda al lado era una paisana de Mieres con ganas de hablar, jajajjja, me estuve riendo un rato largo.<\/p>\n<p><b>Total, que no le d\u00ed m\u00e1s vueltas.<\/b> Llegamos a Le\u00f3n, y yo aun ten\u00eda que coger el coche para ir a mi pueblo. Iba yo por el and\u00e9n pensando en mis cosas, y ves gente que baja del tren a fumar y a estirar las patucas porque segu\u00edan para Asturias.<\/p>\n<p>Yo ah\u00ed piti, piti, y de repente, me quedo mirando a una persona que estaba entre vagones, y yo que me fijo y me quedo clavada mirando, veo que me miran, y digo \u00abno, no puede ser\u00bb, me acerco ojipl\u00e1tica total, y digo \u201cpero t\u00fa, \u00bfde d\u00f3nde sales?\u201d, \u201c\u00bfy t\u00fa?\u201d, \u201cdel tren\u201d, \u201cy yo\u201d, \u201cpero, \u00bfde d\u00f3nde vienes?\u201d, \u201cde Benidorm, y t\u00fa\u201d, \u201cde Madrid, de lo del Lyme\u201d, <b>se\u00f1oras y se\u00f1ores, era la Dra. Platero<\/b>.<\/p>\n<p><b>\u00a1\u00a1QUE FUERTE!!,<\/b> hostia puta, yo ni sab\u00eda que ella estaba de viaje, aunque s\u00ed que le hab\u00eda dicho que yo iba a lo de Madrid pero no me hab\u00eda contestado.<\/p>\n<p>Anda m\u00e1s liada que la moto un hippie, <b>no s\u00e9 a quien me recuerda,<\/b> jejejejejeje, y como se ha echado un pichurri, pues eso, a lo que toca&#8230; Me dice, \u00aboye que s\u00ed, que me guardes un libro, que no lo he encargado ni nada, <b>\u00bfno tendr\u00e1s uno?\u00bb<\/b>, y ah\u00ed ya si que me qued\u00e9 recontraojipl\u00e1tica total,<b> \u201cpues s\u00ed, llevo uno\u201d.<\/b><\/p>\n<p>Una chica Lyme me lo hab\u00eda encargado, ya estaba dedicado para ella y todo, pero al final no se present\u00f3. Total, que <b>todo el d\u00eda pujando el libro para esto. Manda huevos<\/b>.<\/p>\n<p>Ya le dije \u201dpues, s\u00ed, llevo uno pero est\u00e1 dedicado a otra persona\u201d,<b> \u201cda igual, d\u00e1melo que cortamos esa hoja, y me lo dedicas la pr\u00f3xima vez que nos veamos\u201d<\/b>. Y as\u00ed lo hicimos. Nos abrazamos, dos besos, y el interventor me ech\u00f3 del and\u00e9n porque se iba el tren. Me dice \u00ab\u00bfviajas?\u00bb, no jodas pens\u00e9 yo, quita, quita, que hoy ya he viajado bastante, con bajar el subid\u00f3n ya tengo bastante, ay ama&#8230;.<\/p>\n<p><b>Os dejo el feedback de mi cari, la Dra. Platero<\/b>. Lo le\u00ed al llegar a casa. Me emocion\u00e9 much\u00edsimo. Gracias por tanto Lola. Este es mi otro regalo de cumplea\u00f1os para t\u00ed. Pues eso, que <b>causalmente a m\u00ed me pasan cosas<\/b>.<\/p>\n<p\/>\n<p\/>\n<p\/>\n<p><img decoding=\"async\" src=\"http:\/\/yofuiunachicalyme.com\/wp-content\/uploads\/2020\/02\/screenshot-2018-06-04-1.jpg\"\/><\/p>\n<p><b>Copyright \u00a9 2018 Yofuiunachicalyme. Todos los derechos reservados. Para usar alguna foto \u00f3 texto, nombra la procedencia y a\u00f1ade un link al art\u00edculo original de este blog<\/b><\/p>\n<p><\/body><\/html><\/p>\n","protected":false},"excerpt":{"rendered":"<p>Escrito el Lunes, 4 de Junio de 2018 Buenas tardes, aqu\u00ed entretenida con el tema este de vivir&#8230;la frase no es m\u00eda, confieso p\u00fablicamente que se la he le\u00eddo a alguien en el estado del whatsapp. Creo que es de una canci\u00f3n, pero vamos, en cualquier caso me va al pelo. Que quer\u00eda yo haber &hellip; <a href=\"https:\/\/yofuiunachicalyme.com\/?p=149\" class=\"more-link\">Continue reading<span class=\"screen-reader-text\"> \u00ab17 de Mayo\u00bb<\/span><\/a><\/p>\n","protected":false},"author":4,"featured_media":0,"comment_status":"open","ping_status":"open","sticky":false,"template":"","format":"standard","meta":{"footnotes":""},"categories":[3],"tags":[],"class_list":["post-149","post","type-post","status-publish","format-standard","hentry","category-experiencias","group-blog","hfeed"],"_links":{"self":[{"href":"https:\/\/yofuiunachicalyme.com\/index.php?rest_route=\/wp\/v2\/posts\/149"}],"collection":[{"href":"https:\/\/yofuiunachicalyme.com\/index.php?rest_route=\/wp\/v2\/posts"}],"about":[{"href":"https:\/\/yofuiunachicalyme.com\/index.php?rest_route=\/wp\/v2\/types\/post"}],"author":[{"embeddable":true,"href":"https:\/\/yofuiunachicalyme.com\/index.php?rest_route=\/wp\/v2\/users\/4"}],"replies":[{"embeddable":true,"href":"https:\/\/yofuiunachicalyme.com\/index.php?rest_route=%2Fwp%2Fv2%2Fcomments&post=149"}],"version-history":[{"count":1,"href":"https:\/\/yofuiunachicalyme.com\/index.php?rest_route=\/wp\/v2\/posts\/149\/revisions"}],"predecessor-version":[{"id":292,"href":"https:\/\/yofuiunachicalyme.com\/index.php?rest_route=\/wp\/v2\/posts\/149\/revisions\/292"}],"wp:attachment":[{"href":"https:\/\/yofuiunachicalyme.com\/index.php?rest_route=%2Fwp%2Fv2%2Fmedia&parent=149"}],"wp:term":[{"taxonomy":"category","embeddable":true,"href":"https:\/\/yofuiunachicalyme.com\/index.php?rest_route=%2Fwp%2Fv2%2Fcategories&post=149"},{"taxonomy":"post_tag","embeddable":true,"href":"https:\/\/yofuiunachicalyme.com\/index.php?rest_route=%2Fwp%2Fv2%2Ftags&post=149"}],"curies":[{"name":"wp","href":"https:\/\/api.w.org\/{rel}","templated":true}]}}