{"id":159,"date":"2018-01-31T21:30:05","date_gmt":"2018-01-31T21:30:05","guid":{"rendered":"http:\/\/yofuiunachicalyme.com\/?p=159"},"modified":"2020-03-03T15:17:09","modified_gmt":"2020-03-03T15:17:09","slug":"a-lo-loco-se-vive-mejor","status":"publish","type":"post","link":"https:\/\/yofuiunachicalyme.com\/?p=159","title":{"rendered":"A Lo Loco Se Vive Mejor"},"content":{"rendered":"<p><html><body><\/p>\n<p><b>Escrito el Martes, 30 de Enero de 2018<\/b><\/p>\n<p>Este es el primer post del 2018. Y se lo voy a dedicar a <b>algo muy, muy, muy especial <\/b>para m\u00ed.<\/p>\n<p>Hace tiempo que ya ten\u00eda en mente escribir sobre algunas cosas que me estoy permitiendo, y que son la hostia. Se puede decir m\u00e1s alto, pero no m\u00e1s claro. He empezado a escribir, y ya lo tengo casi, casi apa\u00f1ado, pero, como no, me queda el post largo, \u00a1qu\u00e9 raro!, \u00bfverdad?. As\u00ed que he dicho, sin problema, lo divido en dos. Mejor as\u00ed, porque cada una se merece su particular homenaje, por decirlo de alguna manera.<\/p>\n<p>Me apetece, y, adem\u00e1s, me apetece mucho, compartir estas sensaciones con vosotr@s. Me tienen fascinada y absorbida. Despu\u00e9s del tema chicos, vienen estas dos. Fijaos el grado de importancia que les doy, <b>de BRUTAL para arriba<\/b>, ya vosotr@s sab\u00e9is.<\/p>\n<p>Voy a hablar de motos. Dir\u00e9is, otra vez, pues s\u00ed. Y eso que a\u00fan no ha empezado el Mundial. M\u00e1s concretamente, voy a hablar de <b>sacar el carn\u00e9 de moto, el A2.<\/b><\/p>\n<p>Que esto no os lo hab\u00eda contado, no por nada, simplemente es que no me da la vida con tanto meneo y tanta intensidad. Ya lo tengo encarrilado, ver\u00e9is. <b>Yo dije que el carn\u00e9 para el segundo semestre del 2017<\/b> y ya sab\u00e9is lo que me gusta a m\u00ed cumplir objetivos. \u00bfPor qu\u00e9 para esa fecha?, pues creo recordar que ya lo he mencionado en un post, pero os lo detallo aqu\u00ed para los que no sois followers habituales.<\/p>\n<p>En la Semana Santa pasada me encontr\u00e9 con una amiga del instituto, y resulta que me dijo que ella y su marido iban a volver al pueblo despu\u00e9s de veintitantos a\u00f1os en Madrid (\u00bfno os recuerdan a nadie?). Ellos se dedican al tema autoescuela, e inmediatamente, en dos milisegundos yo proces\u00e9 la informaci\u00f3n y entend\u00ed para qu\u00e9 me los mandaban.<\/p>\n<p>Abrieron la \u201c<b>motoescuela\u201d<\/b> como yo le llamo, en Septiembre. Y yo creo que a finales o en Octubre fu\u00ed a preguntar y me apunt\u00e9. Me empec\u00e9 a leer el libro que te dan. Maaadre, qu\u00e9 de cosas. Dije yo, <b>y suerte tienes que no te examinan de nuevo del de coche<\/b>. Hostia puta.<\/p>\n<p>El caso es que acab\u00e9 el libro, como soy tan disciplinadica yo, y empec\u00e9 a hacer tests. Muy llevadero. Eso s\u00ed, algo de tiempo hay que dedicarle, \u00bfehhhh?. Normas especiales para motos CON sidecar, no me jodas, \u00a1que me est\u00e1s contando!, esas que se las aprendan los que lo vayan a llevar, \u00bfpero yo?, si no voy a llevar ni paquete.<\/p>\n<p>Las \u00faltimas semanas ya s\u00ed me lo tom\u00e9 en serio. Total que presentaron los papeles en Tr\u00e1fico, y hala, desconvocaron la huelga de examinadores de la DGT para m\u00ed, mira que majos, iba a ir a examen ahora en Enero, y que va, el 21 de Diciembre, as\u00ed empezando el solsticio de invierno, muy simb\u00f3lico todo, ya sab\u00e9is.<\/p>\n<p>El examen fue f\u00e1cil. Yo era la abuelilla de todos los que nos examin\u00e1bamos ese d\u00eda, tanto de coche como de moto. <b>Aprob\u00e9.<\/b> Tititiritititi. <b>Ya tengo el 25% del carn\u00e9<\/b>. Ahora me queda lo divertido, el otro 75%, es decir, los 3 ex\u00e1menes pr\u00e1cticos que hay que aprobar por separado.<\/p>\n<p>He empezado las pr\u00e1cticas igualita que mi Marc, se ve que somos de la misma escuela: <b>ya me he apretado la primera hostia del campeonato<\/b>. En primera eso s\u00ed, sin da\u00f1os colaterales relevantes. Mira, que \u201cjart\u00e1 de reir, por favor\u201d.<\/p>\n<p>Hoy, que es 30 de Enero, he de decir, que <b>ya me he apretado la\u00a0 segunda hostia del campeonato<\/b>. Si es que, <b>NO SE PUEDE LLEVAR LA MOTO TAN DESPACIO<\/b> CO\u00d1OOOOOOOO, mi Marc se las mete a 300 y yo a 30, km\/h todo.<\/p>\n<p>Verg\u00fcenza me da reconocerlo. Tengo el orgullo motero super herido, \u201cmecagoentoloquesemenea\u201d de aqu\u00ed a Jerez. Varias cosas os digo.<\/p>\n<p>Primera cosa, <b>nada que ver con un coche,<\/b> que ya lo sab\u00edamos. Un coche lo aguanta todo, y cuando digo todo, es todo. En una moto no se puede ni pesta\u00f1ear. <b>Va para donde t\u00fa miras<\/b>, pero va que va, vamos que no tienes cojones a cambiar de direcci\u00f3n a tiempo.<\/p>\n<p>Piedra que miro por peque\u00f1ina que sea, piedra que atropello. Que yo no quiero pillarla ni nada, pero como la mire m\u00e1s de un milisegundo, pobre de ella, no la salva ni Blas. Y as\u00ed todo.<\/p>\n<p>Segunda cosa. Yo estoy haciendo pr\u00e1cticas con una de 500, ah\u00ed es nada, ahora ya es obligatoria esa cilindrada para examen. Yo pensaba que admit\u00edan mucho m\u00e1s margen los mandos, es decir, cambio de marchas, frenos y acelerador. Ni de co\u00f1a. <b>Hay que hilar muy fino, pero que muy, muy, muy fino<\/b>.<\/p>\n<p>Si a eso le soplas al acelerador y te vas a Albacete sin querer. Frenas \u201cde alante\u201d y te quedas clavao, y ya puedes tener cuidad\u00edn, que te vas contra el dep\u00f3sito y te esco\u00f1as, nunca mejor dicho, jejejejje.<\/p>\n<p><b>Lo que mejor hac\u00eda los primeros d\u00edas era bloquear el cambio de marchas<\/b>, eso se me daba superbien; me descojonaba, pasaba de primera a tercera sin querer, del tir\u00f3n, buscando el \u00abputo\u00bb muerto. Confirmado. El cambio de marchas en una moto es muy, muy, muy suave. <\/p>\n<p>Pens\u00e1ndolo bien, todo esto explica muchas cosas. S\u00ed. Todas ellas relacionadas con las habilidades de los chicos que llevan moto. <b>Interesante informaci\u00f3n.<\/b> Ah\u00ed os lo dejo chicas. No pregunto, confirmo.<\/p>\n<p>M\u00e1s cosas. <b>\u00bfQu\u00e9 me dec\u00eds de las curvas a derechas?<\/b>, que igual falta NO hacen, digo yo. \u00bfAlguien conoce alguna carretera solo con curvas a izquierdas y que sea circular?, hombre, para poder volver m\u00e1s que nada. Ahora que lo pienso, la circunvalaci\u00f3n de mi pueblo si la cojo a izquierdas, cumple. Y el d\u00eda que me venga arriba, la cojo a derechas, y que sea lo que el Universo quiera.<\/p>\n<p>De verdad que las curvas a izquierdas se me dan muy bien; yo creo que por lo menos tres graditos ya tumbaba, a lo loco total. Incluso yendo al paso la tortuga como voy yo, cuando las coges bien es genial, lo notas, la sensaci\u00f3n es que fluyes con la moto. Cuando las coges mal, es una cagada, es como que la moto va por un lado y t\u00fa por otro, no mola nada.<\/p>\n<p>He de matizar, que las curvas a izquierdas <b>se me DABAN muy bien<\/b>. Desde la segunda hostia la semana pasada les he cogido miedito a las curvas en general, ya lo s\u00e9, \u00a1esto es un no parar de mejorar&#8230;!, no me dig\u00e1is nada por favor, que ya lo s\u00e9. No s\u00e9 si la moto va a aguantar hasta que yo apruebe, empiezo a tener mis dudas.<\/p>\n<p><b>De rodillas para abajo parezco un ni\u00f1o de 5 a\u00f1os,<\/b> ay ama, las botas rozadas y\/o manchadas, moratones, alg\u00fan raspon\u00edn, hoy cojeaba, un cuadro vamos. De eso que llegas as\u00ed a casa, te coge una madre de las de antes, y te iguala por arriba de la \u201cso manta palos\u201d que te da por haber estado haciendo el gilipollas por ah\u00ed y volver a casa hecho un Cristo.<\/p>\n<p><b>#pahabernosmatao1<\/b>: era el segundo d\u00eda que cog\u00eda la moto, me qued\u00e9 mirando el bordillo en una curva, y zasca, creo que menos el freno deb\u00ed tocar todos los mandos de la moto, bueno, los que me di\u00f3 tiempo. Rasponazo en la bota y rodilla derechas, bastante m\u00e1s la bota que yo afortunadamente.<\/p>\n<p><b>#pahabernosmatao2<\/b>: se me fu\u00e9 de atr\u00e1s, por frenar cuando no tocaba, y cuando me quise dar cuenta ya estaba en el suelo, golpetazo en la rodilla izquierda, esto fu\u00e9 el jueves pasado, ja, parec\u00eda que no, pero s\u00ed, desde ayer tengo un cojo-morat\u00f3n que no veas. Los deportes de riesgo es lo que tienen.<\/p>\n<p><b>#pahabernosmatao3<\/b>: ayer, buffff, ayer no era capaz de meter la moto en las curvas, en ninguna, por aquello del miedito. \u00bfQue pas\u00f3?, pues que en una de esas, me iba recta, como mi Marc, a la grava; esta vez si fren\u00e9, \u00a1\u00a1menos mal que algo voy aprendiendo!!, si no llego a frenar, me estampo contra una tapia.<\/p>\n<p>No s\u00e9 qu\u00e9 hice en esta \u00faltima, que me desequilibr\u00e9 al final, se me inclin\u00f3 la moto a derechas, y ya no pude mantenerla, se fu\u00e9 al suelo, ella, yo no, perooo, aunque no lo not\u00e9, me deb\u00ed llevar golpetazo en el pi\u00e9 derecho. Y de paso jod\u00ed otro par de botas que se mancharon de grasa. Ya van dos pares.<\/p>\n<p><b>Con esos dos pares tiro hasta que apruebe todo, s\u00ed o s\u00ed<\/b>. Y luego a las rebajas, a celebrarlo.<\/p>\n<p>Joder, pues por la tarde cre\u00ed que me mor\u00eda del dolor en el pi\u00e9. Hac\u00eda muuuuchoooo que no sent\u00eda tanto dolor. <b>En dos horas aquello se puso de parto, \u00a1que rato m\u00e1s malo!<\/b>. A la pata coja, sin poder apoyar, no pod\u00eda ni conducir, subiendo las escaleras de casa arrastr\u00e1ndome de culo, las bajaba saltando, haci\u00e9ndome la cena sentada en una silla, sufr\u00ed al quitarme el calcet\u00edn, un dolorrr, \u00a1no os digo m\u00e1s!.<\/p>\n<p>Menos mal que me quedaba una cajita de tramadol de los buenos tiempos, jejejeje, me atic\u00e9 uno y dorm\u00ed toda la noche del tir\u00f3n, eso y ponerle fr\u00edo, me han salvado la vida. Hoy ya estaba much\u00ediiisimo mejor.<\/p>\n<p>Total, que cuando recupere sensaciones, que espero sea ya mismo, al l\u00edo. El circuito de velocidad ya lo tengo, casi lo hac\u00eda en tiempo antes del baj\u00f3n de confianza. El otro circuito, el de habilidad, me est\u00e1 costando m\u00e1s. Tambi\u00e9n lo hac\u00eda mejor que lo hago, as\u00ed que espabilar\u00e9, por la cuenta que me trae.<\/p>\n<p><b>Los conos a tresbolillo son un engendro del diablo<\/b>. Adem\u00e1s, te dicen que hay 4 metros desde el final de la raya hasta el primer cono, y los hay, pero da la sensaci\u00f3n de que es medio metro, \u00bfd\u00f3nde est\u00e1n los otros que faltan, ehhh, d\u00f3nde est\u00e1n?.<\/p>\n<p><b>Ya s\u00e9 que igual no lo parece, pero yo sigo pensando que he nacido para esto<\/b>. A ver, no descojonarse. Sed ben\u00e9volos. Que si no lo tuviese yo claro no me hab\u00eda metido en este berenjenal. Confiad. Esto le pasa en mayor o menor grado a casi todo el mundo, lo que pasa que nadie o casi nadie lo cuenta, porque jode, y jode bastante, os lo aseguro.<\/p>\n<p>A m\u00ed me ha ido muy bien ri\u00e9ndome de m\u00ed misma en esta vida, y no voy a dejar de hacerlo aunque haya testigos. Eso s\u00ed, una cosa es que lo cuente yo, y otra que me venga a putear alguien con esto \u00bfehhh?, desde el cari\u00f1o todo lo que quer\u00e1is, a mala hostia no aguanto ni media.<\/p>\n<p><b>Me gusta\/necesito sentir que soy yo la que lleva la moto<\/b>, no que es la moto la que me lleva a m\u00ed. Me pasa lo mismo con el coche. Son sensaciones, pero seguro que sab\u00e9is de lo que hablo, \u00bfa qu\u00e9 s\u00ed?. Y hablando de sensaciones, las buenas encima de la moto son incre\u00edblemente buenas, compensan de lejos las ca\u00eddas. Esto son horas de vuelo, as\u00ed que, a volar. Feliz.<b><br \/><\/b><\/p>\n<p><b>En cualquier caso, y este es mi \u00e9xito, no est\u00e1 nada mal para alguien que hace 4 a\u00f1os y medio no pod\u00eda ni caminar, \u00bfehhh?. Yo dir\u00eda que est\u00e1 mejor que bien&#8230;.<\/b><b><br \/><\/b><\/p>\n<p><b>Copyright \u00a9 2018 Yofuiunachicalyme. Todos los derechos reservados. Para usar alguna foto \u00f3 texto, nombra la procedencia y a\u00f1ade un link al art\u00edculo original de este blog<\/b><\/p>\n<p><\/body><\/html><\/p>\n","protected":false},"excerpt":{"rendered":"<p>Escrito el Martes, 30 de Enero de 2018 Este es el primer post del 2018. Y se lo voy a dedicar a algo muy, muy, muy especial para m\u00ed. Hace tiempo que ya ten\u00eda en mente escribir sobre algunas cosas que me estoy permitiendo, y que son la hostia. Se puede decir m\u00e1s alto, pero &hellip; <a href=\"https:\/\/yofuiunachicalyme.com\/?p=159\" class=\"more-link\">Continue reading<span class=\"screen-reader-text\"> \u00abA Lo Loco Se Vive Mejor\u00bb<\/span><\/a><\/p>\n","protected":false},"author":4,"featured_media":0,"comment_status":"open","ping_status":"open","sticky":false,"template":"","format":"standard","meta":{"footnotes":""},"categories":[5],"tags":[],"class_list":["post-159","post","type-post","status-publish","format-standard","hentry","category-motos","group-blog","hfeed"],"_links":{"self":[{"href":"https:\/\/yofuiunachicalyme.com\/index.php?rest_route=\/wp\/v2\/posts\/159"}],"collection":[{"href":"https:\/\/yofuiunachicalyme.com\/index.php?rest_route=\/wp\/v2\/posts"}],"about":[{"href":"https:\/\/yofuiunachicalyme.com\/index.php?rest_route=\/wp\/v2\/types\/post"}],"author":[{"embeddable":true,"href":"https:\/\/yofuiunachicalyme.com\/index.php?rest_route=\/wp\/v2\/users\/4"}],"replies":[{"embeddable":true,"href":"https:\/\/yofuiunachicalyme.com\/index.php?rest_route=%2Fwp%2Fv2%2Fcomments&post=159"}],"version-history":[{"count":1,"href":"https:\/\/yofuiunachicalyme.com\/index.php?rest_route=\/wp\/v2\/posts\/159\/revisions"}],"predecessor-version":[{"id":275,"href":"https:\/\/yofuiunachicalyme.com\/index.php?rest_route=\/wp\/v2\/posts\/159\/revisions\/275"}],"wp:attachment":[{"href":"https:\/\/yofuiunachicalyme.com\/index.php?rest_route=%2Fwp%2Fv2%2Fmedia&parent=159"}],"wp:term":[{"taxonomy":"category","embeddable":true,"href":"https:\/\/yofuiunachicalyme.com\/index.php?rest_route=%2Fwp%2Fv2%2Fcategories&post=159"},{"taxonomy":"post_tag","embeddable":true,"href":"https:\/\/yofuiunachicalyme.com\/index.php?rest_route=%2Fwp%2Fv2%2Ftags&post=159"}],"curies":[{"name":"wp","href":"https:\/\/api.w.org\/{rel}","templated":true}]}}