{"id":161,"date":"2017-12-31T14:28:01","date_gmt":"2017-12-31T14:28:01","guid":{"rendered":"http:\/\/yofuiunachicalyme.com\/?p=161"},"modified":"2020-03-03T15:28:04","modified_gmt":"2020-03-03T15:28:04","slug":"tacones-en-la-arena","status":"publish","type":"post","link":"https:\/\/yofuiunachicalyme.com\/?p=161","title":{"rendered":"Tacones en la Arena"},"content":{"rendered":"<p><html><body><\/p>\n<p><b>Escrito el Viernes, 29 de Diciembre de 2017<\/b><\/p>\n<p>\u00a1Qu\u00e9 intenso todo chic@s!, est\u00e1 el mes de Diciembre de un entretenido que da miedito. Hoy pensaba yo, perooooo, \u00bfhace cu\u00e1nto que no escribo?; y lo he mirado. Mes y poco, tampoco tanto, sin embargo, la sensaci\u00f3n es que ha transcurrido much\u00edsimo tiempo. Normal, <b>Diciembre ha venido como el a\u00f1o 2017<\/b>, d\u00e1ndolo todo y m\u00e1s.<\/p>\n<p>Siento deciros que <b>NO me ha tocado la loter\u00eda<\/b>, y lo peor no es eso, que va, lo peor es que el taxista de Cervera TAMPOCO ha salido en la tele, \u00bfos lo pod\u00e9is creer?, loca me qued\u00e9, pero que muy loca.<\/p>\n<p>En fin, ya he hablado yo, ya sab\u00e9is con quien, para decirle que me tiene un poco descolocada con este tema. Vete t\u00fa a saber para qu\u00e9 ser\u00eda entonces. Da igual. Ya me enterar\u00e9. Una pena, por el dinero digo, jejejejeje, \u00bfa qui\u00e9n no le vendr\u00eda bien, verdad?.<\/p>\n<p><b>Aclarado esto, vamos al turr\u00f3n.<\/b><\/p>\n<p>He esperado adrede para escribir este post, porque <b>primero ten\u00eda que producirse un evento<\/b>. Ahora os lo desarrollo. Lo cierto es que pod\u00eda haberlo escrito antes, y publicarlo ahora, pero no lo he hecho as\u00ed. Yaaaa, &#8230;. es lo que tiene el directo. Toca escribir con alegr\u00eda para que me d\u00e9 tiempo a subirlo antes de comenzar el A\u00f1o Nuevo.<\/p>\n<p>Por otro lado, como no, <b>tiene mucho sentido que este post lo escriba hoy.<\/b> Si es que, pens\u00e1ndolo bien, no pod\u00eda ser de otra manera. Hoy es mi cumplea\u00f1os de nacimiento, ole con ole. Que no lo iba yo a publicitar aqu\u00ed, peeeeero, tu propones, y el Universo dispone. Siendo hoy, no puedo dejar de mencionarlo.<\/p>\n<p>En los cumples se suelen hacer regalos, y lo que yo os voy a contar aqu\u00ed es un regalazo, mejor en may\u00fasculas, que la ocasi\u00f3n lo merece, <b>REGALAZO<\/b>.<\/p>\n<p><b>\u201cTacones en la Arena\u201d es el t\u00edtulo de un libro<\/b>. De un libro muy especial. Si no fuese as\u00ed, no hablar\u00eda yo de \u00e9l, ya me conoc\u00e9is.<\/p>\n<p>All\u00e1 por el mes de Septiembre habl\u00e9 con alguien por si le apetec\u00eda asistir a una presentaci\u00f3n que yo hac\u00eda, <b>ese alguien se llama Lola,<\/b> y me dijo, pues no puedo ir pero te iba a llamar yo, anda que bien, dime.<\/p>\n<p>Pues tengo ya casi listo mi \u00faltimo libro,<b> <\/b>genial (yo le\u00ed el \u00faltimo de ella y me encant\u00f3); y me dice, <b>es un compendio de relatos cortos sobre historias \u201cdiferentes\u201d y reales, contadas por mujeres, con un trasfondo de cr\u00edtica social grandecito<\/b>, suena bien, lo mismo me meten en la c\u00e1rcel y todo, anda, anda, no jodas, como te van a meter en la c\u00e1rcel, no ser\u00e1 para tanto, \u00bfo s\u00ed?.<\/p>\n<p>Y ahora viene lo bueno, me dijo, <b>me gustar\u00eda incluir tu historia<\/b>, mira, al otro lado del tel\u00e9fono se me pusieron los pelos como escarpias,\u00a0 creo que no atin\u00e9 a decir nada, y cuando lo estaba digiriendo, me dice, y <b>adem\u00e1s, quiero que la escribas t\u00fa,<\/b> ah\u00ed ya si que me qued\u00e9 m\u00e1s para all\u00e1 que para ac\u00e1. Flip\u00e9.<\/p>\n<p>Que alguien te pida incluir TU historia en SU libro, y que adem\u00e1s, te permita que la escribas t\u00fa, porque como Lola me dijo, que me encant\u00f3, es una expresi\u00f3n muy de aqu\u00ed, <b>\u201cescribes como Dios\u201d<\/b>, yo es que no gorgotaba palabra.<\/p>\n<p>Me mand\u00f3 el borrador para ver que me parec\u00eda. <b>Me encant\u00f3.<\/b> Y yo iba y voy a formar parte de ese proyecto, wow, o mejor guau como decimos en Espa\u00f1a, que si no igual alguien no me entiende, tanta espiroqueta enganchada por ah\u00ed&#8230;. Si v\u00e9is que se me va pel\u00edn la mano con los anglicismos dec\u00eddmelo por favor.<\/p>\n<p>Y con el subid\u00f3n,<b> hala a escribir. <\/b>Yo estaba como casi siempre hasta arriba, viajando, con unas ferias, con las cosas de terapias, las hidros, comprar anfetas por internet, yoga, pilates, bueno ahora las telas (ya os contar\u00e9 en el pr\u00f3ximo post), chicos, motos, alguna sesi\u00f3n con gente que me contact\u00e1is a trav\u00e9s del blog (eternamente agradecida).<\/p>\n<p>Total que pasaron unas semanas, y ya le dije, Lola, <b>yo llevo un ingeniero dentro, t\u00fa dime para cuando lo necesitas, y yo te lo tengo<\/b>, pero dame una fecha.<\/p>\n<p>Y me sugiri\u00f3, bueno mujer, si andas apurada, tienes mucho escrito en el blog que yo lo he le\u00eddo, copia y pega lo que mejor te encaje, seguro que queda bien. Y yo, <b>\u00bfc\u00f3moooooooo?, \u00bfperdonaaaaaa?,<\/b> gracias pero ni hablar.<\/p>\n<p>Ya ver\u00e9 de d\u00f3nde saco el tiempo, algo tan especial merece que lo que escriba sea<b> \u201cad hoc\u201d<\/b>, es decir, a la carta, escrito para la ocasi\u00f3n. Y eso es lo que hice. Estaba trabajando en Burgos los d\u00edas que lo acab\u00e9 de escribir, y me dec\u00eda una prima, que traj\u00edn te traes, no me pod\u00eda imaginar que llevases ese ritmo. <b>Afortunadamente, PUEDO.<\/b><\/p>\n<p>En cuanto le\u00ed el borrador supe qu\u00e9 era lo que quer\u00eda contar, cu\u00e1l era la parte que quer\u00eda plasmar ah\u00ed de mi vida relacionada con el Lyme. Lola estuvo en la charla que yo d\u00ed aqu\u00ed en Santa M\u00aa el a\u00f1o pasado, y le lleg\u00f3 mi discurso. <b>S\u00e9 que soy una gran comunicadora.<\/b> No se me ocurre mejor forma de aprovechar ese talento que lo que estoy haciendo.<\/p>\n<p><b>Mi misi\u00f3n es,<\/b> igual que hice en aquella emocionante charla, <b>seguir contribuyendo a que se conozca la enfermedad<\/b>, su dureza extrema, <b>as\u00ed como el maltrato que recibimos por parte de todos los colectivos, m\u00e9dico, social, y familiar.<\/b><\/p>\n<p>Esto es as\u00ed, guste o no guste. Que s\u00ed, que el maltrato puede ser consciente, inconsciente, involuntario, sin querer, queriendo, por joder, desde la ignorancia \u00a1que mira que es atrevida!, vale,<b> ponedle el apellido que quer\u00e1is, pero el sustantivo es el que es.<\/b><\/p>\n<p>Que os puedo decir, fueron d\u00edas intensos, liber\u00e9 emociones, ya lo leer\u00e9is, bueno si os apetece claro. Lo que me lleva a lo siguiente. <b>Mi contribuci\u00f3n es altruista, pero no desinteresada.<\/b> Me explico que os vais a reir.<\/p>\n<p>Cuando ya lo hab\u00eda escrito, se lo env\u00edo a Lola por email, me da un<b> \u201cGENIAL\u201d y no me cambia nada del texto.<\/b> Gracias. Ole yo. Esto es todo muy nuevo para m\u00ed, y confieso que estaba nerviosita por saber su opini\u00f3n. Lo maquetamos, m\u00e1s ella que yo, y listo para el editor con el resto de relatos.<\/p>\n<p>Y en ese momento, me pregunta \u201coye, <b>me tendr\u00e1s que decir cu\u00e1les son tus honorarios\u201d<\/b>, y yo, <b>\u201cco\u00f1o, pues igual eso ten\u00edamos que haberlo hablado antes,<\/b> \u00bfno te parece&#8230;?\u201d, \u201cpues s\u00ed, jejejeje\u201d.<\/p>\n<p>Mi respuesta fue, \u201c\u00bfmis honorarios por este regalazo que me has hecho?, nada nena, <b>si cuando te hartes de sacar ediciones del libro, te apetece contribuir a mi crowdfunding para sacarme el carn\u00e9 de moto, encantada<\/b>\u201d, \u201c jajajajajaja, hecho, lo que me pidas\u201d.<\/p>\n<p>Y a\u00f1ado yo ahora Lola, que si esto se nos va de las manos, y hablamos de la hostia de ediciones, vamos a por la moto, de segunda mano, por supuesto. \u00bfTe parece?.<\/p>\n<p>Como me dijo un chico Lyme el a\u00f1o pasado, espero que los Reyes te traigan por lo menos, una moto de 500, jajajajajaja, me encant\u00f3 esa frase. Pensemos en abundancia. Seguro que conoc\u00e9is la frase que dice <b>\u201cSi tus sue\u00f1os no te dan miedo, es que no son lo suficientemente grandes\u201d.<\/b><\/p>\n<p>Y desde entonces <b>me siento como una ni\u00f1a a la que le dicen \u201cte vamos a llevar a la playa\u201d<\/b>, cu\u00e1ndo, cu\u00e1ndo, cu\u00e1ndo, el s\u00e1bado, y la ni\u00f1a est\u00e1 atacada todos los d\u00edas, nada m\u00e1s que se despierta coge el cubo y la pala, te mira con los ojos grandes, una sonrisa que te deshace y te dice, \u00bfya es s\u00e1bado?, \u00bfya es s\u00e1bado?, no a\u00fan no, y cuando llega el s\u00e1bado, por fin, la ni\u00f1a te despierta a las 7 de la ma\u00f1ana, con el cubo y la pala en mano obviamente, y diciendo, es s\u00e1bado, <b>nos vamos a la playa, nos vamos a la playa,<\/b>&#8230;. <\/p>\n<p>Tal cual. <b>La presentaci\u00f3n iba a ser esta \u00faltima semana del a\u00f1o,<\/b> por eso estaba esperando a que la hici\u00e9semos para subir este post inmediatamente despu\u00e9s, peeeroooo, a\u00fan no hay fecha hasta donde yo s\u00e9. Supongo que ser\u00e1 en los comienzos del 2018. Os avisar\u00e9. Haremos m\u00e1s presentaciones, fiiijooooo.<\/p>\n<p>Claro, estos d\u00edas se me planteaba un dilema, <b>\u00bfqu\u00e9 hago?,<\/b> espero y publico otra cosa, fijo que algo se me ocurre, o, publico el post tal cual lo tengo visualizado, y lo hacemos de\u00a0 presentaci\u00f3n \u201cno oficial\u201d, que se le va a hacer. Confieso que me ha costado decidirme, es como lo de celebrar un cumple antes de, que da un pel\u00edn de mal rollo, \u00bfsi&#8230;?, pues eso.<\/p>\n<p>Como pod\u00e9is comprobar, <b>me he decidido por la segunda opci\u00f3n.<\/b> El cubo y la pala ya me estaban sobrando, jejejejeje.<\/p>\n<p>Es m\u00e1s, <b>esto es una sorpresa para Lola,<\/b> pens\u00e9 preguntarle primero, a ver si la voy a cagar, o al editor no le hace ni puta gracia, que s\u00e9 yo&#8230;pero, <b>me hace tanta ilusi\u00f3n<\/b> que se encuentre as\u00ed a lo bonzo en su email el aviso de este post, por aquello del t\u00edtulo, que me he pasado la raz\u00f3n por el forro, y he decidido seguir mi intuici\u00f3n. A tomar por culo la bicicleta&#8230;gran, gran, gran frase.<\/p>\n<p>Que os puedo decir, <b>el libro merece muy mucho la pena<\/b>. Lola es una crack, y yo tambi\u00e9n. Te llega. Os lo digo de coraz\u00f3n. Es para todo el p\u00fablico, masculino y femenino, no es nada \u00f1o\u00f1o, que las historias sean contadas por mujeres no quiere decir que sea un libro destinado al p\u00fablico femenino, para nada. Al contrario, os vais a sorprender.<\/p>\n<p><b>Mi relato da voz<\/b> a cientos de miles y miles de personas que han sufrido y est\u00e1n sufriendo como no os pod\u00e9is ni imaginar. Yo entre ellas, aunque soy muy afortunada al poder hablar en pasado. Mi post Lyme disorder, por llamar de alguna manera a lo poquito que a\u00fan me queda por resolver, ya lo quisieran muchos compis lymers y ex-lymers para s\u00ed.<\/p>\n<p>Os dejo un dato y con esto termino. Os va a impactar.<\/p>\n<p><b>Anualmente a nivel mundial, se documentan m\u00e1s casos de Lyme que de VIH.<\/b> Preguntadle a Dios, es decir, miradlo en Google.<\/p>\n<p\/>\n<p><img decoding=\"async\" src=\"http:\/\/yofuiunachicalyme.com\/wp-content\/uploads\/2020\/02\/img-20171028-wa0010-1.jpg\"\/><\/p>\n<p><\/p>\n<p\/>\n<p>Posible portada del libro. Igual luego la definitiva no tiene nada que ver con esta, pero, creo que merece la pena incluirla. Una imagen vale m\u00e1s que mil palabras. <\/p>\n<p><b>Copyright \u00a9 2017 Yofuiunachicalyme. Todos los derechos reservados. Para usar alguna foto \u00f3 texto, nombra la procedencia y a\u00f1ade un link al art\u00edculo original de este blog<\/b><\/p>\n<p><\/body><\/html><\/p>\n","protected":false},"excerpt":{"rendered":"<p>Escrito el Viernes, 29 de Diciembre de 2017 \u00a1Qu\u00e9 intenso todo chic@s!, est\u00e1 el mes de Diciembre de un entretenido que da miedito. Hoy pensaba yo, perooooo, \u00bfhace cu\u00e1nto que no escribo?; y lo he mirado. Mes y poco, tampoco tanto, sin embargo, la sensaci\u00f3n es que ha transcurrido much\u00edsimo tiempo. Normal, Diciembre ha venido &hellip; <a href=\"https:\/\/yofuiunachicalyme.com\/?p=161\" class=\"more-link\">Continue reading<span class=\"screen-reader-text\"> \u00abTacones en la Arena\u00bb<\/span><\/a><\/p>\n","protected":false},"author":4,"featured_media":0,"comment_status":"open","ping_status":"open","sticky":false,"template":"","format":"standard","meta":{"footnotes":""},"categories":[8],"tags":[],"class_list":["post-161","post","type-post","status-publish","format-standard","hentry","category-regalazos","group-blog","hfeed"],"_links":{"self":[{"href":"https:\/\/yofuiunachicalyme.com\/index.php?rest_route=\/wp\/v2\/posts\/161"}],"collection":[{"href":"https:\/\/yofuiunachicalyme.com\/index.php?rest_route=\/wp\/v2\/posts"}],"about":[{"href":"https:\/\/yofuiunachicalyme.com\/index.php?rest_route=\/wp\/v2\/types\/post"}],"author":[{"embeddable":true,"href":"https:\/\/yofuiunachicalyme.com\/index.php?rest_route=\/wp\/v2\/users\/4"}],"replies":[{"embeddable":true,"href":"https:\/\/yofuiunachicalyme.com\/index.php?rest_route=%2Fwp%2Fv2%2Fcomments&post=161"}],"version-history":[{"count":1,"href":"https:\/\/yofuiunachicalyme.com\/index.php?rest_route=\/wp\/v2\/posts\/161\/revisions"}],"predecessor-version":[{"id":287,"href":"https:\/\/yofuiunachicalyme.com\/index.php?rest_route=\/wp\/v2\/posts\/161\/revisions\/287"}],"wp:attachment":[{"href":"https:\/\/yofuiunachicalyme.com\/index.php?rest_route=%2Fwp%2Fv2%2Fmedia&parent=161"}],"wp:term":[{"taxonomy":"category","embeddable":true,"href":"https:\/\/yofuiunachicalyme.com\/index.php?rest_route=%2Fwp%2Fv2%2Fcategories&post=161"},{"taxonomy":"post_tag","embeddable":true,"href":"https:\/\/yofuiunachicalyme.com\/index.php?rest_route=%2Fwp%2Fv2%2Ftags&post=161"}],"curies":[{"name":"wp","href":"https:\/\/api.w.org\/{rel}","templated":true}]}}