{"id":166,"date":"2017-10-16T17:51:07","date_gmt":"2017-10-16T17:51:07","guid":{"rendered":"http:\/\/yofuiunachicalyme.com\/?p=166"},"modified":"2020-03-03T15:33:20","modified_gmt":"2020-03-03T15:33:20","slug":"el-otono-y-su-puta-madre","status":"publish","type":"post","link":"https:\/\/yofuiunachicalyme.com\/?p=166","title":{"rendered":"El Oto\u00f1o, y Su Puta Madre"},"content":{"rendered":"<p><html><body><\/p>\n<p><b>Escrito el Domingo, 15 de Septiembre de 2017<\/b><\/p>\n<p>Lo s\u00e9, os encanta el t\u00edtulo de este post. Graciassss. A posteriori, le he estado dando alguna pensadita porque igual, solo igual, quedaba un pel\u00edn agresivo as\u00ed de primeras, pero la realidad es que <b>el t\u00edtulo es cojonudo<\/b>, y muy descriptivo del momento que nos ocupa, \u00bfverdad?&#8230;<\/p>\n<p>Hablaba hace unas semanas con una amiga, yo le comentaba sobre esto y ella me dec\u00eda: \u201cque no, que no es as\u00ed, que a m\u00ed me encanta el oto\u00f1o, que adem\u00e1s es mi cumplea\u00f1os, y mi estaci\u00f3n favorita\u201d, de hecho, sin quererlo, resulta que <b>HOY es su cumple<\/b>. Que fuerte, ehhh?, llevo d\u00edas queriendo escribir, me pongo a ello justo hoy, y empiezo por esta historia,&#8230;<\/p>\n<p>Entiendo que ah\u00ed arriba quieren que tribute este \u201chomenaje\u201d a una chica valiente que ha vencido a la enfermedad, en su caso c\u00e1ncer, una chica que ha entendido, que est\u00e1 cambiando \u201ccositas\u201d en sus patrones y en su vida para permanecer en el lado de la salud, y lo est\u00e1 consiguiendo. Pongamos que se llama Mar\u00eda, nombre comod\u00edn, <b>FELICIDADES MAR\u00cdA<\/b>, te lo mereces.<\/p>\n<p>Dicho esto, <b>no tengo NADA en contra del oto\u00f1o como estaci\u00f3n.<\/b> Es m\u00e1s, hasta me gusta. S\u00ed.<\/p>\n<p>Todav\u00eda hace calorcito; el paisaje se pone superchulo; si vas por la monta\u00f1a, por el campo, o por la sierra flipas con los colores; es como volver al cole, pero sin el como, solemos empezar a hacer tareas despu\u00e9s del relax del verano, nos ponemos objetivos nuevos; presta estar en casa calent\u00edn mientras fuera refresca o llueve; etc. Todo eso mola.<\/p>\n<p>Ahora bien, <b>lo que el hijo puta del oto\u00f1o zurra f\u00edsica, y emocionalmente&#8230;, para el que lo quiera<\/b>. Co\u00f1o, <b>que va a hacer buena a la primavera<\/b>, con eso os lo digo todo. Ahora que ya han pasado unas semanas desde que empez\u00f3 oficialmente, un pel\u00edn mejor, pero justo al principio, ufff, que horror.<\/p>\n<p>Y eso que estaba, y est\u00e1, haciendo tiempo de verano, ja, ver\u00e1s cuando esto cambie a clima oto\u00f1al, ni pensarlo quiero.<\/p>\n<p>No exagero nada. <b>Es dur\u00edsimo. <\/b>Es todo circunstancial, pero dur\u00edsimo. Y como te empiezas a encontrar peor f\u00edsicamente, al final te pasa factura emocionalmente, normal, que somos humanos. Ya os digo que ahora mejor, pero, <b>\u00a1qu\u00e9 dos o tres semanas pas\u00e9!.<\/b> Bueno yo, y cualquiera que est\u00e9 en recuperaci\u00f3n de algo m\u00e1s o menos intenso, se llame como se llame.<\/p>\n<p>Es que, a ver, si a los que est\u00e1n sanos 100%, ya les atiza, <b>\u00bfque no va a hacer el Sr. Oto\u00f1o con los dem\u00e1s?,<\/b> arrastradic@s, arrastradic@s&#8230;.<\/p>\n<p><b>Un d\u00eda de esos,<\/b> estaba yo sentada con esa chica de mi pueblo de la que os he hablado alguna vez, y claro, <b>si yo, que ya no me queda apenas nada que resolver estaba que mord\u00eda<\/b>, imaginaos ella que f\u00edsicamente se encuentra a\u00fan con much\u00edsimas m\u00e1s cosas.<\/p>\n<p>Las dos sentadas en el banco del<b> jard\u00edn de mi casa<\/b> (le llamo as\u00ed desde peque\u00f1a, era un jard\u00edn municipal que ahora es m\u00e1s una plaza, pero que est\u00e1 superbien), luego os pongo una foto. Ver\u00e9is que lujazo, gratis, y\u00a0 a la puerta de casa.<\/p>\n<p>Ah\u00ed al sol, una tarde espectacular, y me dice ella, \u201cqu\u00e9, qu\u00e9 tal est\u00e1s\u201d, y yo, <b>\u201chasta los huevos, no me soporto ni yo\u201d,<\/b> \u201caayyyy, lo mismito que yo\u201d, \u201cya\u201d, \u201cpero, \u00a1\u00a1c\u00f3mo puede ser!!, con lo bien que estaba en verano\u201d, \u201cjajajajaja, \u00bfme lo dices o me lo cuentas\u201d, \u201cparece imposible que esto sea s\u00f3lo por el cambio de estaci\u00f3n\u201d, <b>\u201cpues lo es, que eso se aprende en parvulitos de Lyme\u201d<\/b><\/p>\n<p>Y me dice ella,<b> \u201cel otro d\u00eda mand\u00e9 a tomar por culo todo\u201d<\/b>. OJO, esto es importante resaltarlo, muy importante, porque ella es muy comedida en sus expresiones, y que diga eso textualmente es&#8230;., como si yo llevase echando juramentos por la boca media hora. Eso s\u00ed, <b>que bueno ese ratito ri\u00e9ndonos\/descojon\u00e1ndonos de nuestras miserias.<\/b><\/p>\n<p><b><br \/><\/b><\/p>\n<p><b\/><\/p>\n<p><b><img decoding=\"async\" src=\"http:\/\/yofuiunachicalyme.com\/wp-content\/uploads\/2020\/02\/img-20160623-wa0008-1.jpg\"\/><\/b><\/p>\n<p><b><img decoding=\"async\" src=\"http:\/\/yofuiunachicalyme.com\/wp-content\/uploads\/2020\/02\/img-20160623-wa0009-1.jpg\"\/><\/b><\/p>\n<p><b><br \/><\/b><\/p>\n<p\/>\n<p>Voy con otra an\u00e9cdota del paisaje oto\u00f1al. <b>El otro d\u00eda, me tir\u00e9 a la calle, literalmente, buscando compa\u00f1\u00eda<\/b>. Algo rar\u00edsimo en m\u00ed. Es m\u00e1s, suelo buscar tiempo para m\u00ed porque a veces lo echo en falta. En ocasiones me sobra la gente. Lo que o\u00eds. Pues ese d\u00eda, todo al rev\u00e9s. Eso de buscando compa\u00f1\u00eda, puede sonar un poco mal, pero ya ver\u00e9is que no, que es inocente en todas sus formas.<\/p>\n<p>F\u00edjate que tengo cosas yo para hacer de ocio y de negocio, 500.000, pues me sent\u00eda, c\u00f3mo describirlo, mira s\u00ed,<b> me sent\u00eda \u201ctranqui-tensa\u201d<\/b>, eso es. Este t\u00e9rmino lo acu\u00f1\u00e9 en un taller de esos de emociones y t\u00e9cnicas varias creo recordar. Lo coment\u00f3 una de las asistentes.<\/p>\n<p>Aunque esto m\u00edo de ese d\u00eda era m\u00e1s exagerado. Como una mezcla de tarde de domingo de invierno aburrido con regla, pel\u00edcula rom\u00e1ntica de Antena 3, y morri\u00f1a de no sabes qu\u00e9, pero que te est\u00e1 jodiendo que no veas&#8230;. \u00bfsab\u00e9is c\u00f3mo os digo, verdad?.<\/p>\n<p>Pues eso. <b>Que te est\u00e1s poniendo tu sol@ de una mala hostiaaaaaa<\/b>. Con fresquito en casa adem\u00e1s, mira, mira, mira, <b>\u00a1\u00a1si eran las 11:30 de la ma\u00f1ana!!,<\/b> y yo sin comida, ole con ole, un completo vamos. Un drama no, un dram\u00f3n. Decir de m\u00ed, que era un polvor\u00edn con patas, era quedarse muy corto.<\/p>\n<p>Dije, Diosss, aqu\u00ed muero, me largo. <b>Al primer@ que me encuentre por la calle, zas, all\u00ed me quedo.<\/b> Y tal cual. Oye, y ese Universo, que tanto me cuida, me mand\u00f3 a dos colegas. All\u00ed quieta que me qued\u00e9 al sol charlando un rato. <b>El sol y dormir lo curan casi todo.<\/b><\/p>\n<p>Y uno me dice, acabo de comprar para comer, \u00bfquieres venir?, hombre por querer, \u00bfqu\u00e9 tienes&#8230;?, y me dijo la palabra m\u00e1gica, <b>\u201cPOLLO\u201d.<\/b> Dije yo\u00a0 VOOOOYYYYYYYY&#8230;jajajajaja, aqu\u00ed pondr\u00eda la sevillana del whatsapp a todo bailar.<\/p>\n<p>C\u00f3mo me ver\u00edan de jodida ah\u00ed arriba que me mandaron esa ayudita con la comida. No pod\u00eda con la vida. <b>Gracias. Gracias. Y mil veces gracias.<\/b> Por la tarde, estaba yo nueva oye. <b>N-U- E-V-A.<\/b> Pero claro, algo necesitas hacer para romper esa cadena, si no, te mueres del asco.<\/p>\n<p>M\u00e1s an\u00e9cdotas. Hablaba hace poco por whatsapp con un chico Lyme, bueno, mejor dicho, chico con <b>\u201cpost Lyme disorder\u201d<\/b>. Me gust\u00f3 ese t\u00e9rmino cuando lo le\u00ed. Telita con el post Lyme disorder, maaadreee miiiiaaaa, eso como el oto\u00f1o, para su puta madre, <b>podemos meter los dos conceptos en el mismo saco<\/b>, jejejejejeje. Yo creo que por eso pasamos por un Lyme cr\u00f3nico, porque el post-Lyme solo es apto para los que hemos pasado y superado esa enfermedad.<\/p>\n<p>El caso es que este chico me comentaba que desde mediados de Agosto hab\u00eda reca\u00eddo, y claro, estaba jodido. Hablando, hablando, resulta que el a\u00f1o pasado tambi\u00e9n le hab\u00eda pasado lo mismo, voil\u00e1, si es que es mejor no rayarse, no sirve para nada. <b>Da igual lo que nosotr@s hagamos, el cambio de estaci\u00f3n a oto\u00f1o y a primavera son muuyyyy jodidos.<\/b> Y punto.<\/p>\n<p><b>Cuando lo entiendes es genial porque est\u00e1s tranquil@.<\/b> Super tranquil@.<\/p>\n<p>No est\u00e1s empeorando, no est\u00e1s m\u00e1s enferm@ que antes, no haces nada malo con la dieta, no te has\u00a0 equivocado con las \u201canfetas\u201d, no hace falta que aumentes las dosis, no necesitas buscar terapias o \u201cdrogas\u201d nuevas, simplemente est\u00e1s cambiando de estaci\u00f3n y est\u00e1s jodid@, punto pelota.<\/p>\n<p><b>Esto que parece tan simple, hasta que eres consciente y lo interiorizas, es una puta locura.<\/b> Luego mola porque te la suda, jajajajaja. De verdad, os lo prometo. Est\u00e1s jodid@ igual, pero no tiene naaadaaa que ver, creedme.<\/p>\n<p>A nosotr@s nos cuesta mucho avanzar en positivo, y algo as\u00ed,<b> te hace, o te puede hacer retroceder muchos meses atr\u00e1s,<\/b> y eso es dur\u00ediiiiiiiiisimo despu\u00e9s del esfuerzo tit\u00e1nico que supone el d\u00eda a d\u00eda de un enfermo de Lyme cr\u00f3nico.<\/p>\n<p>A\u00fan recuerdo mis primeros oto\u00f1os y primaveras antes de \u201centender\u201d, <b>se sufre del verbo SUFRIR<\/b>. As\u00ed que, si algun@ a\u00fan no er\u00e1is conscientes de ello, no pasa res, <b>\u201cS\u00d3LO\u201d ES OTO\u00d1O<\/b>, desde el cari\u00f1o.<\/p>\n<p>Os pongo aqu\u00ed alguno de mis s\u00edntomas por si os ayudan:<\/p>\n<p><b>algo te seca por dentro,<\/b> es una pasada, de repente la piel est\u00e1 extremadamente seca, sin cambiar nada ni agua, ni gel, ni jab\u00f3n, bebiendo la misma cantidad de agua (que ya suele ser mucha), o incluso m\u00e1s, no consigues hidratarte ni de co\u00f1a;<\/p>\n<p><b>las articulaciones de las manos<\/b> en mi caso (tambi\u00e9n puede pasar con las de los pies), se inflaman y duelen, se ponen rojas, rojas, y la piel hasta se cae de esa parte de lo seca que est\u00e1 (esto a m\u00ed ya no me pasa con esa intensidad hace muuuchoooo, afortunadamente, pero S\u00cd lo he vivido, y vaya si lo recuerdo, menudo dolor);<\/p>\n<p>venga a echar crema, y m\u00e1s crema, se la chupa como una bayeta el l\u00edquido; necesitas ponerte guantes DENTRO DE CASA O EN LA OFICINA, porque no soportas el roce con cosas o con tejidos duros, y para evitar que se resequen aun m\u00e1s;<\/p>\n<p><b>el sistema inmunol\u00f3gico cae en picado<\/b>, ufff, menos mal que lo tengo super bien, pero este a\u00f1o me est\u00e1 zurrando mucho, y encima cuando coincide con cosas de chicas, es decir, con la regla&#8230; otra, <b>otra para meter en el saco, <\/b>uffff, pues eso, una bajada del cop\u00f3n;<\/p>\n<p>el otro mes un medio catarro light, y este mes, toma calentura en los morros, ni me acuerdo hace cuanto que no me sal\u00eda una, a\u00f1os, <b>por eso s\u00e9 que este a\u00f1o el meneo oto\u00f1al est\u00e1 siendo m\u00e1s intenso<\/b>.<\/p>\n<p>A ver, qu\u00e9 m\u00e1s, ahhh, s\u00ed, y ya de paso, un d\u00eda que no has comido y que est\u00e1s fuera de casa, se te ocurre la feliz idea de comprar un zumo natural a base de 6 ingredientes, 4 de los cuales sabes, no intuyes, no, <b>SABES que es arriesgado<\/b>, pero la necesidad, era lo menos malo que pude encontrar, me vine arriba, y pedazo de zasca. Total, que \u00bb zumo + sistema inmunol\u00f3gico bajo + regla\u00bb =&gt; \u00abpa habernos matao\u00bb.<\/p>\n<p><b>Los animalitos que a\u00fan quedan se pusieron de un contento<\/b>, angelitos, menuda aver\u00eda, intenso para lo que ahora estoy acostumbrada, pecata minuta en comparaci\u00f3n con, que les den. Eso s\u00ed, a los dos d\u00edas fui a la farmacia porque por las sensaciones ten\u00eda claro que eso no lo arreglaba yo con cosas naturales, NI DE CO\u00d1A.<\/p>\n<p>Necesitaba drogas duras, jejejejeje. Y ha funcionado. Como no tomo nada de eso, al estar tan limpita, hacen super efecto. Menos mal. Que la cosa est\u00e1 intensa, empleamos medidas intensas. <b>Esto se gana por desgaste del enemigo. <\/b>Repet\u00edroslo una y otra vez.<\/p>\n<p>Esto que cuento en clave de humor, no es tan gracioso como puede parecer.<b> Es un desgaste \u201cmu grande\u201d compa\u00f1er@s.<\/b> Yo con mi d\u00eda a d\u00eda ya tengo bastante, os lo puedo asegurar. Tener que pasar por estas experiencias, pues que quer\u00e9is que os diga, me jode, me jode porque me supone un sobre esfuerzo f\u00edsico y emocional a\u00f1adido a todo lo que ya voy gestionando, que os aseguro que no es poco.<\/p>\n<p>A ver, que si lo estoy viviendo es porque me hace falta, vaaaaleeee, lo s\u00e9, pero co\u00f1o, \u00bfqu\u00e9 necesidad de ponerme m\u00e1s a pruebaaaaaaaa?, que ya yo he entendido, dejadme a mi ritmo que apenas me queda nada&#8230;. <\/p>\n<p>Pues no, <b>el Universo ese m\u00edo como dice una amiga,<\/b> tiene su plan, y punto. La parte buena es que gracias a todos estos s\u00edntomas, y a lo mermados que est\u00e1n, <b>SOY MUCHO M\u00c1S CONSCIENTE<\/b> de lo incre\u00edblemente bien que estoy.<\/p>\n<p>Quieta parada. Interesante, muy interesante. Esto que acabo de escribir me lo voy a mirar en privado, con vuestro permiso chic@s. Algo me ha rechinado. Mira que bien, deberes que me llevo, si es que, <b>TODO SON VENTAJAS. <\/b>Hala, ya si eso, para cuando tenga un rato&#8230;.<b><br \/><\/b><\/p>\n<p><b>Copyright \u00a9 2017 Yofuiunachicalyme. Todos los derechos reservados. Para usar alguna foto \u00f3 texto, nombra la procedencia y a\u00f1ade un link al art\u00edculo original de este blog<\/b><\/p>\n<p><\/body><\/html><\/p>\n","protected":false},"excerpt":{"rendered":"<p>Escrito el Domingo, 15 de Septiembre de 2017 Lo s\u00e9, os encanta el t\u00edtulo de este post. Graciassss. A posteriori, le he estado dando alguna pensadita porque igual, solo igual, quedaba un pel\u00edn agresivo as\u00ed de primeras, pero la realidad es que el t\u00edtulo es cojonudo, y muy descriptivo del momento que nos ocupa, \u00bfverdad?&#8230; &hellip; <a href=\"https:\/\/yofuiunachicalyme.com\/?p=166\" class=\"more-link\">Continue reading<span class=\"screen-reader-text\"> \u00abEl Oto\u00f1o, y Su Puta Madre\u00bb<\/span><\/a><\/p>\n","protected":false},"author":4,"featured_media":0,"comment_status":"open","ping_status":"open","sticky":false,"template":"","format":"standard","meta":{"footnotes":""},"categories":[3],"tags":[],"class_list":["post-166","post","type-post","status-publish","format-standard","hentry","category-experiencias","group-blog","hfeed"],"_links":{"self":[{"href":"https:\/\/yofuiunachicalyme.com\/index.php?rest_route=\/wp\/v2\/posts\/166"}],"collection":[{"href":"https:\/\/yofuiunachicalyme.com\/index.php?rest_route=\/wp\/v2\/posts"}],"about":[{"href":"https:\/\/yofuiunachicalyme.com\/index.php?rest_route=\/wp\/v2\/types\/post"}],"author":[{"embeddable":true,"href":"https:\/\/yofuiunachicalyme.com\/index.php?rest_route=\/wp\/v2\/users\/4"}],"replies":[{"embeddable":true,"href":"https:\/\/yofuiunachicalyme.com\/index.php?rest_route=%2Fwp%2Fv2%2Fcomments&post=166"}],"version-history":[{"count":1,"href":"https:\/\/yofuiunachicalyme.com\/index.php?rest_route=\/wp\/v2\/posts\/166\/revisions"}],"predecessor-version":[{"id":294,"href":"https:\/\/yofuiunachicalyme.com\/index.php?rest_route=\/wp\/v2\/posts\/166\/revisions\/294"}],"wp:attachment":[{"href":"https:\/\/yofuiunachicalyme.com\/index.php?rest_route=%2Fwp%2Fv2%2Fmedia&parent=166"}],"wp:term":[{"taxonomy":"category","embeddable":true,"href":"https:\/\/yofuiunachicalyme.com\/index.php?rest_route=%2Fwp%2Fv2%2Fcategories&post=166"},{"taxonomy":"post_tag","embeddable":true,"href":"https:\/\/yofuiunachicalyme.com\/index.php?rest_route=%2Fwp%2Fv2%2Ftags&post=166"}],"curies":[{"name":"wp","href":"https:\/\/api.w.org\/{rel}","templated":true}]}}