{"id":181,"date":"2017-06-28T18:42:17","date_gmt":"2017-06-28T18:42:17","guid":{"rendered":"http:\/\/yofuiunachicalyme.com\/?p=181"},"modified":"2020-03-03T15:35:02","modified_gmt":"2020-03-03T15:35:02","slug":"operacion-mecedora-realizada","status":"publish","type":"post","link":"https:\/\/yofuiunachicalyme.com\/?p=181","title":{"rendered":"Operaci\u00f3n mecedora realizada"},"content":{"rendered":"<p><html><body><\/p>\n<p><b>Escrito el Martes, 27 de Junio de 2017<\/b><\/p>\n<p><b>Soy super fan de la Noche de San Juan<\/b>. Lo confieso. Ya os he comentado alguna vez que, para m\u00ed, es la noche m\u00e1s m\u00e1gica del a\u00f1o junto con la de Reyes. No s\u00e9 que tiene el fuego que me llama, me envuelve, me abraza, me quedo hipnotizada. Y le he cogido yo el gusto a eso de quemar. Ya de chavalina me gustaba, pero desde hace unos a\u00f1os me gusta muuuuuucho m\u00e1s, la verdad.<\/p>\n<p>En mi proceso de sanaci\u00f3n he escrito mucha cosa que luego he ido quemando seg\u00fan me lo ped\u00eda el cuerpo, a medida que iba sanando. Son sensaciones, como todo en la vida, pero quemar me da buen rollo y me deja una sensaci\u00f3n de paz interior que mola. Solo por eso ya merece la pena, sin m\u00e1s.<\/p>\n<p>Parte de lo que voy a escribir ahora lo he vivido hace unos meses, all\u00e1 por Febrero, Marzo, Abril. Pero est\u00e1 todo relacionado. Y como acaba de ser San Juan, pues cuando mejor que ahora para escribirlo&#8230;Este post se pod\u00eda haber titulado tambi\u00e9n <b>\u201cOperaci\u00f3n San Juan realizada\u201d,<\/b> de hecho, a\u00fan no lo descarto. Os cuento.<\/p>\n<p>Al volver a la casa familiar, donde yo me cri\u00e9 de ni\u00f1a, se han revuelto cosas. Entre ellas,<b> empec\u00e9 a mirar con muy mala cara a una mecedora antigua<\/b>, parte de la herencia familiar (ya os imagin\u00e1is lo que puede venir ah\u00ed enganchado, miedito me daba). Cada vez que yo pasaba al lado, es que me cambiaba la cara. Me daba un mal rolloooooo&#8230;.. me recordaba al chiste aquel que te pon\u00edas un tricornio de la Guardia Civil, y te entraba una mala hostiaaaaaaa que pa qu\u00e9, pues eso mismito.<\/p>\n<p>Yo recuerdo el d\u00eda que la trajimos a casa, mi madre, mi hermana la mediana, y yo. <b>Nosotras \u00e9ramos ni\u00f1as<\/b>. Y el recuerdo no era bueno. Por lo que iba hablando mi madre mientras la tra\u00edamos a casa. No recuerdo exactamente las palabras, pero algo <b>hubo ah\u00ed que a m\u00ed me tiraba para atr\u00e1s<\/b>. Y ha estado latente todos estos a\u00f1os. Ya sab\u00e9is, de las cosas que te acuerdas no son ni buenas, ni malas, simplemente son importantes para t\u00ed. Por el motivo \u201cx\u201d, pero son importantes para t\u00ed.<\/p>\n<p>El caso es que esa sensaci\u00f3n a negativo fu\u00e9 \u00abincrecendo\u00bb y a m\u00ed no se me quitaba de la cabeza que me ten\u00eda que deshacer de la dichosa mecedora. Mira, <b>tuve claro que hab\u00eda que quemarla s\u00ed, o s\u00ed,<\/b> no era solo cuesti\u00f3n de que yo no la viera, o de regalarla. Menuda putada regal\u00e1rsela a alguien, quita, quita. Dije, para San Juan, con el pedazo de hoguera que se hace en el pueblo, a huevo. Maadre m\u00ediia, si faltaban 5 meses o m\u00e1s para esa fecha, ni de co\u00f1a, no pod\u00eda esperar tanto. <b>Ya estaba yo nerviosita en modo cumplir objetivos<\/b>, vamos, que ya estaba tardando. Y un d\u00eda paseando con una vecina, me vino la info para completar el asunto. No era solo quemarla, no, <b>la iba a destrozar primero <\/b>en cachitos peque\u00f1ines. Cuando lo visualic\u00e9 sonre\u00ed, me v\u00ed total y absolutamente haci\u00e9ndolo, y entend\u00ed que eso era lo que tocaba. Eso era lo que yo necesitaba para liberar lo que fuera o fuese con la familia materna.<\/p>\n<p>Y de paso, puestos a quemar, me vino la info en forma de feliz idea, de que por el mismo precio <b>tambi\u00e9n iba a quemar TODOS los diarios <\/b>que he escrito a lo largo de mi vida, exactamente durante 32 a\u00f1os, desde los 13. Joder lo que escribo, la virgen, s\u00ed, ya s\u00e9 que lo sab\u00e9is por el blog, me consta, pero es que eran mogoll\u00f3n y mogoll\u00f3n de cuadernos. Un caja llena. <b>De repente, todo cobr\u00f3 sentido para m\u00ed. \u00bfPara qu\u00e9 los quer\u00eda?, <\/b>paaaraa naaadaaaaa. Una vez escritos han cumplido su funci\u00f3n. No se suelen volver a leer, al menos yo no, y en mi caso, no eran para que los leyese nadie m\u00e1s, desde luego que no.<\/p>\n<p><b>\u00bfQu\u00e9 sentido tiene seguir \u00abacarret\u00e1ndolos\u00bb en cada mudanza?<\/b>, ninguno. Ya los he llevado a cuestas conmigo durante muuuchosss a\u00f1os. Entend\u00ed que era cargar la mochila innecesariamente. En este momento de mi vida <b>necesito libertad<\/b>, no quiero ataduras en la medida en que pueda evitarlas, ya he tenido bastantes estos a\u00f1os de atr\u00e1s. Yo solita me las busqu\u00e9, y yo solita me las estoy quitando.<\/p>\n<p><i><b>Llevar conmigo una caja con el lastre de toda una vida, que adem\u00e1s ya no es la vida que yo quiero tener&#8230; simb\u00f3licamente es too much, para m\u00ed, y para cualquiera. A la hoguera con todo. A tomar por culo la mecedora, y a tomar por culo los diarios.<\/b><\/i><\/p>\n<p>Pues la decisi\u00f3n yo creo que la tom\u00e9 en Enero-Febrero, pero hasta que tuve todo aqu\u00ed conmigo, el material para hacer la hoguerita, y el tiempo necesario para hacerlo tambi\u00e9n, creo que me di\u00f3 Marzo. <b>Esto de hacer de boyscout por primera vez con m\u00e1s de 40..<\/b>.en mi l\u00ednea&#8230; Otra cosa para descojonarme, anda que.., yo tambi\u00e9n, en fin. Estoy por subir un tutorial a youtube porque yo busqu\u00e9 y encontr\u00e9 uno de unos scouts mexicanos, \u00abpara habernos matao\u00bb. Solo se puede mejorar.<\/p>\n<p><b>Los restos de la mecedora los quem\u00e9 en un cubo de metal<\/b> mas bien tirando a peque\u00f1o, joder, con tanta escombrera pens\u00e9 que las cenizas rebosaban. Justico, justico estuvo. Bueno, y <b>carg\u00e1ndomela me lo pas\u00e9 de puta madre<\/b>. Eso fu\u00e9 lo mejor. Tuve que pedir prestada una maza. En el pueblo deben pensar que estoy como las maracas de Mach\u00edn. Me encanta. Fu\u00e9 incre\u00edble, no se pueden describir las sensaciones. Una mezcla de alegr\u00eda, dolor, de romper v\u00ednculos, emociones, <b>unas hostias que le d\u00ed, y que me d\u00ed<\/b>, ojo, porque una mecedora se mueve&#8230;<\/p>\n<p>Joder, si pod\u00e9is elegir, encapricharos de una silla o de un macetero, de <b>algo est\u00e1tico, que es mucho m\u00e1s f\u00e1cil sacudirle<\/b>, jajajajajajaj. Tuve que recordar mis conocimientos de f\u00edsica y de mec\u00e1nica, que donde estar\u00edan ya, en el fondo del mar m\u00ednimo, para arrearle en puntos estrat\u00e9gicos, porque si no, no hab\u00eda cojones a romperla, quedaba rollo tentempi\u00e9. Y la madera era dura que no veas. En fin, <b>mucho me re\u00ed entre hostia que iba, y hostia que ven\u00eda. <\/b>\u00a1Que agujetas en los brazos despu\u00e9s y al d\u00eda siguiente!.<b><br \/><\/b><\/p>\n<p>La mecedora me la pul\u00ed en un viaje, pero los diarios, uffff, lo que cunden. Hice un primer asalto y cay\u00f3 1\/4 de ellos m\u00e1s o menos, mas menos que m\u00e1s. Y dije yo, <b>te mueres del asco ni\u00f1a hasta que acabes con todos.<\/b> <b>Necesitas un bid\u00f3n,<\/b> de esos de las obras de los que usa el personal para calentarse en invierno, o la mitad de uno de esos. Porque no es solo quemar, jaaa, que dos horitas largas ya las echas, es el olor a bodega que se te queda en la ropa y en el pelo, m\u00e1s luego tira las cenizas. Claaaro, no voy a dejarlas en casa, menudo negocio ser\u00eda ese, hay que tirarlas.<\/p>\n<p>Total que andaba yo mirando y ya no se ven bidones de esos as\u00ed como as\u00ed, ni siquiera en un pueblo como el m\u00edo. <b>Y un d\u00eda, zasca, me lo mand\u00f3 el Universo<\/b>. Tal cual. <b>Que vais a pensar que igual fu\u00e9 un poco robar, pero no, me lo mandaron.<\/b> Ver\u00e9is. Voy a comprar con el coche, que no suelo ir yo motorizada, pero ese d\u00eda s\u00ed, y al salir del parking para entrar en el super, me asomo a un solar vecino que ya hab\u00eda fisgado yo antes con esta misma intenci\u00f3n pero no hab\u00eda habido bid\u00f3n a la vista, y all\u00ed estaba: <b>el bidoncito que yo necesitaba.<\/b> Perfecto. Esper\u00e1ndome. Uno de estos de 25 kg de grasa creo que son. Justo lo que yo hab\u00eda visualizado. Como no&#8230; <\/p>\n<p>En lugar de estar en el suelo y lejos, que hubiera tenido que saltar la tapia, era de d\u00eda, te ve todo Dios, en fin, como que no, etc., me lo dejaron encima de un contenedor grandote de esos de obra, justo en el borde, y pegado a la tapia. <b>Cuando lo v\u00ed, fu\u00e9 amor a primera vista, lo confieso.<\/b> No puede ser pens\u00e9, s\u00ed, joder, que lo han puesto ah\u00ed para m\u00ed, que fuerte el personal ah\u00ed arriba, gracias, gracias, gracias. Me acerco, y solo tuve que alargar los brazos, ni estirarme ni nada, lo muevo y vac\u00edo. Estaba vac\u00edo. <b>Y dije, definitivamente lo han puesto ah\u00ed para m\u00ed.<\/b> Mir\u00e9 a los lados, al frente, no hab\u00eda nadie a la vista, as\u00ed que a la cazuela con \u00e9l, es decir, al maletero del coche.<\/p>\n<p>No hubo color. Una maravilla. <b>Acab\u00e9 de quemar los diarios del tir\u00f3n, en una sola vez.<\/b> Eso s\u00ed, el bidoncito hasta arriba, HHA (High high alarm) que decimos en ingenier\u00eda. Inicialmente hab\u00eda pensado dejar un post-it, diciendo que luego lo devolv\u00eda,<b> soy tan cumplida yo,<\/b> pero pens\u00e9 que si lo pusieron ah\u00ed era para algo, y que yo voy a seguir quemando cosas mas que probablemente a lo largo de mi vida. \u00a1Que necesidad de volver a buscar otro bid\u00f3n!, quita, quita, <b>ya tengo bidoncito de quemar, forever and ever.<\/b><\/p>\n<p>Ni os imagin\u00e1is la sensaci\u00f3n despu\u00e9s de&#8230; IM-PRESIONANTE. Como que te has quitado una carga muy pesada de encima de los hombros, vamos, que me la quit\u00e9, lo saben los negros que me la quit\u00e9, como dice una amiga m\u00eda. <b>Fu\u00e9 BRUTAL<\/b>, de las mejores sensaciones que yo he tenido hablando en t\u00e9rminos de procesos de sanaci\u00f3n y emociones varias. Otra m\u00e1s. Insisto, BRUTAL (jejejejejeje, vecina, alma despierta, eso va por t\u00ed, ya tu sabes&#8230;).<\/p>\n<p>Os animo a que si hay alg\u00fan objeto por ah\u00ed que os inspire mal rollo, aunque no entend\u00e1is muy bien el por qu\u00e9, deshaceros de \u00e9l como os pida el cuerpo. <b>Cuidad\u00edn con guardar,<\/b> que somos muy de guardar, y no es bueno, mejor hacer mudanza de vez en cuando, y limpieza, no acumular trastos innecesarios, ni bienes materiales o emocionales que no nos hacen ning\u00fan bien. <b>Necesitamos hacer sitio para todo lo bueno que est\u00e1 por venir,<\/b> no anclarnos al pasado. Ni a cosas in\u00fatiles, que s\u00e9 yo, ropa de hace mil a\u00f1os que sabes que no te vas a volver a poner en la puta vida, pero ah\u00ed la tienes, \u201cpor si acaso\u201d. Los armarios a reventar y t\u00fa sin \u00abnada\u00bb que ponerte.<\/p>\n<p>Un ejempl\u00edn, aqu\u00ed en casa en el parag\u00fcero no cabe un alfiler. Fuimos 5 en casa, y los ultimos 15 a\u00f1os solo mis padres, y, sin exagerar, debe haber 10 paraguas, voy a contarlos, esperad. 10 no, pero 9 s\u00ed que hay. La mayor\u00eda medio rotos, y feos, feos de cojones, pero ah\u00ed siguen. Les tengo unas ganas, que el d\u00eda que me ponga, salen todos echando leches de casa. Ninguno de ellos es m\u00edo. A la hoguera todo, o al reciclado de ropa, o al punto limpio.<\/p>\n<p><b>Y las fotos, \u00bfque me dec\u00eds de las fotos?,<\/b> ufff, que peligro tienen. Que sean recientes por Dios. Que hay en algunas casas fotos de beb\u00e9s que los 50 ya no los cumplen, por favor. Es bueno vivir las cosas y quedarte con las sensaciones, pero <b>siempre poniendo el foco en el presente<\/b>. Fotos antiguas guardadinas en los cajones bueeeenooo, pero mejor no tenerlas a la vista. Los objetos te anclan al pasado, inconscientemente s\u00ed, pero te anclan. Esa es mi sensaci\u00f3n, muy personal y nada objetiva lo reconozco. Tengo tan claro que es as\u00ed&#8230;<\/p>\n<p><b>Os dejo unas fotos ilustrativas para que os ech\u00e9is unas risas. Cubo vs. Bid\u00f3n.<\/b><\/p>\n<p>Por cierto, importante, algo<b> de \u00ab1\u00ba de quemar\u00bb,<\/b> recogerse el pelo y\/o ponerse una gorra. S\u00ed, o s\u00ed. No lo hice, por chula, eleg\u00ed d\u00edas que apenas hac\u00eda viento, peroooo, cuando ya estaba en el \u00faltimo embite, esperando a que se apagara, se hab\u00eda levantado aire, vino hacia mi lado derecho (interesante ahora que lo pienso), y pens\u00e9 que me quedaba sin cejas, sin pesta\u00f1as, y sin pelo, Diossss, que susto, vamos que el pelo me lo churrusc\u00f3 un huevo, joder, joder, joder, d\u00ed que una vez lavado y con mascarilla volvi\u00f3 a su ser, pero si te fijas lo tengo m\u00e1s corto de ese lado.<\/p>\n<p>La que hay que montar para quemar dos cositas de nada. Luego la pe\u00f1a piensa que es un milisegundo, pones una cerilla y listo,<b> \u00abs\u00ed, por los cojones\u00bb que decimos en Le\u00f3n<\/b>. Casi que hay que pedirse una excedencia para hacer la faena bien, bien, jajajajjaajaja. Y suerte tuve, que no apareci\u00f3 por all\u00ed la Guardia Civil, que est\u00e1 prohibido quemar aunque sean tus cosas en tu propiedad. Di que yo ten\u00eda pensada la respuesta: \u00bb no me consta, pasaba por aqu\u00ed, eso lo lleva mi marido&#8230;\u00bb.<\/p>\n<p><\/p>\n<p\/>\n<p\/>\n<p><img decoding=\"async\" src=\"http:\/\/yofuiunachicalyme.com\/wp-content\/uploads\/2020\/02\/img-20170406-203556-1.jpg\"\/><\/p>\n<p\/>\n<p><img decoding=\"async\" src=\"http:\/\/yofuiunachicalyme.com\/wp-content\/uploads\/2020\/02\/img-20170429-185211-1.jpg\"\/><\/p>\n<p><\/p>\n<p><b>Copyright \u00a9 2017 Yofuiunachicalyme. Todos los derechos reservados. Para usar alguna foto \u00f3 texto, nombra la procedencia y a\u00f1ade un link al art\u00edculo original de este blog.<\/b><\/p>\n<p><\/body><\/html><\/p>\n","protected":false},"excerpt":{"rendered":"<p>Escrito el Martes, 27 de Junio de 2017 Soy super fan de la Noche de San Juan. Lo confieso. Ya os he comentado alguna vez que, para m\u00ed, es la noche m\u00e1s m\u00e1gica del a\u00f1o junto con la de Reyes. No s\u00e9 que tiene el fuego que me llama, me envuelve, me abraza, me quedo &hellip; <a href=\"https:\/\/yofuiunachicalyme.com\/?p=181\" class=\"more-link\">Continue reading<span class=\"screen-reader-text\"> \u00abOperaci\u00f3n mecedora realizada\u00bb<\/span><\/a><\/p>\n","protected":false},"author":4,"featured_media":0,"comment_status":"open","ping_status":"open","sticky":false,"template":"","format":"standard","meta":{"footnotes":""},"categories":[4],"tags":[],"class_list":["post-181","post","type-post","status-publish","format-standard","hentry","category-emociones","group-blog","hfeed"],"_links":{"self":[{"href":"https:\/\/yofuiunachicalyme.com\/index.php?rest_route=\/wp\/v2\/posts\/181"}],"collection":[{"href":"https:\/\/yofuiunachicalyme.com\/index.php?rest_route=\/wp\/v2\/posts"}],"about":[{"href":"https:\/\/yofuiunachicalyme.com\/index.php?rest_route=\/wp\/v2\/types\/post"}],"author":[{"embeddable":true,"href":"https:\/\/yofuiunachicalyme.com\/index.php?rest_route=\/wp\/v2\/users\/4"}],"replies":[{"embeddable":true,"href":"https:\/\/yofuiunachicalyme.com\/index.php?rest_route=%2Fwp%2Fv2%2Fcomments&post=181"}],"version-history":[{"count":1,"href":"https:\/\/yofuiunachicalyme.com\/index.php?rest_route=\/wp\/v2\/posts\/181\/revisions"}],"predecessor-version":[{"id":298,"href":"https:\/\/yofuiunachicalyme.com\/index.php?rest_route=\/wp\/v2\/posts\/181\/revisions\/298"}],"wp:attachment":[{"href":"https:\/\/yofuiunachicalyme.com\/index.php?rest_route=%2Fwp%2Fv2%2Fmedia&parent=181"}],"wp:term":[{"taxonomy":"category","embeddable":true,"href":"https:\/\/yofuiunachicalyme.com\/index.php?rest_route=%2Fwp%2Fv2%2Fcategories&post=181"},{"taxonomy":"post_tag","embeddable":true,"href":"https:\/\/yofuiunachicalyme.com\/index.php?rest_route=%2Fwp%2Fv2%2Ftags&post=181"}],"curies":[{"name":"wp","href":"https:\/\/api.w.org\/{rel}","templated":true}]}}