{"id":193,"date":"2017-01-22T17:00:01","date_gmt":"2017-01-22T17:00:01","guid":{"rendered":"http:\/\/yofuiunachicalyme.com\/?p=193"},"modified":"2017-01-22T17:00:01","modified_gmt":"2017-01-22T17:00:01","slug":"a-tomar-por-culo-la-bicicleta","status":"publish","type":"post","link":"https:\/\/yofuiunachicalyme.com\/?p=193","title":{"rendered":"A tomar por culo la bicicleta"},"content":{"rendered":"<p><html><body><\/p>\n<p><b>Escrito el S\u00e1bado, 21 de Enero de 2017<\/b><\/p>\n<p>Buenas noches chic@s, supongo que coincidir\u00e9is conmigo en que el 2017 ha empezado calentito. Parece ser que viene con la inercia del 2016, y <b>eso es muuuuuuchaaaaa inercia<\/b>. El otro d\u00eda una amiga me contaba que hab\u00eda estado con una persona que entiende de astrolog\u00eda, y le estuvo preguntando varias cosas, entre ellas por los Capricornio para este a\u00f1o (ese es mi hor\u00f3scopo), y la respuesta fu\u00e9 \u00abpara \u00e9stos, el 2017 va a estar intenso que no veas hasta Octubre\u00bb.<\/p>\n<p>Joder, <b>\u00bfy para qu\u00e9 me lo cuentas?,<\/b> pens\u00e9 yo. De hecho nos re\u00edmos habl\u00e1ndolo. Octubre, 9 meses, otro parto, mira, mira, mira, que digo yo que a veces damos demasiada informaci\u00f3n, yo la primera, y lo mismo esa info me estaba sobrando,&#8230;en fin, da igual. No me sorprende la verdad, m\u00e1s bien, me encaja. Por cierto, <b>los Capricornio que est\u00e9is leyendo esto, os jod\u00e9is, igualito que yo<\/b>.<\/p>\n<p>Os confieso que hoy estoy espesita. Tengo tantas cosas en la cabeza, que no s\u00e9 qu\u00e9 es lo que m\u00e1s me apetece plasmar aqu\u00ed de todo lo que me traigo entre manos. De hecho, <b>a\u00fan no he decidido el t\u00edtulo del post<\/b>, con eso os lo digo todo. Voy a dejar que fluya seg\u00fan escribo.<\/p>\n<p>Que digo yo, que, <b>\u00bfes jodido vivir, o me lo parece a m\u00ed?<\/b>. Quiero decir, estas cosas yo ni me las planteaba. Mientras me dediqu\u00e9 a vivir y a hacer inconscientemente lo que se supone que ten\u00eda que hacer, fu\u00e9 todo mucho m\u00e1s sencillo, al menos, as\u00ed lo recuerdo. A ver, que estoy hablando de antes de ayer como quien dice. Ahora bien, cuando comenc\u00e9 a entender, a salirme del camino establecido, a resolver, cuando comenc\u00e9 a mirar hacia el interior y no al exterior, a gestionar, a elegir en una palabra, todo empez\u00f3 a cambiar, y <b>dej\u00f3 de ser sencillo, para pasar a ser de un intenso que te cagas<\/b>.<\/p>\n<p>Si es que, <b>\u00a1c\u00f3mo no va a ser intenso, si he hecho en 4 a\u00f1os, el trabajo que no hice en 40!. Y a\u00fan queda curro<\/b>. Que pasada. As\u00ed le\u00eddo dices, t\u00eda, que pareces de Bilbao, joder, <b>y a\u00fan querr\u00e1s ir m\u00e1s deprisa<\/b>. Ya&#8230;que luegooo, lo mismo me paso de frenada, como mi Marc. Ya sab\u00e9is, que a veces va como un loqu\u00edn y no ve, no ve, se pone en modo ganar la carrera, desenchufa el modo\u00a0 campeonato, y todos a temblar. O gana, o al suelo. Mira t\u00fa que con la tonter\u00eda, <b>he dado con algo interesante<\/b>. Si es que, es hablar de motos, y adem\u00e1s de cambiarme la cara, me inspiro, todo son ventajas.<\/p>\n<p><b>Modo ganar la carrera, modo campeonato.<\/b> Interesante. Muy interesante. Yo ya he ganado muchas carreras, lo s\u00e9, y lo sab\u00e9is. Ahora toca ganar el campeonato. Y es lo que estoy a punto de hacer, por eso est\u00e1 siento todo tan intens\u00edsimo. Llevamos 20 d\u00edas del 2017, y parece que llevamos 2 meses. \u00a1\u00a1La V\u00edrgen!!. Que no hemos empezado la pre-temporada, y yo llevo ya una sudada del cop\u00f3n.<b> Sudando emociones estoy.<\/b> Que no le pongo ese t\u00edtulo al post porque es casi id\u00e9ntico al anterior, pero vamos, que pod\u00eda serlo, perfectamente.<\/p>\n<p>He necesitado un viaje expr\u00e9s a Madrid, para darme cuenta de todo esto. Que no es nada nuevo, que ya lo sab\u00eda, y soy plenamente consciente. Lo que ocurre es que <b>a veces necesitas hacer un reset<\/b>, no s\u00e9, que te d\u00e9 el aire. Incluso los caballos ganadores tenemos momentos de esos de, \u00abuffff, lo mando todo a tomar por el culo, que hasta los huevos estoy\u00bb.<\/p>\n<p><b>Que bueno viajar\/moverse<\/b>. Aunque sea un d\u00eda fuera de tu entorno, no hace falta super viaje. <b>Lo desbloquea todo<\/b>. Y dir\u00e9is, \u00bfpor qu\u00e9?, pues, en mi caso al menos, porque generas otra perspectiva, sales de la espiral donde est\u00e1s metid@, sea la que sea, y sientes las mismas cosas de otra manera. <b>Esa es la clave, sentir las mismas cosas de otra manera.<\/b><\/p>\n<p>En mi caso, he estado con gente que aprecio mucho, gente importante para m\u00ed, y que adem\u00e1s me acoge en su casa. Me he sentido querida y acompa\u00f1ada. Personas que han visto y vivido todo el proceso, que me conocen desde hace a\u00f1os o muchos a\u00f1os, y me han recordado todo lo que he conseguido hasta ahora. <b>De d\u00f3nde vengo, y d\u00f3nde estoy, tanto a nivel f\u00edsico, como emocional.<\/b> Y eso, eso no tiene precio en el momento actual que yo estoy viviendo. Os lo aseguro.<\/p>\n<p>Bueno s\u00ed, si tiene precio, una cena (de mierda en mi caso, que ascazo de comida que me pusieron), peeeroooo, y esto es lo importante,<b> una cena con muchas risas, y unos gyn-tonics. Un martes ah\u00ed a lo loco.<\/b> Os lo recomiendo como terapia. Si me permit\u00eds la expresi\u00f3n, que me la vais a permitir, os la va a sudar todo, y eso mola mucho. <b>Eso tambi\u00e9n es SALUD<\/b>.<\/p>\n<p>Por cierto, como acab\u00e1is de leer <b>sigo aceptando copas como animal de compa\u00f1\u00eda<\/b>. La madre que me pari\u00f3. He llegado a la conclusi\u00f3n de que esto es como el que fuma marihuana ya sea con efectos terape\u00faticos o sin ellos, que no le hace mal a nadie, y funciona. <b>Lo importante es que funciona.<\/b> Y como decimos en ingenier\u00eda, <b>\u201csi funciona, NO LO TOQUES\u201d<\/b>.<\/p>\n<p>Hasta aqu\u00ed escrib\u00ed anoche, hoy se me ha hecho la luz, y atenci\u00f3n, <b>decidido el t\u00edtulo del post: <\/b>\u00a1\u00a1A tomar por culo la bicicleta!!<b>. <\/b>Por muchos motivos, y porque aunque no lo parezca tiene mucho que ver con lo que ya he escrito de este post. Os cuento.<\/p>\n<p>Hace unos d\u00edas mi estado del whatsapp pas\u00f3 a ser esa frase, <b>\u00a1\u00a1A tomar por culo la bicicleta!!<\/b>. Es muy m\u00eda. Hasta tal punto que en el curro un compa\u00f1ero venezolano que me la escuch\u00f3 un d\u00eda, no se la aprendi\u00f3 ni \u201cpa&#8217;tr\u00e1s\u201d, pero cada vez que a \u00e9l le parec\u00eda que ven\u00eda a cuento cuando est\u00e1bamos en alguna reuni\u00f3n la mencionaba y me ped\u00eda que se la corrigiera. <b>Apuros pas\u00e9 con alg\u00fan jefe sinceramente, pero era muy divertido.<\/b><\/p>\n<p>Tambi\u00e9n cambi\u00e9 la foto de perfil del whatsapp, y puse la que os dejo aqu\u00ed abajo al final del post. Bueno no, mejor la copio aqu\u00ed mismo.<\/p>\n<p><img decoding=\"async\" src=\"http:\/\/yofuiunachicalyme.com\/wp-content\/uploads\/2020\/02\/me-1.jpg\"\/><\/p>\n<p>Me encanta, y adem\u00e1s, en mi caso, es cierta. Cuando decides algo, cuando &#13;<br \/>\ndices hasta aqu\u00ed y tomas una decisi\u00f3n importante, de las que te han costado, es que te sale un <b>\u201ca tomar por culo\u201d<\/b>, y si no lo dices, lo piensas. <b>Yo lo pienso y lo digo, aunque est\u00e9 sola<\/b>. Es como: por fin, ya no hay vuelta atr\u00e1s, que le den a todo y a tod@s, hasta aqu\u00ed hemos llegado.<\/p>\n<p>Para reforzarlo a\u00fan m\u00e1s, hace un par de d\u00edas una amiga me enviaba <b>un cojo-video<\/b>. <b>Es de esas cosas simples que te llegan dentro<\/b>. Viene a decir, y dice, que <b>nadie nos ense\u00f1a en esta vida a mandar a tomar por culo a las personas<\/b>, y que nos hace mucha falta hacerlo, pero mucha. Que<b> es salud<\/b>. Y tiene raz\u00f3n, \u00a1que cojones!, tiene mucha raz\u00f3n.<b> Os dejo aqu\u00ed el link.<br \/><\/b><\/p>\n<p><b><br \/><\/b><\/p>\n<p><b><a href=\"https:\/\/www.youtube.com\/watch?v=WkOih7G159I\" target=\"_blank\" rel=\"noopener noreferrer\">https:\/\/www.youtube.com\/watch?v=WkOih7G159I<\/a><br \/><\/b><\/p>\n<p><b><br \/><\/b><\/p>\n<p><b>Nos ense\u00f1an\/aprendemos a ser pol\u00edticamente correctos.<\/b> Y eso no ayuda. A nadie, en nada. Yo dej\u00e9 de ser pol\u00edticamente correcta en el a\u00f1o 2012. Que ya est\u00e1 bien. Ni sab\u00eda que se pod\u00eda. Menuda liberaci\u00f3n. Es otro mundo. Ganas en tranquilidad y en paz interior.<\/p>\n<p>A ver tampoco hay que cebarse, es decir, mandar a tomar por culo y adem\u00e1s insultar, del tipo de hij@ de la gran puta, maric\u00f3n, cabronaz@, etc., eso yaaaa, all\u00e1 cada un@, <b>que luego se viene arriba el personal, y hay, mucho \u201ccu\u00f1ao\u201d suelto por ah\u00ed al que se le tiene ganas<\/b>. Que no quiero yo luego demandas judiciales.<b><br \/><\/b><\/p>\n<p><b>A veces es necesario hacerlo con gente muy, muy cercana.<\/b> Seamos sincer@s, todas las personas t\u00f3xicas que hay por el mundo tienen padres, eso fijo, la mayor\u00eda\u00a0 herman@s, y much@s de ell@s hij@s, y no por eso son buenas personas, ni dejan de ser t\u00f3xicas. Punto pelota. Resulta que con la familia como que no, <b>la familia no se toca<\/b>.<\/p>\n<p>Pues resulta que s\u00ed, que la familia <b>precisamente igual es donde hay que tocar<\/b>. Ah\u00ed os lo dejo. Yo he tenido que tocar ah\u00ed, y aparte de mi experiencia personal, me est\u00e1n llegando en los \u00faltimos a\u00f1os varios casos de gente cercana, que vamos, <b>de libro es decir poco.<\/b> Te dan ganas de decir, \u201c\u00bfpero a\u00fan no les has mandado a la mieeeeeerrrrdaaaaa, con todo el da\u00f1o que te est\u00e1n haciendo?\u201d.<\/p>\n<p>Algunas personas optan por apartarse y por la indiferencia. <b>Es una opci\u00f3n v\u00e1lida<\/b>. Yo la he elegido alguna vez, lo confieso. <b>Es m\u00e1s sencilla, s\u00ed<\/b>. Y es eficaz, o al menos ayuda. <b>Peeeroooo, no es la misma sensaci\u00f3n,<\/b> ni de co\u00f1a. Aqu\u00ed dentro, y me refiero al cuore, se siente de distinta manera. Nada que ver. Y si dud\u00e1is, volved a ver el video, jajajajajaja.<\/p>\n<p>En mi proceso de sanaci\u00f3n he necesitado mandar a tomar por culo muchas cosas, y tambi\u00e9n personas. Hasta el punto de que no puedo cuantificar que porcentaje de mi sanaci\u00f3n le debo a esto, que s\u00e9 que es mucho, y que porcentaje le debo a medicinas o terapias, por ejemplo. <b>Espero que esto os d\u00e9 una idea de la importancia que le doy.<\/b> La que tiene, ni m\u00e1s, ni menos.<\/p>\n<p>Os escribo aqu\u00ed algunas de las m\u00edas por si os dan pistas para encontrar las vuestras, que seguro que ya las ten\u00e9is identificadas malandrines. <b>Lo jodido no es identificarlas,<\/b> \u00bfverdad?<b>, lo jodido es lo otro<\/b>, hacerlo. Vamos all\u00e1, que me va a sentar de puta madre verbalizar esto. He mandado a tomar por el culo a:<\/p>\n<p> <b>las apariencias<\/b>, el qu\u00e9 dir\u00e1n; <b>una pareja t\u00f3xica<\/b>, nadie me oblig\u00f3, no lo olvidemos;<\/p>\n<p><b>el trabajo<\/b>, mi amada ingenier\u00eda; <b>mi casa,<\/b> mi cajita de cerillas;<\/p>\n<p><b>los amig@s<\/b>, con que alegr\u00eda empleamos esa palabra;<b> los m\u00e9dic@s<\/b>, cuanto m\u00e1s lejos mejor;<\/p>\n<p><b>los consejos,<\/b> por qu\u00e9 da la gente consejos cuando no se los est\u00e1s pidiendo; <b>los vampir@s energ\u00e9tic@s<\/b>, que te dejan sin energ\u00eda;<\/p>\n<p><b>la n\u00f3mina,<\/b> una pasta gansa al mes; <b>el estr\u00e9s,<\/b> lleg\u00f3 a hacerse inmanejable; <b>la familia,<\/b> bien gracias, bien lejos a ser posible;<\/p>\n<p><b>el dolor f\u00edsico<\/b>, ni acordarme quiero; <b>la comida,<\/b> no puedo con la vida ya, que ascazo;<\/p>\n<p><b>las personas de las que te ocupas porque te dan pena<\/b>, lo que yo llamo hacer de ONG; <b>hacer cosas cuando NO me apetecen<\/b>, nunca mais;<\/p>\n<p><b>dar explicaciones,<\/b> que hartazgo; <b>la enfermedad, y especialmente el Lyme<\/b>, s\u00ed a este tambi\u00e9n, fundamental en mi recuperaci\u00f3n;<\/p>\n<p><b>los bichos,<\/b> cuanto okupa; <b>los botes<\/b>, los famosos putos botes, jajajajaja;<\/p>\n<p><b>Madrid,<\/b> ah\u00ed es nada; <b>personas que solo quieren que las escuchen, <\/b>que hartazgo;<\/p>\n<p><b>tener que madrugar,<\/b> ahora solo lo hago por objetivos interesantes, alguna vez por Ringana, pero mayormente por chicos y\/o motos;<\/p>\n<p><b>hablar con gente solo porque te hablan cuando tu quieres estar solo,<\/b> y encima, no les has dado ni pi\u00e9, no puedo, es superior a mis fuerzas, el que est\u00e9 aburrid@ que se entretenga o que vaya al cine;&#8230;&#8230;&#8230;&#8230;<\/p>\n<p>Alguna me dejo por ah\u00ed, fijo, pero una idea ya os hac\u00e9is, \u00bfsi&#8230;.?. Any way, muchos estar\u00e9is pensando, bah, yo todo eso lo tengo superado, no siento esa necesidad, pues cojonudo. <b>Ole vosotr@s<\/b>.<\/p>\n<p>Peeeroooo, si algo te rechina y\/o te jode de lo que has le\u00eddo, <b>pon el foco ah\u00ed<\/b>, porque es lo que necesitas. Y si eres un profesional de la somatizaci\u00f3n como una servidora, por la cuenta que te trae, <b>dale una pensadita antes de que tu cuerpo se ponga cafre<\/b>, porque luego cuesta la vida. S\u00e9 de lo que hablo y much@s de vosotr@s, tambi\u00e9n sab\u00e9is de lo que hablo, \u00bfverdad?, entre profesionales nos entendemos. Hablamos el mismo idioma, jejejejeje.<\/p>\n<p>Desde el cari\u00f1o, si a\u00fan no hab\u00e9is visto el video,<b> \u00a1iros a tomar por culo a You Tube a verlo!,<\/b> que os va a merecer la pena. Gracias por estar ah\u00ed. Un placer compartir con tod@s vosotr@s.<\/p>\n<p><b>Copyright \u00a9 2017 Yofuiunachicalyme. Todos los derechos reservados.Para usar alguna foto \u00f3 texto, nombra la procedencia y a\u00f1ade un link al art\u00edculo original de este blog.<\/b><\/p>\n<p><\/body><\/html><\/p>\n","protected":false},"excerpt":{"rendered":"<p>Escrito el S\u00e1bado, 21 de Enero de 2017 Buenas noches chic@s, supongo que coincidir\u00e9is conmigo en que el 2017 ha empezado calentito. Parece ser que viene con la inercia del 2016, y eso es muuuuuuchaaaaa inercia. El otro d\u00eda una amiga me contaba que hab\u00eda estado con una persona que entiende de astrolog\u00eda, y le &hellip; <a href=\"https:\/\/yofuiunachicalyme.com\/?p=193\" class=\"more-link\">Continue reading<span class=\"screen-reader-text\"> \u00abA tomar por culo la bicicleta\u00bb<\/span><\/a><\/p>\n","protected":false},"author":4,"featured_media":0,"comment_status":"open","ping_status":"open","sticky":false,"template":"","format":"standard","meta":{"footnotes":""},"categories":[1],"tags":[],"class_list":["post-193","post","type-post","status-publish","format-standard","hentry","category-uncategorized","group-blog","hfeed"],"_links":{"self":[{"href":"https:\/\/yofuiunachicalyme.com\/index.php?rest_route=\/wp\/v2\/posts\/193"}],"collection":[{"href":"https:\/\/yofuiunachicalyme.com\/index.php?rest_route=\/wp\/v2\/posts"}],"about":[{"href":"https:\/\/yofuiunachicalyme.com\/index.php?rest_route=\/wp\/v2\/types\/post"}],"author":[{"embeddable":true,"href":"https:\/\/yofuiunachicalyme.com\/index.php?rest_route=\/wp\/v2\/users\/4"}],"replies":[{"embeddable":true,"href":"https:\/\/yofuiunachicalyme.com\/index.php?rest_route=%2Fwp%2Fv2%2Fcomments&post=193"}],"version-history":[{"count":0,"href":"https:\/\/yofuiunachicalyme.com\/index.php?rest_route=\/wp\/v2\/posts\/193\/revisions"}],"wp:attachment":[{"href":"https:\/\/yofuiunachicalyme.com\/index.php?rest_route=%2Fwp%2Fv2%2Fmedia&parent=193"}],"wp:term":[{"taxonomy":"category","embeddable":true,"href":"https:\/\/yofuiunachicalyme.com\/index.php?rest_route=%2Fwp%2Fv2%2Fcategories&post=193"},{"taxonomy":"post_tag","embeddable":true,"href":"https:\/\/yofuiunachicalyme.com\/index.php?rest_route=%2Fwp%2Fv2%2Ftags&post=193"}],"curies":[{"name":"wp","href":"https:\/\/api.w.org\/{rel}","templated":true}]}}