{"id":199,"date":"2016-11-22T18:29:38","date_gmt":"2016-11-22T18:29:38","guid":{"rendered":"http:\/\/yofuiunachicalyme.com\/?p=199"},"modified":"2020-03-03T15:35:23","modified_gmt":"2020-03-03T15:35:23","slug":"desde-cheste-con-carino","status":"publish","type":"post","link":"https:\/\/yofuiunachicalyme.com\/?p=199","title":{"rendered":"Desde Cheste con cari\u00f1o&#8230;"},"content":{"rendered":"<p><html><body><\/p>\n<p><b>Escrito el Lunes, 21 de Noviembre de 2016<\/b><\/p>\n<p>Que estoy de subid\u00f3n, y punto. Una semana llevo desde que volvimos, y tiene pinta que se va a alargar. Dir\u00e9is, \u00bfafortunadamente?, pues s\u00ed, afortunadamente. <b>Hac\u00eda 2 a\u00f1os que no sent\u00eda el flipe de ir a un circuito<\/b>. Y claro, lo estoy disfrutando muuucho. El finde pasado fu\u00e9 Cheste, la \u00faltima prueba del campeonato del mundo de motos. Exactamente fu\u00e9 en el Circuito Ricardo Tormo en Cheste, Valencia, para los no habituales al mundillo motero.Ya os hab\u00eda contado que iba a ir. <b>Y feliz de haber ido.<\/b><\/p>\n<p>Mira que un mes antes cuando estaba todo el panorama de oto\u00f1o triste y ojeroso yo pensaba, \u201cjoder ni\u00f1a, la paliza que te vas a meter, <b>y el co\u00f1azo de la comida<\/b>\u201d, hostia la comida, que perez\u00f3n. Incluso confieso que llegu\u00e9 a pensar, \u201cbuffff, porque ya est\u00e1 todo pagado que si no, igual era para pens\u00e1rselo\u201d.<\/p>\n<p>Fijaos lo que es cuando nos rayamos nosotros solos. Llegar yo a pensar eso, yoooo, vamos hombre, estaba fatal de lo m\u00edo. Claro, eso fu\u00e9 pre-meneo (ver post anterior). <b>\u00bfEstamos locos o qu\u00e9&#8230;?<\/b>. Como para no ir. Ha sido acojonante. <b>Un subid\u00f3n de energ\u00eda del cop\u00f3n de la baraja.<\/b> Sobre todo porque, como no, para m\u00ed hay un antes y un despu\u00e9s. Por dos motivos.<\/p>\n<p><b>Primer motivo<\/b><\/p>\n<p>Porque cuando estuvimos en Cheste hace 3 a\u00f1os, tambi\u00e9n campeonas del mundo in situ, yo pude haber vuelto en ambulancia. <b>Pero no quise, as\u00ed de chula soy.<\/b> Volv\u00ed en coche por cabezota, porque pas\u00e9 de llamar no sea que me ingresaran, porque estaba realmente muy, muy, muy jodida. El lunes despu\u00e9s del esfuerzo tan grande que hab\u00eda supuesto para m\u00ed el fin de semana, me desmay\u00e9, perd\u00ed el conocimiento, y cuando espabil\u00e9, no era capaz de tenerme en pi\u00e9.<\/p>\n<p>Las chicas GP recogieron todo en la casa, y yo sal\u00ed un par de horas despu\u00e9s arrastr\u00e1ndome sentada por el suelo, imposible incorporarme para que me llevasen, ni apoyada en sus hombros, no ten\u00eda equilibrio ninguno, ni fuerzas, acercaron el coche hasta la mism\u00edsima puerta, yo en pijama, puse las botas del circuito, que era lo que hab\u00eda mas a mano, y as\u00ed hasta Madrid. No comments.<\/p>\n<p>Necesit\u00e9 una semana en casa de una amiga para recuperar un poquito y poder volver a mi casa, una semana sin salir a la calle, sin ducharme, sin m\u00f3vil, sin tele, sin estar de pi\u00e9 porque no pod\u00eda, hasta que el cuerpo se fue entonando. <b>Esa fu\u00e9, \u00abpa habernos matao\u00bb.<\/b> Ya pas\u00f3. Cancelado, cancelado. <b>Mereci\u00f3 la pena el esfuerzo igualmente, os lo aseguro.<\/b><\/p>\n<p>Precisamente por eso, ir a Cheste 3 a\u00f1os despu\u00e9s, era importante para m\u00ed. Y, sobre todo, <b>VOLVER DE CHESTE<\/b>. Volver como he vuelto, es para celebrarlo por todo lo alto y m\u00e1s.<b> Esto es un avance<\/b> real y no los de los informes de progreso mensual que hacemos en ingenier\u00eda, jajajajajaja. BRUTAL.<\/p>\n<p>He vuelto muy, muy, muy cansada, pero nada que ver con lo que os acabo de contar, ABSOLUTAMENTE NADA QUE VER. <b>En pi\u00e9 como la campeona que soy y con una sonrisa permanente. FELIZ<\/b>. Eso s\u00ed, el lunes una vez llegamos a Madrid, madre m\u00eda me ech\u00e9 una siesta de 7 de la tarde a 11 de la noche. Cen\u00e9 algo, malamente, y otra vez a dormir hasta las 10 de la ma\u00f1ana. S\u00ed, <b>ten\u00eda mas sue\u00f1o que hambre<\/b>. Y mira que hambre ten\u00eda.<\/p>\n<p>De hecho, ya hace meses que <b>bautic\u00e9 este finde como <i>mi regalazo de este a\u00f1o por ser una chica valiente<\/i><\/b>. Y sigo pensando que no encontrar\u00eda mejor definici\u00f3n aunque la buscase.<\/p>\n<p><b>Segundo motivo<\/b><\/p>\n<p>Porque <b>he cumplido un objetivo<\/b>. Dir\u00e9is, \u00bfotro?, s\u00ed, otro. Ole yo.<\/p>\n<p><b>NOTA MENTAL<\/b>: Estar\u00eda bien que antes o despu\u00e9s, le ech\u00e1rais un ojillo a la trilogia motera que tengo en el blog. Para ir poni\u00e9ndoos en antecedentes. Si no, igual, perd\u00e9is un poco la esencia de lo que quiero transmitir aqu\u00ed. Up to you!!!.<\/p>\n<p>El caso es que en el post que se titula \u201cLa Plaza de Alca\u00f1iz\u201d, cuento de una forma muy divertida que mi ilusi\u00f3n siempre ha sido ir al circuito en moto. Hasta ahora no se hab\u00edan dado las circunstancias. 6 a\u00f1os me ha costado, pero, puedo decir DONE. <b>Una vez m\u00e1s, el Universo ha conspirado para m\u00ed.<\/b> ACOJONANTE.<\/p>\n<p>La intendencia la preparamos en verano, buscar el alojamiento, las entradas, tema viaje, como \u00edbamos en coches particulares, todo OK. Yo dej\u00e9 que fluyese, y lo de ir al circuito en moto, pas\u00e9 ol\u00edmpicamente. Recuerdo que pens\u00e9, <b>si est\u00e1 de ser, ser\u00e1<\/b>. Y no volv\u00ed sobre ello, de verdad que no. <b>Este a\u00f1o he ido con otra soci. <\/b>Las chicas GP se me han echado atr\u00e1s. Total que \u00e9ramos dos. Pues como hace 20 d\u00edas, <b>el Universo me mand\u00f3 los dos moteros que nos hac\u00edan falta. \u00bfOs lo pod\u00e9is creer?<\/b>, lamadrequelopari\u00f3.<\/p>\n<p>Ha sido super carambola, de esas cosas que me pasan a m\u00ed <b>desde hace un par de a\u00f1os que soy Open Mind y vibro alto<\/b> (a ver, que todo hay que explicarlo: vibrar alto no tiene nada que ver con juguetes sexuales, que algun@ lo estar\u00e1 pensando). Los chicos son de mi pueblo como aquel que dice, pero hac\u00eda yo que s\u00e9, 30 a\u00f1os que no nos ve\u00edamos, y ha sido a trav\u00e9s de una conocida en com\u00fan que hac\u00eda meses que ella y yo ni hab\u00edamos quedado ni nada. Pues nos encontramos ella y yo por casualidad, bueno, <b>por casualidad no, porque ese mismo d\u00eda le estaba yo diciendo al Universo,<\/b> \u201chace mucho que no s\u00e9 nada de esta chica, y tenemos una infu\/caf\u00e9 pendiente, a ver si le escribo y quedamos\u201d. Y dos horas despu\u00e9s, zasca. Ah\u00ed la tienes. Que me la puso delante. FLIIIIPAAAA.<\/p>\n<p>Una cosa llev\u00f3 a la otra, y absolutamente todo fluy\u00f3 en una semana, o menos. Hab\u00eda sitio en la casa donde nos qued\u00e1bamos nosotras, ellos dijeron que s\u00ed a llevarnos al circuito en moto y prestarnos los cascos, consiguieron entradas para ellos. No se puede pedir m\u00e1s. Yo me llev\u00e9 en mi coche los cascos para nosotras, y ellos se fueron en moto a Valencia. <b>Ah\u00ed arriba saben lo que se hacen, se ponen a tejer como digo yo, y son los putos amos.<\/b><\/p>\n<p><b>As\u00ed fu\u00e9 mucho m\u00e1s divertido para tod@s<\/b> creo yo. 4 mentes moteras con ganas de pas\u00e1rselo bien, son mejor que dos. Que panz\u00f3n de reir todo el finde, me vine con unas llagas en la boca que lo flip\u00e1is (no pens\u00e9is mal, golosones, de tanto reirme y hablar). La ortodoncista el martes \u201cdespu\u00e9s de\u201d que yo ten\u00eda revisi\u00f3n con ella, alucin\u00f3 y eso que la hab\u00eda avisado. Bueno, que a\u00fan no se me han curado, y han pasado 10 dias, con eso os lo digo todo.<\/p>\n<p>Resultado, <b>han creado dos monstruos.<\/b> En mi puta vida vuelvo yo a un circuito en coche. Vamos, vamos, vamos. Que ya me lo imaginaba, pero es que no hay color. Por favor, y eso que est\u00e1bamos cerquita del circuito. Aunque hubi\u00e9ramos estado m\u00e1s lejos, casi que mejor, m\u00e1s tramo en moto. Yo no pod\u00eda parar de sonreir, <b>la sensaci\u00f3n de libertad es indescriptible.<\/b> M\u00e1s que la velocidad, que tambi\u00e9n, lo que me fascina de las motos es el equilibrio, el movimiento, la movilidad, no s\u00e9, no tengo palabras. Nunca hab\u00eda ido en moto grande, y mola, mola que no veas. Y el llegar y salir del circuito, grupos y grupos de motos, es que te da subid\u00f3n, no me extra\u00f1a que les entren ganas de hacer caballitos, y acelerar a fondo, es que te lo pide el cuerpo, co\u00f1oooooo.<\/p>\n<p>Vamos, que entra dentro de lo razonable <b>sacarse el carn\u00e9 de moto en el 2017<\/b>. \u00bfPor qu\u00e9 no?, nada me lo impide. Que no me lo dejaran hacer con 15 a\u00f1os, y yo dejara durmiendo ese sue\u00f1o otros 29 (toma 29, que tampoco ser\u00e1 casualidad&#8230;), no quiere decir que ahora no pueda llevarlo a cabo. \u00bfC\u00f3mo era mi frase&#8230;?, <b>si puedes so\u00f1arlo, puedes hacerlo.<\/b> Y yo s\u00e9 que puedo hacerlo. De hecho vamos a ir la otra soci y yo a ver si nos hacen un 2&#215;1. Aprovechando sinergias.<\/p>\n<p>Por cierto, algo buen\u00edsimo, <b>he confirmado que tengo mejor tolerancia a las copas que al aguacate o la patata,<\/b> por ejemplo. No puedo con mi vida, jajajajaja, c\u00f3mo es posible, a estas alturas de la pel\u00edcula. <b>\u00bfEs, o no es poderosa la mente?<\/b>. Lo que o\u00eds, a m\u00ed ya no me sorprende nada. Oye, que tom\u00e9 un gyntonic un d\u00eda, y uno y medio otro d\u00eda, que eso es la hostia para m\u00ed, y lo sab\u00e9is. <b>Que ricos por favor. <\/b>Puedo pasar el tiempo que haga falta sin comer aguacate, si a cambio me puedo tomar una copita de vez en cuando; esto es como lo que escrib\u00eda en el post anterior, que si es m\u00e1s de vez que en cuando, \u00abmuch\u00edsisimo\u00bb mejor.<\/p>\n<p>Ahh, que <b>me dejo lo mejor para el final,<\/b> jejejejejje.\u00a0 <b>Echo en falta la funda del m\u00f3vil,<\/b> una bolsita flexible de estas negras como para gafas, pensaba yo que iba a aparecer cuando deshiciera la maleta, en la ropa sucia, etc., pero de momento, sigue missing. <b>A cambio<\/b>, hace un par de d\u00edas al tender la ropa me d\u00ed cuenta, de que <b>tengo unas braguitas de m\u00e1s, que m\u00edas, tengo claro que no son<\/b>, y esto si que es gordo, joder.<\/p>\n<p>Que yo creo que de la soci no pueden ser, que no mezclamos ropa. Como no sean de aqu\u00ed de casa que somos muchas mujeres, que quedaran ah\u00ed en el cesto para lavar escondidas con otra ropa desde antes de ir, y hayan aparecido ahora. Hostia, se me acaba de hacer la luz, o una de esas dos, o son de la se\u00f1ora de la casa, <b>tierra tr\u00e1game. Pues no pienso preguntar. <\/b>Qu\u00e9 rato mas malo iba a ser ese, ni de co\u00f1a. Si no aparece la due\u00f1a se tiran y punto. La otra vez en Cheste perd\u00ed la bandera de Le\u00f3n en el tramo del parking del circuito a la puerta de entrada, a las 10 de la ma\u00f1ana. <b>S\u00ed, lo s\u00e9, que malo es dormir poco. <\/b>Al menos esta vez compenso de alguna manera. <b>O no, \u00bfpero, y lo que nos estamos riendo, ehhhh?&#8230;.<\/b><\/p>\n<p>Os he dicho al principio del post que hab\u00eda dos motivos para que Cheste haya sido un antes y un despu\u00e9s, pero, <b>realmente veo que son tres motivos.<\/b> Es lo que tiene el directo. No me lo teng\u00e1is en cuenta please, aun estoy bajando de revoluciones y buscando la funda del m\u00f3vil, jajajajaja.<\/p>\n<p><b>Tercer motivo<\/b><\/p>\n<p>Porque <b>celebraba mi segundo cumplea\u00f1os<\/b>, no el de nacimiento, sino el de renacer. Ya vosotr@s sab\u00e9is. <b>Este s\u00e1bado 12 de Noviembre, cumpl\u00ed 4 a\u00f1itos.<\/b> Celebrando el principio del fin. Me llev\u00e9 mi vela y todo. La idea era haberla prendido el s\u00e1bado en el circuito, pero ya sab\u00e9is, esto de improvisar es lo que tiene.<\/p>\n<p>Total, que igualmente yo prend\u00ed mi vela y lo celebr\u00e9 en el mejor escenario posible, el finde de Cheste. Y para que ve\u00e1is que no exagero nada, <b>os dejo la foto que lo confirma.<\/b> Como ya os he dicho alguna vez, merece la pena compartir con vosotr@s un pedacito de mi vida privada. <b>Os aseguro que no hab\u00eda una sonrisa m\u00e1s bonita el domingo en el circuito.<\/b><\/p>\n<p\/>\n<p><img decoding=\"async\" src=\"http:\/\/yofuiunachicalyme.com\/wp-content\/uploads\/2020\/02\/img-20161113-wa0006-1.jpg\"\/><\/p>\n<p><\/p>\n<p\/>\n<p><b>Copyright \u00a9 2016 Yofuiunachicalyme. Todos los derechos reservados.<br \/>Para usar alguna foto \u00f3 texto, nombra la procedencia y a\u00f1ade un link al art\u00edculo original de este blog.<\/b><\/p>\n<p><\/body><\/html><\/p>\n","protected":false},"excerpt":{"rendered":"<p>Escrito el Lunes, 21 de Noviembre de 2016 Que estoy de subid\u00f3n, y punto. Una semana llevo desde que volvimos, y tiene pinta que se va a alargar. Dir\u00e9is, \u00bfafortunadamente?, pues s\u00ed, afortunadamente. Hac\u00eda 2 a\u00f1os que no sent\u00eda el flipe de ir a un circuito. Y claro, lo estoy disfrutando muuucho. El finde pasado &hellip; <a href=\"https:\/\/yofuiunachicalyme.com\/?p=199\" class=\"more-link\">Continue reading<span class=\"screen-reader-text\"> \u00abDesde Cheste con cari\u00f1o&#8230;\u00bb<\/span><\/a><\/p>\n","protected":false},"author":4,"featured_media":0,"comment_status":"open","ping_status":"open","sticky":false,"template":"","format":"standard","meta":{"footnotes":""},"categories":[5],"tags":[],"class_list":["post-199","post","type-post","status-publish","format-standard","hentry","category-motos","group-blog","hfeed"],"_links":{"self":[{"href":"https:\/\/yofuiunachicalyme.com\/index.php?rest_route=\/wp\/v2\/posts\/199"}],"collection":[{"href":"https:\/\/yofuiunachicalyme.com\/index.php?rest_route=\/wp\/v2\/posts"}],"about":[{"href":"https:\/\/yofuiunachicalyme.com\/index.php?rest_route=\/wp\/v2\/types\/post"}],"author":[{"embeddable":true,"href":"https:\/\/yofuiunachicalyme.com\/index.php?rest_route=\/wp\/v2\/users\/4"}],"replies":[{"embeddable":true,"href":"https:\/\/yofuiunachicalyme.com\/index.php?rest_route=%2Fwp%2Fv2%2Fcomments&post=199"}],"version-history":[{"count":1,"href":"https:\/\/yofuiunachicalyme.com\/index.php?rest_route=\/wp\/v2\/posts\/199\/revisions"}],"predecessor-version":[{"id":299,"href":"https:\/\/yofuiunachicalyme.com\/index.php?rest_route=\/wp\/v2\/posts\/199\/revisions\/299"}],"wp:attachment":[{"href":"https:\/\/yofuiunachicalyme.com\/index.php?rest_route=%2Fwp%2Fv2%2Fmedia&parent=199"}],"wp:term":[{"taxonomy":"category","embeddable":true,"href":"https:\/\/yofuiunachicalyme.com\/index.php?rest_route=%2Fwp%2Fv2%2Fcategories&post=199"},{"taxonomy":"post_tag","embeddable":true,"href":"https:\/\/yofuiunachicalyme.com\/index.php?rest_route=%2Fwp%2Fv2%2Ftags&post=199"}],"curies":[{"name":"wp","href":"https:\/\/api.w.org\/{rel}","templated":true}]}}