{"id":203,"date":"2016-09-26T18:07:25","date_gmt":"2016-09-26T18:07:25","guid":{"rendered":"http:\/\/yofuiunachicalyme.com\/?p=203"},"modified":"2016-09-26T18:07:25","modified_gmt":"2016-09-26T18:07:25","slug":"el-final-del-verano-llego","status":"publish","type":"post","link":"https:\/\/yofuiunachicalyme.com\/?p=203","title":{"rendered":"El final del verano&#8230;lleg\u00f3&#8230;"},"content":{"rendered":"<p><html><body><\/p>\n<p><b>Escrito el Lunes, 26 de Septiembre de 2016<\/b><\/p>\n<p>El t\u00edtulo de este post viene de la canci\u00f3n \u201c&#8230;el final&#8230;del verano&#8230;, lleg\u00f3,&#8230;\u201d, del D\u00fao Din\u00e1mico. A ver, no echarse las manos a la cabeza, que ese no es mi tipo de m\u00fasica, ni de mi \u00e9poca. Hombre, <b>soy veterana pero no taaantoooo<\/b>. Pero, s\u00ed es cierto, que desde muy chavalina me viene esa frase cuando llega Septiembre y empieza a cambiar el tiempo.<\/p>\n<p>Ahora vivo en Le\u00f3n, y en una casa antig\u00fca, vamos que hace fresco de cojones, jajajajajaja, <b>nada que ver con el Septiembre de Madrid. <\/b>Aunque con el veranillo de San Miguel, estoy encantada. A\u00fan as\u00ed, mi temperatura corporal sigue siendo bajita, o con tendencia a la baja, \u00bfqu\u00e9 quiere decir eso?, que yo con 20\u00ba no soy persona, en la calle y en movimiento a\u00fan, pero en casa y parada, NI DE CO\u00d1A. Necesito 22\u00ba, y eso con forro polar, manga larga, calcetines, pantal\u00f3n largo y tirando de bata-manta e infusi\u00f3n por la noche para ver la tele. Y manta el\u00e9ctrica en la cama. Vamos, todo glamour.<\/p>\n<p>El cuerpo pide calorcito, y con la dieta que yo necesito hacer, pues no obtiene todo el que \u00e9l necesita. Esto tambi\u00e9n se andar\u00e1. Pero es un co\u00f1azo estar siempre congelada, con los hombros encogidos, y \u201ccon los ojos saltones\u201d, ya me entend\u00e9is. Me pongo capas y capas de ropa, y a veces cuando salgo a la calle, digo, <b>\u201c\u00bfd\u00f3nde vas, alma de c\u00e1ntaro?, que vas a morir asfixiada&#8230;.\u201d<\/b>, jajajajajaja.<\/p>\n<p><b>Resumiendo, que gano enteros en verano<\/b>, de calle. El final del verano es una \u00e9poca muy interesante. Empezamos tod@s el curso de alguna manera, los ni\u00f1os, y los adultos. En esta \u00e9poca y a primeros de a\u00f1o, casi tod@s nos proponemos iniciar retos, realizar cambios en nuestra vida, del tipo que sean, no s\u00e9, <b>renovarse, o reinventarse<\/b>, que se dice ahora. Mucho, poco, o casi nada. El grado de intensidad ya depende del personal.<\/p>\n<p>Yo como me llevo reinventando todo lo que va de a\u00f1o, no necesito a\u00f1adir retos u objetivos nuevos. Que ya tengo bastante, os lo puedo asegurar. <b>Tengo yo mis objetivos muy claritos y definidos. <\/b>Ya tengo la agenda full de cosas de trabajo hasta mediados de Noviembre. Cuando hablo de cosas de trabajo me refiero a \u201cRingana\u201d, el plan B, que ha pasado a ser plan A. <b>Maravilloso plan en cualquier caso.<\/b><\/p>\n<p>Que bueno dormir, que bueno descansar, que bueno comer y no engullir por falta de tiempo. <b>Mi calidad de vida ha mejorado un 200% o m\u00e1s<\/b> con respecto a cuando estaba en Madrid. No os cre\u00e1is que todo es jauja, que tambi\u00e9n hay d\u00edas que la cosa se pone intensa. Por ejemplo, hace un par de semanas fu\u00e9 la feria de mi pueblo, y puse un stand. Que paliza de currar. Y eso que el stand lo pon\u00eda el\u00a0 Ayuntamiento, y vinieron dos compis a ayudarme. <b>Y a\u00fan as\u00ed acabamos RE-VEN-TA-DI-NAS<\/b>. Como dec\u00eda el otro d\u00eda hablando con alguien,<b> la vida de feriante es muuuyyy intensa, como la de soci, que te tiene que gustar.<\/b> Jajajajajajajaja&#8230; Eso s\u00ed, encantada del rumbo que le he dado a mi vida.<\/p>\n<p>He estado en Madrid este finde pasado, una mezcla de ocio y negocio, y mira, no parece que haya salido de all\u00ed hace 5 meses, no, parece que he salido de all\u00ed hace 5 a\u00f1os. 7 minutos esperando el metro, <b>\u00bfque co\u00f1o hago yo 7 minutos esperando el metro?<\/b>, quita para all\u00e1 hombre, que me da tiempo a hacerme una infu, y si apuro mucho, incluso a beb\u00e9rmela.<\/p>\n<p>Si hice m\u00e1s kms dentro de Madrid y alrededores, que los que hice para ir y volver desde Le\u00f3n, jajajajajaja. Fu\u00e9 todo genial, muy divertido, y sali\u00f3 todo superbien, pero vamos, que sale mucho m\u00e1s barato ir de vez en cuando un finde a Madrid y disfrutarlo, que vivir all\u00ed y \u201csufrirlo\u201d por las distancias tan grandes que se necesitan hacer muchas\u00a0 veces.<\/p>\n<p><b>Es incre\u00edble a lo que nos llegamos a acostumbrar, \u00bfverdad?,&#8230;<\/b>a lo bueno, y a lo no tan bueno. Interesante. Muy interesante. Tambi\u00e9n estoy deseando que me contacte alguien a trav\u00e9s del blog. Como yo intu\u00ed en Junio, no me ha contactado nadie en verano, eso demuestra que s\u00e9 de lo que hablo, jajajajajaja. Biiieeennnn&#8230;.<\/p>\n<p><b>Quiero compartir con vosotr@s<\/b> algo que ya viv\u00ed hace unos meses y que fu\u00e9 especialmente emocionante para m\u00ed. En Abril o Mayo, en uno de los viajes que hago habitualmente a Madrid, aprovech\u00e9 para quedar con una chica con la que hab\u00eda hecho una sesi\u00f3n unos meses antes. Para conocernos en persona, sin m\u00e1s. Tomar algo, y echarnos unas risas. Y eso hicimos.<b><br \/><\/b><\/p>\n<p><b>Estuvo genial,<\/b> nos tiramos dos horas o m\u00e1s riendo y charlando de nuestras cosas. <b>Hubo una frase de ella muy significativa. <\/b>Cuando est\u00e1bamos hablando por tel\u00e9fono para ver d\u00f3nde qued\u00e1bamos. Lo t\u00edpico, que le viniera bien sobre todo a ella, porque estaba fastidiadina, y bastante afectada\u00a0 neurol\u00f3gicamente (yo afortunadamente ya tengo muuucho margen de maniobra, nada que ver). Pues ella no quiso que yo fuera hasta su barrio, que mejor a mitad de camino, somos muuuyyyy cabezotas, no insist\u00ed, que yo tambi\u00e9n era as\u00ed de cabezota y m\u00e1s a lo mejor, incluso a d\u00eda de hoy, de vez en cuando me sale la vena, jajajajajaja, I know.<\/p>\n<p>Pues eso, que cuando ya hab\u00edamos quedado, justo antes de colgar me dice:<\/p>\n<p><b>\u201cT\u00fa vas a ser la raz\u00f3n por lo cual vuelva a conducir 3 meses despu\u00e9s&#8230;\u201d<\/b><\/p>\n<p>La frase impresiona, lo s\u00e9, pero vosotros no intu\u00eds creo, el alcance o la magnitud real que tiene. Lo que lleva impl\u00edcito en su trasfondo, dicha por una persona con s\u00edntomas agudos de Lyme cr\u00f3nico. <b>Yo s\u00ed lo s\u00e9, por eso me impresion\u00e9 cuando la escuch\u00e9.<\/b> S\u00e9 lo que es arrastrarse para salir de casa. Conducir cuando tus reflejos est\u00e1n bajo m\u00ednimos o simplemente no est\u00e1n, pero t\u00fa necesitas ir a una consulta m\u00e9dica o al super a comprar comida. Algo tan elemental, se llega a convertir en una enorme pared vertical que escalar cada d\u00eda. Parece mentira, \u00bfverdad?&#8230;.pues es as\u00ed.<\/p>\n<p><b>Me sent\u00ed halagada, y feliz.<\/b> Feliz, por ser un motivo para que alguien que est\u00e1 pasando un puto infierno se anime a hacer algo tan simple como quedar a tomar algo, y salir de su burbuja de cristal. Con el sobre esfuerzo que eso conlleva, y toodooo, <b>para compartir un rat\u00edn de ocio y risas conmigo. Joder, conmigo. Me emociono al recordarlo.<\/b> Desde entonces llevo pensando en escribirlo aqu\u00ed porque creo que la ocasi\u00f3n lo merece. Vaya si lo merece. Ella y yo, las dos, nos lo merec\u00edamos.<\/p>\n<p>Momentos como ese hacen que haber pasado el infierno que he pasado tenga un sentido m\u00e1s all\u00e1 de tooooodooooo mi aprendizaje. <b>Esa es mi misi\u00f3n para esta vida: ayudar a personas que tienen la misma enfermedad que yo ten\u00eda<\/b>. A cada una de una manera, la que le vaya bien. Si no lo han hecho ya, hacer que mi experiencia les sirva para entender \u201cpara qu\u00e9\u201d necesitan algo tan jodido como un Lyme en sus vidas. Qui\u00e9n dice Lyme, dice &#8230;.. Hablar el mismo lenguaje, ayuda, y mucho. Obviamente, no me refiero al idioma castellano.<\/p>\n<p>Ya v\u00e9is por los \u00faltimos posts que me he aficionado a las foto\/frases. Dejo aqu\u00ed una muy, muy significativa. Se explica en s\u00ed misma.<\/p>\n<p><b>Por cierto, \u00bfalguien SANO se atreve a que le preste mis zapatos de los \u00faltimos 9 a\u00f1os&#8230;?, \u00bfhay alg\u00fan chico o chica valiente en la sala&#8230;?.<br \/><\/b><\/p>\n<p><b><b><b>Por favor, RESPETO para todas aquellas personas que est\u00e1n sufriendo y luchando por su vida sin ninguna ayuda.<\/b><\/b> Que no se entienda o no se aprecie exteriormente, no quiere decir que no exista.<br \/><\/b><\/p>\n<p\/>\n<p><img decoding=\"async\" src=\"http:\/\/yofuiunachicalyme.com\/wp-content\/uploads\/2020\/02\/img-20160730-wa0001-1.jpg\"\/><\/p>\n<p><\/p>\n<p\/>\n<p><b>Copyright \u00a9 2016 Yofuiunachicalyme. Todos los derechos reservados.<br \/>Para usar alguna foto \u00f3 texto, nombra la procedencia y a\u00f1ade un link al art\u00edculo original de este blog.<\/b><\/p>\n<p><\/body><\/html><\/p>\n","protected":false},"excerpt":{"rendered":"<p>Escrito el Lunes, 26 de Septiembre de 2016 El t\u00edtulo de este post viene de la canci\u00f3n \u201c&#8230;el final&#8230;del verano&#8230;, lleg\u00f3,&#8230;\u201d, del D\u00fao Din\u00e1mico. A ver, no echarse las manos a la cabeza, que ese no es mi tipo de m\u00fasica, ni de mi \u00e9poca. Hombre, soy veterana pero no taaantoooo. Pero, s\u00ed es cierto, &hellip; <a href=\"https:\/\/yofuiunachicalyme.com\/?p=203\" class=\"more-link\">Continue reading<span class=\"screen-reader-text\"> \u00abEl final del verano&#8230;lleg\u00f3&#8230;\u00bb<\/span><\/a><\/p>\n","protected":false},"author":4,"featured_media":0,"comment_status":"open","ping_status":"open","sticky":false,"template":"","format":"standard","meta":{"footnotes":""},"categories":[1],"tags":[],"class_list":["post-203","post","type-post","status-publish","format-standard","hentry","category-uncategorized","group-blog","hfeed"],"_links":{"self":[{"href":"https:\/\/yofuiunachicalyme.com\/index.php?rest_route=\/wp\/v2\/posts\/203"}],"collection":[{"href":"https:\/\/yofuiunachicalyme.com\/index.php?rest_route=\/wp\/v2\/posts"}],"about":[{"href":"https:\/\/yofuiunachicalyme.com\/index.php?rest_route=\/wp\/v2\/types\/post"}],"author":[{"embeddable":true,"href":"https:\/\/yofuiunachicalyme.com\/index.php?rest_route=\/wp\/v2\/users\/4"}],"replies":[{"embeddable":true,"href":"https:\/\/yofuiunachicalyme.com\/index.php?rest_route=%2Fwp%2Fv2%2Fcomments&post=203"}],"version-history":[{"count":0,"href":"https:\/\/yofuiunachicalyme.com\/index.php?rest_route=\/wp\/v2\/posts\/203\/revisions"}],"wp:attachment":[{"href":"https:\/\/yofuiunachicalyme.com\/index.php?rest_route=%2Fwp%2Fv2%2Fmedia&parent=203"}],"wp:term":[{"taxonomy":"category","embeddable":true,"href":"https:\/\/yofuiunachicalyme.com\/index.php?rest_route=%2Fwp%2Fv2%2Fcategories&post=203"},{"taxonomy":"post_tag","embeddable":true,"href":"https:\/\/yofuiunachicalyme.com\/index.php?rest_route=%2Fwp%2Fv2%2Ftags&post=203"}],"curies":[{"name":"wp","href":"https:\/\/api.w.org\/{rel}","templated":true}]}}