{"id":213,"date":"2016-07-30T15:34:24","date_gmt":"2016-07-30T15:34:24","guid":{"rendered":"http:\/\/yofuiunachicalyme.com\/?p=213"},"modified":"2016-07-30T15:34:24","modified_gmt":"2016-07-30T15:34:24","slug":"sol-playa-y-gyn-tonics","status":"publish","type":"post","link":"https:\/\/yofuiunachicalyme.com\/?p=213","title":{"rendered":"Sol, Playa, y Gyn-tonics"},"content":{"rendered":"<p><html><body><\/p>\n<p><b>Escrito el Viernes, 29 de Julio de 2016<\/b><\/p>\n<p>Doy por hecho que el t\u00edtulo del post ha captado vuestra atenci\u00f3n, \u00bfsi&#8230;?, s\u00ed. Me lleva acompa\u00f1ando varios a\u00f1os en forma de mi estado del whatsapp en determinados momentos a lo largo del verano. Me encanta. <b>Define todo lo que casi cualquier persona necesita para disfrutar del verano<\/b>. Al menos eso creo yo.<\/p>\n<p>Hace un mes o dos, hablando con alguien me dec\u00eda que qu\u00e9 bien que me estuviera contactando gente a trav\u00e9s del blog, que me estuvieran saliendo sesiones para trabajar, que ahora ya ir\u00eda a m\u00e1s, etc., etc., etc. Mi respuesta fu\u00e9: \u201cque va, que va, esto es temporal ahora hasta que acabe la primavera\u201d. Se qued\u00f3 sorprendido, y ya le expliqu\u00e9. <b>El verano nos sienta incre\u00edblemente bien<\/b>. No me va a contactar ni Dios, y me alegro mucho por ello, jajajajaja, te lo aseguro.<\/p>\n<p>En general, el verano le sienta bien a cualquier persona en recuperaci\u00f3n de cualquier enfermedad. Es incre\u00edble lo bien que sienta el calorcito, el solecito, la playa, pasear, leer, ba\u00f1os en el mar, los d\u00edas tan largos,&#8230;, una siesta medio esnucad@ ah\u00ed en una silla playera o piscinera, o una estera, que te levantas doblao, hecho un 7 (ay, mis cervicales, y no te digo nada las lumbares) doblao s\u00ed, pero contento. Vamos, <b>un ba\u00f1o en el mar vale por 20 botes, por lo menos<\/b>. En algunos casos extremos, por m\u00e1s botes.<\/p>\n<p>Y luego que nos ponemos a hacer vitamina D a saco, ah\u00ed a lo loco, que falta hace. Muuucha falta. Y tambi\u00e9n serotonina, que como al menos yo la genero en deficiencia, pues claro, la ecuaci\u00f3n no cuadra, y mi teor\u00eda no demostrada, pero que funciona, es que el sol ayuda a estabilizar\/generar lo que sea, y me sienta de lujo. Hace 2 o 3 a\u00f1os, cuando no estaba tan estupenda como estoy ahora, me vino lo de \u00absol, playa, y gyn-tonics\u201d, y como me dijo una amiga en aquella \u00e9poca, <b>\u201ctoda una declaraci\u00f3n de intenciones\u201d<\/b>, oye, y tal cual.<\/p>\n<p>Dos semanitas llevo de playa, <b>no me quiero ir ni a tiros,<\/b> primero me iba el mi\u00e9rcoles pasado, \u00abhuy, que pronto, no, mejor este viernes\u00bb, es decir, hoy, \u00abuffff, que pereza, y que no tengo donde hacer noche en Madrid porque est\u00e1 todo Dios fuera, pues el domingo\u00bb, pues va a ser que no, que mejor el lunes que ya tengo alojamiento, y as\u00ed se pasa el mogoll\u00f3n de tr\u00e1fico del superfinde de verano este para empezar Agosto. Resumiendo, aun me quedan 2 d\u00edas completos de playa y ba\u00f1os en el mar. FELIZ. SUPER FELIZ.<\/p>\n<p>Y ya no voy a apurar m\u00e1s, que luego me <b>subo a Galicia para ir a Festiulloa<\/b>. Los que me segu\u00eds lo recordar\u00e9is del a\u00f1o pasado (ver post \u00abVacaciones de Persona\u00bb). Unos conciertos de m\u00fasica cl\u00e1sica gratuitos para conseguir financiaci\u00f3n la Asociaci\u00f3n de unos amigos, <b>Quercus Sonora<\/b>. <b>El a\u00f1o pasado me compromet\u00ed a financiar la cuerda estructurada, que no s\u00e9 muy bien lo que es, pero suena de puta madre.<\/b> Y, como no, he cumplido mi objetivo.<\/p>\n<p>Aqu\u00ed os dejo<b> el cartel del evento<\/b>, ver\u00e9is que en la esquina superior derecha, sale el blog como patrocinador. DIsculpad que sea un pantallazo del m\u00f3vil, cutre que te mueres, soy consciente, pero,&#8230;, el original ocupa muchos megas, y es la forma m\u00e1s r\u00e1pida que se me ha ocurido de poder compartirlo con vosotr@s. Si lo recorto, no sale el patrocinio, y pierde toda la gracia. Jajajajajja, lo s\u00e9, se me nota que soy ingeniero, y que he pasado mucho tiempo resolviendo en obra a 10000 rpm. I know. <\/p>\n<p><b>Me emocion\u00e9 y todo cuando lo v\u00ed.<\/b> Ahora entiendo que los grandes fil\u00e1ntropos donen esas cantidades astron\u00f3micas de dinero, bueno, a lo mejor en su caso tiene m\u00e1s que ver con ventajas fiscales y desgravaciones varias, ejem, ejem, ejem, pero bueno, igualmente alguien que lo necesita sale beneficiado. Al menos, eso quiero pensar. Y como yo elijo lo que pienso&#8230;<\/p>\n<p\/>\n<p><img decoding=\"async\" src=\"http:\/\/yofuiunachicalyme.com\/wp-content\/uploads\/2020\/02\/festiulloa-1.png\"\/><\/p>\n<p><\/p>\n<p\/>\n<p>Vale, he hablado de sol, y de playa. Queda el tercer elemento, <b>los gyn-tonics<\/b>. Esta parte la tengo menos trabajada, lo confieso. Y no porque no quiera, que va, si yo quiero, <b>ya lo creo que quieroooooooooo.<\/b>..pero&#8230;a mi cuerpo le est\u00e1 costando el tema alcohol. Tiene mucho sentido. Bueno, los expert@s ya lo sab\u00e9is. Cuando hay procesos de recuperaci\u00f3n al nivel que nosotr@s necesitamos, el alcohol es un p\u00e9simo amigo, de hecho, mas bien pasa a ser enemigo. 4 a\u00f1os limpita de alcohol, y regenerando a nivel celular pues tu me dir\u00e1s. \u00bfTu le dar\u00edas alcohol a un beb\u00e9?, no, pues eso. Lo mismito.<\/p>\n<p>El cuerpo lo rechaza aun con vehemencia, pero, cada vez va un pel\u00edn mejor. <b>Esto, tambi\u00e9n llegar\u00e1.<\/b> El a\u00f1o pasado creo que tom\u00e9 dos copas, una en febrero o por ah\u00ed, y otra en verano. No doy detalles, porque, \u00bfpara qu\u00e9?, ya yo si eso&#8230;.Solo decir que la segunda mucho mejor que la primera, pero eso s\u00ed, acto seguido del copazo, me tom\u00e9 dos botellines de agua de medio litro, sin menearme del sitio. Increible como te seca por dentro. Pero esta vez, ya en casa, luego en la cama, apenas tuve espasmos musculares, ni sensaciones extra\u00f1as. Balance positivo, pero no para repetir a corto plazo. Soy consciente.<\/p>\n<p>Este a\u00f1o, tom\u00e9 una en Nochevieja, que ya era 2016, y ya est\u00e1. Y alg\u00fan sorbito de la copa de alg\u00fan amig@, cuando hemos salido de timba por ah\u00ed. En San Juan. De 6 meses en 6 meses, como los an\u00e1lisis, me descojono. En fin, <b>soy humana<\/b>. No s\u00e9 vosotr@s, pero, incluso yo tengo un l\u00edmite en cuanto al n\u00famero de manzanillas y aguas que me puedo tomar. <b>Lo bueno es que se acuerdan de m\u00ed en todos los bares<\/b>, que fuerte.<\/p>\n<p>Si vuelvo al mismo bar ya no me preguntan ni que quiero. Un d\u00eda voy a ver las motos a la taberna, un bar de mi pueblo, y la camarera me dice, <b>\u201c\u00bfqu\u00e9 te pongo, agua o manzanilla?\u201d,<\/b> una sonrisa de oreja a oreja me puse yo, y mi respuesta fu\u00e9 \u201cponme las dos cosas, ah\u00ed a lo loco, que no se respire miseria, que este a\u00f1o, hay mundial\u201d, jajajajajajaja. Reiros, reiros, pero no sab\u00e9is lo que es todo el bar bebiendo cerveza, martinis, copas, vinos, etc., y yo con ese cuadro. Ja, <b>esto solo es para caballos ganadores<\/b>. Mucha gente ya se hab\u00eda puesto TV de pago en casa aunque cueste una pasta, para ver el f\u00fatbol y las motos, solo por no tener que pasar el trago, nunca mejor dicho, de ponerse cieg@ a aguas y manzanillas.<\/p>\n<p>Ahhhhh, hablando de motos, <b>supernoticia: este a\u00f1o, vuelvo a Cheste, por fin.<\/b> Acabo de apa\u00f1ar el alojamiento esta semana, madre mia, ya est\u00e1 todo pillado y estamos en Julio. Tremendo. <b>Bajo con otra soci, pero no una cualquiera, faltar\u00eda m\u00e1s<\/b>. Las chicas GP se me han venido abajo. Menos mal que soy una motera de recursos y rodeada de gente de calidad. Adem\u00e1s, este a\u00f1o la carrera se corre el 13 de Noviembre, ah\u00ed lo dejo. Miedito me da.<\/p>\n<p>Ole con ole, <b>vivan las chicas listas, valientes, guapas, y moteras.<\/b> Es mi regalazo por este a\u00f1o de profundos cambios para conseguir mi tan ansiada calidad de vida. Adem\u00e1s, coincide con mi cumplea\u00f1os, \u201ccon el otro cumplea\u00f1os\u201d, ya vosotros sab\u00e9is.<\/p>\n<p>Felices vacaciones, feliz verano, feliz finde, feliz viernes, que adem\u00e1s es 29, si es que, jajajajajjaja,&#8230;como tengo puesto ahora en mi estado del whasapp, <b>\u201cpor momentos como este, merece la pena VIVIR\u201d<\/b>. Aqu\u00ed os dejo una foto a cuenta (el autor es un primo de Burgos, y est\u00e1 hecha en M\u00e1laga). Intuyo que os va a encantar. <\/p>\n<p\/>\n<p><img decoding=\"async\" src=\"http:\/\/yofuiunachicalyme.com\/wp-content\/uploads\/2020\/02\/img-20160611-wa0002-1.jpg\"\/><\/p>\n<p><b>Copyright \u00a9 2016 Yofuiunachicalyme. Todos los derechos reservados.<br \/>Para usar alguna foto \u00f3 texto, nombra la procedencia y a\u00f1ade un link al art\u00edculo original de este blog.<\/b><\/p>\n<p\/><\/body><\/html><\/p>\n","protected":false},"excerpt":{"rendered":"<p>Escrito el Viernes, 29 de Julio de 2016 Doy por hecho que el t\u00edtulo del post ha captado vuestra atenci\u00f3n, \u00bfsi&#8230;?, s\u00ed. Me lleva acompa\u00f1ando varios a\u00f1os en forma de mi estado del whatsapp en determinados momentos a lo largo del verano. Me encanta. Define todo lo que casi cualquier persona necesita para disfrutar del &hellip; <a href=\"https:\/\/yofuiunachicalyme.com\/?p=213\" class=\"more-link\">Continue reading<span class=\"screen-reader-text\"> \u00abSol, Playa, y Gyn-tonics\u00bb<\/span><\/a><\/p>\n","protected":false},"author":4,"featured_media":0,"comment_status":"open","ping_status":"open","sticky":false,"template":"","format":"standard","meta":{"footnotes":""},"categories":[1],"tags":[],"class_list":["post-213","post","type-post","status-publish","format-standard","hentry","category-uncategorized","group-blog","hfeed"],"_links":{"self":[{"href":"https:\/\/yofuiunachicalyme.com\/index.php?rest_route=\/wp\/v2\/posts\/213"}],"collection":[{"href":"https:\/\/yofuiunachicalyme.com\/index.php?rest_route=\/wp\/v2\/posts"}],"about":[{"href":"https:\/\/yofuiunachicalyme.com\/index.php?rest_route=\/wp\/v2\/types\/post"}],"author":[{"embeddable":true,"href":"https:\/\/yofuiunachicalyme.com\/index.php?rest_route=\/wp\/v2\/users\/4"}],"replies":[{"embeddable":true,"href":"https:\/\/yofuiunachicalyme.com\/index.php?rest_route=%2Fwp%2Fv2%2Fcomments&post=213"}],"version-history":[{"count":0,"href":"https:\/\/yofuiunachicalyme.com\/index.php?rest_route=\/wp\/v2\/posts\/213\/revisions"}],"wp:attachment":[{"href":"https:\/\/yofuiunachicalyme.com\/index.php?rest_route=%2Fwp%2Fv2%2Fmedia&parent=213"}],"wp:term":[{"taxonomy":"category","embeddable":true,"href":"https:\/\/yofuiunachicalyme.com\/index.php?rest_route=%2Fwp%2Fv2%2Fcategories&post=213"},{"taxonomy":"post_tag","embeddable":true,"href":"https:\/\/yofuiunachicalyme.com\/index.php?rest_route=%2Fwp%2Fv2%2Ftags&post=213"}],"curies":[{"name":"wp","href":"https:\/\/api.w.org\/{rel}","templated":true}]}}