{"id":215,"date":"2016-07-07T18:07:45","date_gmt":"2016-07-07T18:07:45","guid":{"rendered":"http:\/\/yofuiunachicalyme.com\/?p=215"},"modified":"2016-07-07T18:07:45","modified_gmt":"2016-07-07T18:07:45","slug":"las-cosas-del-comer","status":"publish","type":"post","link":"https:\/\/yofuiunachicalyme.com\/?p=215","title":{"rendered":"Las Cosas Del Comer"},"content":{"rendered":"<p><html><body><\/p>\n<p><b>Escrito el Lunes, 4 de Julio de 2016<\/b><\/p>\n<p>El t\u00edtulo de este post se me ocurri\u00f3 hace ya unas semanas. Despu\u00e9s de la limpieza esa primaveral de emociones que me dur\u00f3 casi 1 mes, madre m\u00eda, \u201cpa\u00b4habernos matao\u201d. <b>Estoy feliz de estar ya en verano<\/b>, \u00a1me encanta el verano!, Dios bendiga al verano, Universo, \u00bfpodr\u00eda durar 3 meses m\u00e1s?, por favor, por favor, por favor,&#8230;.<\/p>\n<p>Ayer estuve en la piscina toda la tarde, un d\u00eda espectacular, solecito, ba\u00f1ito, mira volv\u00ed nueva a casa. M\u00e1s que recuperada, <b>me sent\u00eda y me siento, invencible.<\/b><\/p>\n<p>Durante ese mes que estuve hecha unos zorros, <b>me cost\u00f3 comer la vida misma<\/b>. S\u00ed, lo s\u00e9, es dif\u00edcil de creer. Que yo, que soy una trituradora humana, una hormigonera de comer, de lo que puedo eso s\u00ed, pero una hormigonera de comer, que yo, comiese muy poco o pasase hambre (porque pas\u00e9 hambre), entiendo que llame poderosamente la atenci\u00f3n desde fuera. Esas son, las cosas del comer.<\/p>\n<p>Estoy tan harta, taaaannntooooo, de comer carne, que es que me daba hasta arcadas, y solo de pensar que ten\u00eda que ponerme a cocinar, es decir, a freir filetes, puaf, que ascazo. Esto ya me pasa hace tiempo, lo confieso, pero al estar f\u00edsicamente tan tocada, lo ves todo con otra perspectiva y otras sensaciones, y no precisamente en positivo. <b>Sapos y culebras sal\u00edan por mi boca<\/b>, mira que digo tacos, pues me pas\u00e9 de rosca. No tir\u00e9 todas las sartenes por la ventana de puto milagro, sinceramente, mala me pon\u00eda solo de verlas.<\/p>\n<p><b>Acab\u00e9 muy cansada, f\u00edsica, y sobre todo mentalmente<\/b>. Muuuuyyyy cansada. De hecho, la frase era \u201cestoy hasta la polla, joderrrrr, \u00bfes que a\u00fan no he tenido bastante?\u201d.<\/p>\n<p>Os cuento. <b>Este mes de Junio hace 4 a\u00f1os que empec\u00e9 a hacer dietas por motivos de salud<\/b>, ni de co\u00f1a por temas est\u00e9ticos, afortunadamente para m\u00ed. Madredelamorhermoso, 4 a\u00f1os, lo pienso y alucino. <b>Sinceramente, no s\u00e9 como lo he soportado, ni s\u00e9 c\u00f3mo lo puedo soportar<\/b>. Antif\u00fangica, antiinflamatoria, etc., etc., etc., dietas que al final quedaron integradas en la que yo hago que podr\u00eda llamarse algo as\u00ed como:<b> \u201cdieta anti cosas que me van mal a m\u00ed y punto pelota\u201d<\/b>, jajajajajja. Al ser tan sensible, he detectado muchos alimentos que me iban mal y directamente me los quit\u00e9. No investigu\u00e9 al detalle el porqu\u00e9 me iban mal, aunque s\u00e9 que hab\u00eda una explicaci\u00f3n f\u00edsica para ello. C\u00f3mo s\u00e9 que la hay para lo que a\u00fan no tolero. \u00bfSab\u00e9is por qu\u00e9 no lo investigu\u00e9?, porque es muy cansado estar todo el d\u00eda estudiando, y m\u00e1s con el master que yo ya llevaba hecho.<\/p>\n<p>Llega un momento en que activas el instinto de supervivencia, reacci\u00f3n =&gt; acci\u00f3n, as\u00ed, en ese orden. Minimizas ese af\u00e1n de aprender y de saber el por qu\u00e9 de todo, que tenemos las personas que desarrollamos Lyme. <b>Estas mentes brillantes <\/b>que nos han dado de serie, que peligro tienen. Y dices, no consulto ni estudio nada m\u00e1s, que le den a todo. <b>Que me va mal, me lo quito y punto<\/b>. Mi dieta es v\u00e1lida \u00fanica y exclusivamente para m\u00ed. No doy detalles aqu\u00ed no vaya a ser que haya alg\u00fan desesperad@ del Lyme que se ponga a hacerla cuando a lo mejor no lo necesite. Esto depende mucho de la persona. Para qu\u00e9 machacarte m\u00e1s si no te hace falta, ya tenemos bastante con el d\u00eda a d\u00eda, \u00bfa que s\u00ed&#8230;?.<\/p>\n<p>A ver, a m\u00ed me ha funcionado, y <b>s\u00e9 que gracias a ella he recuperado la parte f\u00edsica al 95% y la digestiva, no s\u00e9, vamos a darle un 80%.<\/b> Dir\u00e9is: pues vaya una mierda. De eso nada monadas, cuando vienes de 0,0, estos m\u00e1rgenes est\u00e1n muy, pero que muy bien, os lo aseguro. <\/p>\n<p>Que ya no tenga Lyme, no quiere decir que mi cuerpo haya regenarado todo lo que necesita. El da\u00f1o f\u00edsico despu\u00e9s de 35 a\u00f1os pute\u00e1ndote por dentro 200M de bichos, no es algo para regenerar de hoy para ma\u00f1ana. La verdad es que ya me queda nada, \u201c0,\u201d (cero coma) que decimos en Madrid. Eso s\u00ed, yo quiero m\u00e1s&#8230;<b>quiero el 100%<\/b>. He sido consciente con todo este proceso primaveral. Estoy cansada de llevar comida en el bolso, mi famosa frase de <b>\u201cparece que tengo mellizos\u201d<\/b>, que si la merienda, que a qu\u00e9 hora se queda, para yo poder comer antes o despu\u00e9s, de ir solo a sitios en los que yo s\u00e9 que puedo comer porque me pueden apa\u00f1ar el men\u00fa, etc., etc., etc.<\/p>\n<p>Todav\u00eda me acuerdo, que esto es \u00e9pico, de <b>una visita a Bilbao este Octubre pasado<\/b>, yo con dos amigas por el casco viejo, todo el personal a zuritos y unos buenos pintxos, y yo con un tupper de pi\u00f1a natural, y no s\u00e9 que otra cosa llevaba. <b>NO ME JODAS, yo ten\u00eda una reputaci\u00f3n <\/b>co\u00f1o, que fu\u00ed ah\u00ed en mis tiempos mozos a la Aste Nagusia (Semana Grande), varios a\u00f1os, ni uno ni dos, y me he bebido hasta el agua de los floreros 15 veces, y me he comido unos bocatas a las 6 de la ma\u00f1ana antes de volver a casa, que no veas. <b>Toma tupper con pi\u00f1a y papaya <\/b>creo recordar que era, \u201cpa mear y no echar gota\u201d.<\/p>\n<p>No es que ahora quiera hacer eso, igual me tienen que poner ox\u00edgeno los del Samur solo de pensarlo, jajajajajaja, no lo descart\u00e9is. Bromas aparte, lo que si me gustar\u00eda, y quiero, es tener esa opci\u00f3n. <b>Quiero ser yo la que elija, no que me lo imponga mi cuerpo<\/b>. Vamos, despu\u00e9s de todo lo que he pasado, quiero, deseo y me merezco el 100% de calidad de vida. Para lo que me queda, yo ya remato s\u00ed, o s\u00ed. <b>Ese es el objetivo para este a\u00f1o, calidad de vida 100%.<\/b> Siento que ya estoy muy cerca. Los que me conoc\u00e9is, me hab\u00e9is o\u00eddo muchas veces la frase de que estos son los \u00faltimos 50 kms, de un viaje de 1000 kms, cuando ya est\u00e1s deseandito llegar al destino, y se te hacen eteeeeerrrnnoooossss. Pero llegas. Hart@ de todo, pero llegas.<\/p>\n<p>Tengo una an\u00e9cdota buen\u00edsima. Ah\u00ed va. No os pod\u00e9is imaginar lo que hice hace un mes, una locura, <b>algo para lo que he tenido que esperar 6 a\u00f1os.<\/b> A\u00fan no me lo creo. Sonr\u00edo en este mismo momento como si hubiera hecho una travesura, jejejejeje, os vais a reir cabron@s, pero me da igual. <b>Por fin, me he podido hacer la depilaci\u00f3n l\u00e1ser en el bigote, ole con ole, gracias, gracias, gracias.<\/b> Prefiero poner bigote porque si pongo labio superior, alg\u00fan espabilado pensar\u00e1 que estoy hablando de otra parte del cuerpo, \u00bfme equivoco?, f\u00e1cil que no.<\/p>\n<p>Os estar\u00e9is preguntando por qu\u00e9 he esperado tanto, que ya me vale. <b>He esperado tanto porque no ten\u00eda m\u00e1s opciones<\/b>. Ya me hab\u00e9is o\u00eddo hablar alguna vez que me sal\u00edan unos herpes del tama\u00f1o del planeta J\u00fapiter en el bigote (creo que dec\u00eda Saturno, pero como ahora J\u00fapiter est\u00e1 de moda, me actualizo). Seg\u00fan fu\u00ed empeorando de salud, y mi sistema inmunol\u00f3gico desapareci\u00f3 el pobre, ni estaba ni se le esperaba, eso fu\u00e9 a m\u00e1s, hasta que me empezaron a salir todos los meses. Cuando me tocaba la regla, zasca. A veces sal\u00edan 2 a la vez, otras veces uno enorme, casi empalmaba un mes con otro, porque tardaban entre 2 y 3 semanas en curarse, no pod\u00eda quitar el bigote ni con cera, que miedo. Casi no pod\u00eda ni con pinzas.<\/p>\n<p>A ver c\u00f3mo iba a meter el l\u00e1ser, primero tendr\u00eda que no tener nada en la zona, que eso ya, chungo, y segundo, que el calor los iba a reactivar. Imposible. M\u00e1s no por Dios. Esta \u201ctonter\u00eda\u201d, para una mujer, bufff, no es ninguna tonter\u00eda, y m\u00e1s con el bigote de profesional que yo ten\u00eda, que me pod\u00edan haber dado la nacionalidad portuguesa (que no se enfade nadie por favor, <b>amo Portugal,<\/b> pero las cosas son como son). <\/p>\n<p>Algo tan simple como poder hacer esto que os acabo de contar, <b>ha sido un gran objetivo cumplido.<\/b> Gracias a que mi sistema inmunol\u00f3gico est\u00e1 de put\u00edsima madre y mantiene los virus a raya (mi trabajo y mi dinero me ha costado). Haberlos hailos, peeroooooo, aunque siguen en rangos altos\/muy altos con respecto a los valores de referencia, sus efectos no se dejan sentir, ni de co\u00f1a, como antes. Por eso ya no me salen los putos herpes, digo, los herpes. Que luego me escuchan por ah\u00ed arriba, me dan un zasca en los morros, nunca mejor dicho, y se echan unas risas a la hora del caf\u00e9 a costa m\u00eda.<\/p>\n<p>En fin, esta an\u00e9cdota no hace sino ilustrar al pelo, el final de este post. <b>Como dijo Albert Einstein,<\/b> que me encanta, y me siento muy identificada con esta frase:<b> \u201cExiste una fuerza motriz m\u00e1s poderosa que el vapor, la electricidad, y la energ\u00eda at\u00f3mica: la voluntad\u201d.<\/b><\/p>\n<p>Cualquier lymer, o ex-lymer sabe perfectamente lo que significa esta frase para nosotr@s.<\/p>\n<p><b>Copyright \u00a9 2016 Yofuiunachicalyme. Todos los derechos reservados.<br \/>Para usar alguna foto \u00f3 texto, nombra la procedencia y a\u00f1ade un link al art\u00edculo original de este blog.<\/b><\/p>\n<p><\/body><\/html><\/p>\n","protected":false},"excerpt":{"rendered":"<p>Escrito el Lunes, 4 de Julio de 2016 El t\u00edtulo de este post se me ocurri\u00f3 hace ya unas semanas. Despu\u00e9s de la limpieza esa primaveral de emociones que me dur\u00f3 casi 1 mes, madre m\u00eda, \u201cpa\u00b4habernos matao\u201d. Estoy feliz de estar ya en verano, \u00a1me encanta el verano!, Dios bendiga al verano, Universo, \u00bfpodr\u00eda &hellip; <a href=\"https:\/\/yofuiunachicalyme.com\/?p=215\" class=\"more-link\">Continue reading<span class=\"screen-reader-text\"> \u00abLas Cosas Del Comer\u00bb<\/span><\/a><\/p>\n","protected":false},"author":4,"featured_media":0,"comment_status":"open","ping_status":"open","sticky":false,"template":"","format":"standard","meta":{"footnotes":""},"categories":[1],"tags":[],"class_list":["post-215","post","type-post","status-publish","format-standard","hentry","category-uncategorized","group-blog","hfeed"],"_links":{"self":[{"href":"https:\/\/yofuiunachicalyme.com\/index.php?rest_route=\/wp\/v2\/posts\/215"}],"collection":[{"href":"https:\/\/yofuiunachicalyme.com\/index.php?rest_route=\/wp\/v2\/posts"}],"about":[{"href":"https:\/\/yofuiunachicalyme.com\/index.php?rest_route=\/wp\/v2\/types\/post"}],"author":[{"embeddable":true,"href":"https:\/\/yofuiunachicalyme.com\/index.php?rest_route=\/wp\/v2\/users\/4"}],"replies":[{"embeddable":true,"href":"https:\/\/yofuiunachicalyme.com\/index.php?rest_route=%2Fwp%2Fv2%2Fcomments&post=215"}],"version-history":[{"count":0,"href":"https:\/\/yofuiunachicalyme.com\/index.php?rest_route=\/wp\/v2\/posts\/215\/revisions"}],"wp:attachment":[{"href":"https:\/\/yofuiunachicalyme.com\/index.php?rest_route=%2Fwp%2Fv2%2Fmedia&parent=215"}],"wp:term":[{"taxonomy":"category","embeddable":true,"href":"https:\/\/yofuiunachicalyme.com\/index.php?rest_route=%2Fwp%2Fv2%2Fcategories&post=215"},{"taxonomy":"post_tag","embeddable":true,"href":"https:\/\/yofuiunachicalyme.com\/index.php?rest_route=%2Fwp%2Fv2%2Ftags&post=215"}],"curies":[{"name":"wp","href":"https:\/\/api.w.org\/{rel}","templated":true}]}}