{"id":219,"date":"2016-04-18T14:36:40","date_gmt":"2016-04-18T14:36:40","guid":{"rendered":"http:\/\/yofuiunachicalyme.com\/?p=219"},"modified":"2016-04-18T14:36:40","modified_gmt":"2016-04-18T14:36:40","slug":"me-encanta-mi-puto-poder","status":"publish","type":"post","link":"https:\/\/yofuiunachicalyme.com\/?p=219","title":{"rendered":"Me Encanta Mi Puto Poder"},"content":{"rendered":"<p><html><body><\/p>\n<p><b>Escrito el Domingo, 17 de Abril de 2016<\/b><\/p>\n<p>Feliz con mi nueva vida. Super feliz, mejor dicho. Me encanta mi puto poder. <b>Esta es la frase que tengo ahora puesta en mi estado del whatsapp.<\/b> Y ah\u00ed se va a quedar una temporadita. Al menos hasta que lo asimile. Me est\u00e1 pasando lo mismo que cuando dej\u00e9 mi piso de Las Rozas para ir a vivir de alquiler cerca de la oficina, que ya fui adaptada. Me hac\u00eda tanta falta, estaba tan agotada, y c\u00f3mo sab\u00eda que era bueno para m\u00ed, lo disfrut\u00e9 much\u00edsimo, y no ech\u00e9 nada de menos. Pues ahora igual. Las mismas sensaciones al dejar Madrid.<\/p>\n<p>Por cierto, aclaro que <b>a\u00fan no estoy en Barcelona<\/b>. Estoy en mi pueblo, que no s\u00e9 si ya lo he mencionado alguna vez, pero si no lo he hecho, aqu\u00ed lo llev\u00e1is, <b>Santa Mar\u00eda del P\u00e1ramo (Le\u00f3n), un pueblo cojonudo<\/b>. Aunque sea un impass motivado por las circunstancias, me apetece much\u00edsimo y lo estoy disfrutando infinito. En Febrero y hasta parte de Marzo, ah\u00ed apurando al l\u00edmite, estuve pensando c\u00f3mo hacer, si irme directamente a Barna, o no. Hasta el punto, de que el primer presupuesto que me dieron para la mudanza, no ten\u00eda claro a d\u00f3nde. S\u00ed, el paisa que vino flip\u00f3 un pel\u00edn.<\/p>\n<p><b>Ech\u00e9 cuentas, y dije, ni a Barna, ni a Cuenca,<\/b> ni a ning\u00fan sitio que haya que pagar alquiler, jajajajaja, <b>que bueno es saber sumar y restar<\/b>. Mis recursos econ\u00f3micos actuales no tienen nada que ver a cuando dej\u00e9 de trabajar para recuperarme en el 2012. Con un colch\u00f3n econ\u00f3mico, te puedes permitir ciertas cosas. Ahora no. Para qu\u00e9 arriesgar por encima de mis posibilidades, teniendo otras opciones, \u00a1\u00a1 qu\u00e9 necesidad&#8230;!!.<\/p>\n<p><b>Me siento super contenta.<\/b> Todo el mundo hablando que si que primavera m\u00e1s mala, que mal tiempo, <b>y a m\u00ed todo me gusta<\/b>; que llueve, guay, saco mi parag\u00fcas Ducati a pasear; que hace sol, guay; que hace fr\u00edo, guay, m\u00e1s capas de ropa; que hace calor, quito capas de ropa, jajajajaja. Oye, todo me va bien. Me recuerda a cuando est\u00e1s enamorad@ que es un poco eso, y adem\u00e1s, todo el d\u00eda sonriendo y poniendo ojitos de cordero degollado, pues as\u00ed ando yo ahora por el mundo.<\/p>\n<p>Lo quiero contar porque es tan bueno todo que miedito me da no explote de felicidad, ilusi\u00f3n, alegr\u00eda, etc. Tiene sentido el s\u00edmil que acabo de hacer con un enamoramiento, porque <b>estoy enamorada de m\u00ed misma<\/b>. S\u00ed, lo que o\u00eds. De hecho, los primeros d\u00edas de Abril, ya aqu\u00ed en Santa, de vez en cuando me sorprend\u00eda a m\u00ed misma, mir\u00e1ndome al espejo y dici\u00e9ndome,<b> \u201cjoder, t\u00eda, lo has hecho, que huevos tienes\u201d,<\/b> y me daba la risa. Pero varias veces, ehhh?, ni una ni dos.<\/p>\n<p><b>C\u00f3mo no <\/b>voy a estar enamorada de m\u00ed misma, si <b>me estoy cuidando; ocup\u00e1ndome de mis necesidades, de las reales; queri\u00e9ndome; valor\u00e1ndome; haciendo lo que me apetece; trabajando en un proyecto nuevo que me tiene fascinada, que me llena; que me est\u00e1 proporcionando ingresos econ\u00f3micos; poni\u00e9ndome yo mis horarios, los de ocio y los de negocio; con tiempo para hacer deporte; para leer; formando un equipo de trabajo con quien yo he elegido; escribiendo para el blog; ayudando de forma customizada a personas con Lyme; y por encima de todo, durmiendo.<\/b><\/p>\n<p>Dios m\u00edo, <b>que bueno es dormir,<\/b> en una semana ya me hab\u00eda cambiado la cara. <b>Si ten\u00e9is que elegir, o priorizar, dormid por encima de todo lo dem\u00e1s.<\/b> Y cuando se pasa mala noche (que de eso sabemos mucho los que hemos pasado por un Lyme), si puedes, mega siesta al d\u00eda siguiente. Que le den por el culo a todo. Dormir es vida. He tardado un cerro de a\u00f1os en descubrirlo. Bueno, mejor antes que despu\u00e9s.<\/p>\n<p><b>Mi entorno cercano, y el lejano, jajajajajaja, est\u00e1n un poco flipados con este giro que he dado a mi vida.<\/b> Me r\u00edo mucho. Lo entiendo, desde fuera y sin saber,&#8230;., incluso sabiendo&#8230; <\/p>\n<p>Hablaba hace 5 minutos con alguien por tel\u00e9fono, y me dice <b>\u201csi es que, yo creo, que no deber\u00edas haber dejado este trabajo\u201d<\/b>, y yo ah\u00ed escuchando, y lo m\u00e1s sangrante es que esta persona ha le\u00eddo los \u00faltimos posts del blog, d\u00f3nde cuento el esfuerzo brutal f\u00edsico y emocional que he necesitado hacer los \u00faltimos 8 o 9 meses para poder sacar el curro adelante, y la consecuente factura que me ha pasado. Y a\u00fan as\u00ed, me dice que no deber\u00eda haber dejado ese trabajo. Es alucinante el poco respeto que a veces demostramos hacia los dem\u00e1s, quiero decir, disc\u00falpame pero, <b>\u00bfpor qu\u00e9 te atreves a opinar?, \u00bfte he preguntado yo acaso?<\/b>, no. <\/p>\n<p><b>Sonre\u00eda mientras escuchaba. <\/b>Este tipo de cosas me superan, sinceramente. <b>Respeto es de las mejores palabras del diccionario,<\/b> y, en general, brilla por su ausencia. <b>Todo pichichi haciendo juicios de todo, de lo que sea, da igual.<\/b> Tu opina y juzga, que algo queda. Mira de verdad, que bueno que me haya pasado esto, porque es la primera vez de esta etapa, pero me temo, que no va a ser la \u00faltima. Y as\u00ed ya puedo gestionarlo. Siempre en positivo.<\/p>\n<p>Luego est\u00e1 la gente que te pregunta que tal est\u00e1s, c\u00f3mo te va, y cuando les contesto en la l\u00ednea que ya hab\u00e9is le\u00eddo (adem\u00e1s es que se me nota en la voz, en el lenguaje que empleo, y no te digo nada en persona), van y te dicen cosas del tipo de: <b>\u201cjo t\u00eda, qu\u00e9 suerte\u201d<\/b>, y lo rematan con un <b>\u201cojal\u00e1 yo pudiera\u201d<\/b>, a lo que yo respondo <b>\u201chombre, todo el mundo puede hacer lo mismo que yo\u201d<\/b>, y contestan, <b>\u201cque va, no compares, lo m\u00edo es distinto, y adem\u00e1s,<\/b> yo tengo ni\u00f1os, y marido\/mujer\u201d.<\/p>\n<p>A estas alturas de la conversaci\u00f3n, mi respuesta es del tipo <b>\u201ca ver, no es cuesti\u00f3n de tirarlo todo por la borda en cero coma, pero&#8230;<\/b>, teniendo las cosas claras siempre hay opciones, las puedes consensuar con tu pareja, valorar todas las posibilidades, decidir que palos tocar, y ponerse a la acci\u00f3n para conseguir las metas que os propong\u00e1is, sean las que sean\u201d. A ver, si es ir a vivir a Marte toda la familia, co\u00f1o, pues igual te cuesta un pel\u00edn m\u00e1s, que lo mismo te vale Albacete, o Almer\u00eda, as\u00ed algo sequito y eso, jajajajaja. <b>Objetivos alcanzables siempre, por favor.<\/b><\/p>\n<p>Ahora viene lo mejor, cuando me contestan, <b>\u201cs\u00ed, s\u00ed, todo eso suena muy bien, pero la realidad es otra\u201d<\/b>, ah\u00ed confieso que respiro hondo, muuuuy hoooondo, hago una pausa, y paso, es decir, me quedo callada, o suelto una iron\u00eda. Confieso p\u00fablicamente que lo que pienso es:<b> \u201cnota mental: esta persona tiene lo que se merece, ded\u00edcate a tus cosas\u201d.<\/b><\/p>\n<p>Soy consciente de que cada un@ tenemos un timing, un momento para cada cosa, y si no es el momento, no hay nada que hacer. <b>Lo s\u00e9 porque yo misma lo he vivido. Y lo vivo.<\/b> Para llegar a este punto <b>he necesitado 5 a\u00f1os de aprendizaje intenso, y de mucho esfuerzo y trabajo personal<\/b>. Y mucha gente cuando me dice esas cosas, es como si pensasen que me he levantado un d\u00eda, se me han hinchado los cojones (metaf\u00f3ricamente hablando claro, s\u00f3lo faltaba), y he dicho hala, todo a la mierda, sin pensar en nada. Pero es que es gente que sabe de mi proceso, y a\u00fan as\u00ed&#8230;<\/p>\n<p>Vamos a ver, qu\u00e9 parte de&#8230; he cambiado patrones; he limpiado mi agenda; he sanado emociones, algunas muy dolorosas; he perdonado a otr@s; me he perdonado a m\u00ed; he entendido; he buscado respuestas; las he encontrado, que ojito con lo que encntramos; he invertido dinero en m\u00ed; he llorado; he necesitado hablar con ciertas personas; he le\u00eddo; he visualizado; he buscado opciones; he ido a donde quer\u00eda ir, no a d\u00f3nde se supone que deb\u00eda ir; he escuchado; he sacado a la luz otros talentos que me permiten realizar un tipo de trabajo distinto del que yo hac\u00eda, y no s\u00e9 cuant\u00edsimas cosas m\u00e1s, <b>\u00bfqu\u00e9 parte de todo eso NO HAS ENTENDIDO?<\/b>.<\/p>\n<p>Ya s\u00e9 que no es sencillo, nadie ha dicho que lo fuera. Pero de ah\u00ed, a pensar que puedes cambiar tu vida de un plumazo porque s\u00ed, de un d\u00eda para otro, porque te levantas con ganas de marcha, no s\u00e9, seguro que hay gente que lo ha hecho, fijo, pero no es mi caso.<\/p>\n<p>Lo bueno de esto, es que adem\u00e1s de m\u00ed, <b>conozco a otras personas cercanas, que est\u00e1n viviendo su propio proceso,<\/b> poquitas eso s\u00ed, pero con un par est\u00e1n saliendo\/han salido de su zona de confort para realizarse, ser felices, y buscarse la vida que sea buena para ell@s., la que ell@s quieran. Esas personas, merecen la pena. <b>Esas personas son como yo, gente normal y corriente, luchadora y valiente<\/b>, \u00bfy sab\u00e9is qu\u00e9?, que <b>esos adjetivos nos convierten en personas excepcionales. SOMOS PERSONAS EXCEPCIONALES<\/b>.<\/p>\n<p>Sinceramente, el resto, <b>el resto que se busque la vida como hemos hecho los dem\u00e1s<\/b>. No est\u00e1 en m\u00ed mano, ni en las manos de otr@s. <b>Cada uno somos responsables de nosotros mismos.<\/b> Y ya tenemos bastante, doy f\u00e9 que si.<\/p>\n<p><b>Por eso me fascina MI PUTO PODER. <\/b>Porque me ha costado la vida recuperarlo y sacarlo a la luz. Nunca lo perd\u00ed. Simplemente lo enterr\u00e9, sin yo saberlo, debajo de capas y capas, de a\u00f1os y a\u00f1os de no vivir en armon\u00eda. Si ni siquiera sab\u00eda lo que era la armon\u00eda entendida como la siento ahora. Esa palabra no estaba en mi vocabulario. <b>Tod@s tenemos nuestro poder a nuestro alcance. S\u00f3lo necesitamos creernoslo.<\/b><\/p>\n<p>Y&#8230;mira por d\u00f3nde, me va a venir super bien ser futbolera, para cerrar este post. Sabr\u00e9is que el Atl\u00e9tico de Madrid ha eliminado al Barcelona de la Champions esta semana. Enhorabuena a los atl\u00e9ticos, y mis condolencias a los cul\u00e9s. Pues bien, el eslogan de los colchoneros en las redes sociales me viene divinamente para ilustrar lo que quiero transmitir con este post. El eslogan era: <b>#nuncadejesdecreer<\/b>. <\/p>\n<p>Buen\u00edsimo, me encant\u00f3. Y yo a\u00f1ado estos otros: <\/p>\n<p>#cogetuputopoder o #tomatuputopoder (para Sudam\u00e9rica)<br \/>#viveenarmonia<br \/>#molamazomandarlotodoalcarajo (este rima y todo)<br \/>#tenemosloquenosmerecemos<br \/>#solohayunavidaparavivirdisfrutala (solo una vida siendo conscientes de ella, claro)<\/p>\n<p><b>Copyright \u00a9 2016 Yofuiunachicalyme. Todos los derechos reservados.<br \/>Para usar alguna foto \u00f3 texto, nombra la procedencia y a\u00f1ade un link al art\u00edculo original de este blog.<\/b><\/p>\n<p><\/body><\/html><\/p>\n","protected":false},"excerpt":{"rendered":"<p>Escrito el Domingo, 17 de Abril de 2016 Feliz con mi nueva vida. Super feliz, mejor dicho. Me encanta mi puto poder. Esta es la frase que tengo ahora puesta en mi estado del whatsapp. Y ah\u00ed se va a quedar una temporadita. Al menos hasta que lo asimile. Me est\u00e1 pasando lo mismo que &hellip; <a href=\"https:\/\/yofuiunachicalyme.com\/?p=219\" class=\"more-link\">Continue reading<span class=\"screen-reader-text\"> \u00abMe Encanta Mi Puto Poder\u00bb<\/span><\/a><\/p>\n","protected":false},"author":4,"featured_media":0,"comment_status":"open","ping_status":"open","sticky":false,"template":"","format":"standard","meta":{"footnotes":""},"categories":[1],"tags":[],"class_list":["post-219","post","type-post","status-publish","format-standard","hentry","category-uncategorized","group-blog","hfeed"],"_links":{"self":[{"href":"https:\/\/yofuiunachicalyme.com\/index.php?rest_route=\/wp\/v2\/posts\/219"}],"collection":[{"href":"https:\/\/yofuiunachicalyme.com\/index.php?rest_route=\/wp\/v2\/posts"}],"about":[{"href":"https:\/\/yofuiunachicalyme.com\/index.php?rest_route=\/wp\/v2\/types\/post"}],"author":[{"embeddable":true,"href":"https:\/\/yofuiunachicalyme.com\/index.php?rest_route=\/wp\/v2\/users\/4"}],"replies":[{"embeddable":true,"href":"https:\/\/yofuiunachicalyme.com\/index.php?rest_route=%2Fwp%2Fv2%2Fcomments&post=219"}],"version-history":[{"count":0,"href":"https:\/\/yofuiunachicalyme.com\/index.php?rest_route=\/wp\/v2\/posts\/219\/revisions"}],"wp:attachment":[{"href":"https:\/\/yofuiunachicalyme.com\/index.php?rest_route=%2Fwp%2Fv2%2Fmedia&parent=219"}],"wp:term":[{"taxonomy":"category","embeddable":true,"href":"https:\/\/yofuiunachicalyme.com\/index.php?rest_route=%2Fwp%2Fv2%2Fcategories&post=219"},{"taxonomy":"post_tag","embeddable":true,"href":"https:\/\/yofuiunachicalyme.com\/index.php?rest_route=%2Fwp%2Fv2%2Ftags&post=219"}],"curies":[{"name":"wp","href":"https:\/\/api.w.org\/{rel}","templated":true}]}}