{"id":227,"date":"2015-10-25T18:59:43","date_gmt":"2015-10-25T18:59:43","guid":{"rendered":"http:\/\/yofuiunachicalyme.com\/?p=227"},"modified":"2015-10-25T18:59:43","modified_gmt":"2015-10-25T18:59:43","slug":"vacaciones-de-persona","status":"publish","type":"post","link":"https:\/\/yofuiunachicalyme.com\/?p=227","title":{"rendered":"Vacaciones de Persona"},"content":{"rendered":"<p><html><body><\/p>\n<p><b>Escrito el S\u00e1bado, 17 de Octubre de 2015<\/b><\/p>\n<p>Hola a tod@s,<\/p>\n<p>Hoy hace un magn\u00edfico d\u00eda de Oto\u00f1o. Ha hecho una ma\u00f1anita de lujo, super buena. He aprovechado para hacer unos recados. La verdad es que lo que me ped\u00eda y pide el cuerpo es una siesta, por no decir mega siesta, pero me he entretenido viendo la quali de mi ni\u00f1o (este \u201cfinde\u201d hay motos, Phillip Island, Australia), ha hecho pole, as\u00ed que muy contenta. Veremos ma\u00f1ana en la carrera (<b>fu\u00e9 la mejor carrera de motos que yo he visto en mi vida<\/b>, por favor, toma REGALAZO, que animales toooodoooossss).<\/p>\n<p>Escribir este cap\u00edtulo es algo que decid\u00ed a primeros de agosto, al iniciar las vacaciones. <b>Dios bendiga las vacaciones<\/b>. Pero, por alg\u00fan motivo, me he resistido a hacerlo. S\u00ed, me apetece mucho, pero hay algo que me tira para atr\u00e1s. Bueno, como soy una chica valiente, yo tiro para adelante, y puede que incluso encuentre respuestas. No ser\u00eda la primera vez.<\/p>\n<p>Escribir me conecta conmigo misma de una forma muy, muy, muy especial y muy, muy, muy cercana. Que os puedo decir, <b>la primera vez que contact\u00e9 con mi YO superior en sue\u00f1os, fu\u00e9 en la barra de un bar con dos copas delante<\/b>, una para cada un@, y dici\u00e9ndome a m\u00ed misma que era una persona sana. A partir de ah\u00ed, todo puede pasar. Es lo que tiene ser una chica especial.<\/p>\n<p>\u00bfV\u00e9is,&#8230;?, me voy por los cerros de \u00dabeda. Que fuerte. A ver a d\u00f3nde llegamos. Las vacaciones de este a\u00f1o han sido las primeras desde que volv\u00ed a trabajar. Estaba agotada elevado a la n-sima potencia. Iba a cuadrarlas de otra manera, pero esto de improvisar, es lo que tiene, y por supuesto, me sali\u00f3 como ten\u00eda que salir, \u201cniquelao\u201d.<\/p>\n<p>Tengo unos amigos que tienen una Fundaci\u00f3n,\u00a0<a href=\"http:\/\/quercussonora.blogspot.com.es\/\" target=\"_blank\" rel=\"noopener noreferrer\">Quercus Sonora<\/a>, hacen una labor maravillosa s\u00f3lo con donaciones y poco m\u00e1s. Mezclan m\u00fasica cl\u00e1sica y amor por la naturaleza. Est\u00e1n recuperando el bosque aut\u00f3ctono gallego en la comarca de la Ulloa, en Lugo. Una vez al a\u00f1o en Agosto, hacen un festival ben\u00e9fico de m\u00fasica cl\u00e1sica para conseguir fondos (no cobran entrada, solo piden la voluntad). Tocan ellos, amigos, conocidos, conocidos de conocidos, <b>tod@s ell@s m\u00fasicos profesionales<\/b>, de much\u00edsima calidad, que vienen desde muy lejos para tocar de forma gratuita, y que dejan de hacer otros bolos para participar en este evento. Os cuento todo esto para transmitiros el ambiente tan especial que se forma, y que se siente.<\/p>\n<p><b>IMPRESIONANTE.<\/b> Una energ\u00eda, que es una pasada. Lo que transmite esta m\u00fasica tan espectacularmente interpretada, y lo que transmiten las personas que vienen, y las que estamos, es mejor vivirlo. Merece la pena con los ojos cerrados. Consegu\u00ed ir el a\u00f1o pasado, despu\u00e9s de unos a\u00f1os de querer y no poder, y <b>este a\u00f1o quise volver. Y fu\u00ed.<\/b> Por supuesto.<\/p>\n<p>Eso s\u00ed, me qued\u00e9 5 d\u00edas por all\u00ed. S\u00f3lo el viaje Madrid -Lugo, conduciendo yo tela, m\u00e1s los conciertos que hacen que cene super tarde, trasnochar para compartir, vamos yo hasta las 02:00, a\u00fan no me da el cuerpo para m\u00e1s, y ya est\u00e1 bien. Las emociones, que no veas lo que cansan, las jodidas de ellas, me pongo toda loquina de contenta, que est\u00e1 muy bien, el cuore se me pone todo loco tambi\u00e9n, y luego no puedo dormir. No s\u00e9 que neurotransmisor genero, o dejo de generar, que me trastoca un huevo. Total que <b>fueron unos d\u00edas MARAVILLOSOS. <\/b><\/p>\n<p>Me qued\u00e9 en<b> <\/b>el <b><a href=\"http:\/\/hotelrestauranteval.jimdo.com\/galer%C3%ADa-de-fotos\/\" target=\"_blank\" rel=\"noopener noreferrer\">Hotel Val<\/a>, <\/b>en Antas de Ulla, el mismo del a\u00f1o pasado. Os lo recomiendo sin ninguna duda, \u00abd\u00fabida\u00bb como dicen los portugueses, igual en galego se dice parecido. El a\u00f1o pasado les avis\u00e9 que com\u00eda muy especial, y si no les importaba que me llevara algunas cosas para que me las guardaran en la nevera. Y ya fueron super amables.<\/p>\n<p>Amig@s, pero este a\u00f1o, avis\u00e9 con tiempo, de lunes para el s\u00e1bado, jajajajaja, me atendi\u00f3 Clara, que para m\u00ed ha pasado a ser <b>Santa Clara.<\/b> Dios, le mand\u00e9 un email de los m\u00edos, <b>cualquier cosa menos corto<\/b>, con lo que necesitaba para comer, con la idea de que me apa\u00f1asen comidas y cenas, lo que es el producto fresco. Y yo ya me ocupaba de la leche, cacao, y as\u00ed. <b>Me lo apa\u00f1\u00f3 todo, y cuando digo todo, quiero decir TODO.<\/b> Me ca\u00edan unos lagrimones como pu\u00f1os cuando me lo dijo por tel\u00e9fono. No os pod\u00e9is imaginar lo que signific\u00f3 para m\u00ed <b>viajar SIN comida y casi sin botes.<\/b> Sentirme libre, sentirme persona, en lugar de paciente.<\/p>\n<p>La frase que di\u00f3 t\u00edtulo a este post fu\u00e9: <\/p>\n<p><b>\u201cpor primera vez en 5 a\u00f1os siento que estoy disfrutando de unas vacaciones de persona\u201d<\/b><\/p>\n<p>De verdad, para una persona que come 5 veces al d\u00eda m\u00ednimo, y unas cantidades enormes de cosas que necesitan ser preparadas o cocinadas, que te pongan la comida en la mesa, es lo mejor que te puede pasar. Y tambi\u00e9n los desayunos, y las meriendas. Me levantaba de la siesta, y ped\u00eda lo que me apetec\u00eda (dentro de mi dieta obviamente) y me llevaba la merienda a comerla con la gente que hab\u00eda quedado a dar un pase\u00edn.<\/p>\n<p>Joder, <b>eso te permite hacer cosas, y lo m\u00e1s importante de hacer cosas, es que las puedes disfrutar.<\/b> Y sin tener que pensar qu\u00e9 como, y sin tener que comprar previamente esa comida, ni recoger la cocina despu\u00e9s. Para alguien como yo que siente que su energ\u00eda no est\u00e1 al 100%, por decirlo de forma muy light, significa mucho m\u00e1s que para cualquier mortal. Algun@s de l@s que est\u00e1is leyendo esto seguro que empatiz\u00e1is conmigo.<\/p>\n<p>Para ser honesta, esta sensaci\u00f3n la tengo tambi\u00e9n cuando estoy en casa de mis padres, aunque hay otras implicaciones emocionales. Y a mi madre la pobre, le cuesta. Ya vamos teniendo una edad, y es mucho trabajo en la cocina. Believe me.<\/p>\n<p><b>Gracias. Gracias. Gracias. Por hac\u00e9rmelo inmensamente f\u00e1cil. <\/b>Pude leer, tomar el sol, estirar, ir a la piscina, ir al balneario, dormir, descansar, alternar con la gente, pasear, en una palabra <b>VIVIR.<\/b> Si te pasas m\u00e1s de la mitad del d\u00eda durmiendo, comiendo y haciendo comida, porque <b>esa es mi prioridad, as\u00ed me lo hace ver mi cuerpo <\/b>para rematar la faena, apenas te queda tiempo para estas otras actividades.<\/p>\n<p>Y te quedas hasta los huevos de preparar algo de comer cuando est\u00e1s a punto de salir de casa hecha una princesa, porque ya tienes hambre. Oooooooootra vez. <b>A prop\u00f3sito, voy a merendar. Ahora vuelvo<\/b>. Es mejor re\u00edrse, jodido Universo, dicho desde el cari\u00f1o, jajajajajja,&#8230;.<\/p>\n<p>Y barato que fu\u00e9. Con lo que significaba para m\u00ed, habiendo pagado el doble, hubiera seguido siendo barato por la <b>calidad de vida<\/b> que me proporcion\u00f3. Esto lo digo con la boca peque\u00f1a, no sea que el a\u00f1o pr\u00f3ximo se multiplique el precio, jejejejje. Lo digo porque Clara lo va a leer, si quiere claro. Le coment\u00e9 un poco mi historia, y le dije que cuando publicase la avisar\u00eda, y lo voy a hacer. Adem\u00e1s de hacerles publicidad.<\/p>\n<p>Un sitio que est\u00e1 tan limpio, tan apa\u00f1ado todo, con wifi gratis of course, con terraza, en un lugar estrat\u00e9gico, que las piscinas del pueblo son gratis se\u00f1or@s, y que est\u00e1n de put\u00edsima madre, que dan facilidades para personas con restricciones en la dieta, <b>es el puto para\u00edso. \u00bfO no, se\u00f1or@s cel\u00edacos, vegetarianos, intolerantes varios, veganos, al\u00e9rgicos, etc., etc., etc.?.<\/b><\/p>\n<p>Total que no quer\u00eda irme ni atada. Y eso que iba a casa de mi hermana a Ferrol. Pero claro, all\u00ed ya, tocaba comprar y cocinar. Aunque <b>acompa\u00f1ada y con ayuda, todo se lleva mejor.<\/b> Y luego conduciendo yo a Gij\u00f3n. A ver a mi otra hermana. Lo dicho, menos mal que solo tengo dos, si no, <b>necesito pedir una excedencia para descansar de las vacaciones de persona, jod\u00f3<\/b>.<\/p>\n<p>Compartir con ellas, ver en Gij\u00f3n a algun@s amig@s que aun conservo de la \u00e9poca de la Universidad, hac\u00eda cuatro a\u00f1os creo que no les ve\u00eda, buahh, emociones a cascaporro. Imprimir en 3D con la impresora de mi hermana, bueno, yo ve\u00eda como ella imprim\u00eda. Interesante. Muy interesante. Enganchar una feria de artesan\u00eda, bueno, por favor, que eso <b>me gusta casi m\u00e1s que hacerme una hidro de colon un viernes tarde<\/b>, que, por cierto, pr\u00f3ximo viernes toca.<\/p>\n<p>Ya me lleva tocando varias semanas, pero claro, esto de <b>priorizar, es lo que tiene<\/b>. Aunque ahora ya, como decirlo, ha pasado a ser situaci\u00f3n de emergencia nacional, estado de guerra, o como lo quer\u00e1is llamar. Esto pica, insoportablemente. <b>\u00a1\u00a1Joder con los primeros habitantes del planeta tierra!!<\/b>, los hongos, son muy pesados, pero muuucho, unos okupas entregados los muy cabrones. Lo que ellos no saben, es que tengo un arma secreta. Si.<\/p>\n<p>Estos<b>, los hongos, <\/b>ganan terreno por desgaste del enemigo, son unos oportunistas, te lo digo yo. Lo que ellos no saben es que yo estuve viviendo en Ucrania por trabajo un a\u00f1o enterito, y trabajando con ucranianos y rusos en ese Proyecto otros dos a\u00f1os antes (un poco menos quiz\u00e1s, suficiente en cualquier caso), eso fu\u00e9 un training que, sinceramente, <b>si pude con aquello, s\u00e9 que puedo con esto.<\/b><\/p>\n<p>Para terminar, decir con mucho orgullo que voy a ser uno de los patrocinadores de <b>FESTIULLOA <\/b>del a\u00f1o pr\u00f3ximo. <\/p>\n<p>Chachachachannnnn&#8230;Me he ofrecido con todo el cari\u00f1o del mundo. Los m\u00fasicos tocan gratis, pero tienen que viajar hasta Lugo, comer, y dormir en alguna parte durante los dos d\u00edas de los conciertos, y alg\u00fan d\u00eda m\u00e1s antes para poder ensayar, \u00a1\u00a1que menos!!. Y eso, eso cuesta dinero. No cae del cielo. Por cierto, <b>os pod\u00e9is hacer socis de la Fundaci\u00f3n por la m\u00f3dica cantidad de 10 \u20ac al a\u00f1o. <\/b>Insisto, al a\u00f1o, no es un error tipogr\u00e1fico.<\/p>\n<p>Comentando los conciertos los d\u00edas posteriores este a\u00f1o con <b>Sandra y Rudy<\/b> (los organizadores) y su familia, claro, ellos entienden de m\u00fasica, a m\u00ed me gusta lo que escucho, pero ellos entienden de lo que se necesitar\u00eda para sonar mejor, que si cuartetos, que si octetos, que si m\u00e1s violas, o mas violines&#8230;.total que la frase m\u00e1gica fu\u00e9 <b>\u201cHACE FALTA CUERDA\u201d<\/b>. Y estructurada para m\u00e1s se\u00f1as. Est\u00e1bamos de charleta despu\u00e9s de comer en una terraza maravillosa, hablando de vinos, que parece ser que hay vinos estructurados, y una cosa llev\u00f3 a la otra, no me digas c\u00f3mo, <b>el caso es que la cuerda se qued\u00f3 bautizada como \u201cCUERDA ESTRUCTURADA\u201d.<\/b> Me super encanta.<\/p>\n<p>Y me sali\u00f3 del alma, \u201c\u00bfcu\u00e1nto dinero necesitar\u00edais para traer esa cuerda?\u201d, \u201cdos o tres personas m\u00e1s, con 300 \u20ac ser\u00eda suficiente, <b>\u201ccontad con ese dinero, yo lo pongo\u201d<\/b>. No me vine arriba no. Lo dije con conocimiento de causa. <b>Que gran placer poder aportar<\/b>, y m\u00e1s, a una causa tan noble, altruista y que genera sinergias en positivo, del tama\u00f1o del cop\u00f3n de la baraja. Ole, ole, ole,&#8230;. <\/p>\n<p>Chic@s, gracias a vosotros por hacernos ver y creer que cuando uno quiere algo y lucha por ello, sale adelante, y se lleva a cabo con \u00e9xito. Se necesita creer, actitud, trabajo, dedicaci\u00f3n, constancia,&#8230;yo lo s\u00e9 por mi propia experiencia, pero <b>hay mucha gente que a\u00fan no lo sabe. Que a\u00fan no cree.<\/b> Ayud\u00e9mosles.<\/p>\n<p>Esa aportaci\u00f3n econ\u00f3mica, que me puedo permitir gracias a toda la abundancia que me est\u00e1 brindando el Universo (porque me la merezco, no nos olvidemos), es mi contribuci\u00f3n a la causa. <b>Devolver una m\u00ednima parte de lo que estoy recibiendo.<\/b> Si me estoy gastando 3000 eurazos en el tratamiento nuevo de aqu\u00ed a Navidades, que se dice pronto, joder, con lo que me cuesta ganarlos, <b>\u00bfno me voy a gastar 300 euritos en patrocinar la cuerda estructurada?<\/b>&#8230;POR SUPUEST\u00cdSIMO QUE S\u00cd.<\/p>\n<p>En el fondo, ahora que no nos oye ni nos lee nadie, sabed que es en mi propio beneficio. Pensadlo un segund\u00edn,<\/p>\n<p>\u00bfQu\u00e9 es lo que fortalece m\u00e1s el sistema inmunol\u00f3gico seg\u00fan absolutamente todo el colectivo m\u00e9dico?,<\/p>\n<p><i>la sonrisa, los pensamientos positivos&#8230; en definitiva, la alegr\u00eda y el amor en cualquiera de sus manifestaciones.<\/i><\/p>\n<p>Pues eso. <b>Con dos cojones y 300 \u20ac menos cuando llegue el momento, pero MUY FELIZ. Y m\u00e1s que voy a estar. <\/b>Aqu\u00ed os dejo la prueba de mi compromiso. Hice un vale. Ya sab\u00e9is, un papel que dice \u201cvale por&#8230;.\u201d. Y se lo envi\u00e9 a Sandra por whatsapp.<\/p>\n<p><b>En mi familia un vale, es un cheque firmado.<\/b> Se paga.<\/p>\n<p\/>\n<p><img decoding=\"async\" src=\"http:\/\/yofuiunachicalyme.com\/wp-content\/uploads\/2020\/02\/vale-1.jpg\"\/><\/p>\n<p>El rect\u00e1ngulo negro es porque estaba firmado, y sale mi nombre. Reconozco que he dudado si dejarlo o no. Terapia para m\u00ed, jajajaja,&#8230;<\/p>\n<p\/>\n<p><b>Copyright \u00a9 2015 Yofuiunachicalyme. Todos los derechos reservados. Para usar alguna foto \u00f3 texto, nombra la procedencia y a\u00f1ade un link al art\u00edculo original de este blog.<\/b><\/p>\n<p><\/body><\/html><\/p>\n","protected":false},"excerpt":{"rendered":"<p>Escrito el S\u00e1bado, 17 de Octubre de 2015 Hola a tod@s, Hoy hace un magn\u00edfico d\u00eda de Oto\u00f1o. Ha hecho una ma\u00f1anita de lujo, super buena. He aprovechado para hacer unos recados. La verdad es que lo que me ped\u00eda y pide el cuerpo es una siesta, por no decir mega siesta, pero me he &hellip; <a href=\"https:\/\/yofuiunachicalyme.com\/?p=227\" class=\"more-link\">Continue reading<span class=\"screen-reader-text\"> \u00abVacaciones de Persona\u00bb<\/span><\/a><\/p>\n","protected":false},"author":4,"featured_media":0,"comment_status":"open","ping_status":"open","sticky":false,"template":"","format":"standard","meta":{"footnotes":""},"categories":[1],"tags":[],"class_list":["post-227","post","type-post","status-publish","format-standard","hentry","category-uncategorized","group-blog","hfeed"],"_links":{"self":[{"href":"https:\/\/yofuiunachicalyme.com\/index.php?rest_route=\/wp\/v2\/posts\/227"}],"collection":[{"href":"https:\/\/yofuiunachicalyme.com\/index.php?rest_route=\/wp\/v2\/posts"}],"about":[{"href":"https:\/\/yofuiunachicalyme.com\/index.php?rest_route=\/wp\/v2\/types\/post"}],"author":[{"embeddable":true,"href":"https:\/\/yofuiunachicalyme.com\/index.php?rest_route=\/wp\/v2\/users\/4"}],"replies":[{"embeddable":true,"href":"https:\/\/yofuiunachicalyme.com\/index.php?rest_route=%2Fwp%2Fv2%2Fcomments&post=227"}],"version-history":[{"count":0,"href":"https:\/\/yofuiunachicalyme.com\/index.php?rest_route=\/wp\/v2\/posts\/227\/revisions"}],"wp:attachment":[{"href":"https:\/\/yofuiunachicalyme.com\/index.php?rest_route=%2Fwp%2Fv2%2Fmedia&parent=227"}],"wp:term":[{"taxonomy":"category","embeddable":true,"href":"https:\/\/yofuiunachicalyme.com\/index.php?rest_route=%2Fwp%2Fv2%2Fcategories&post=227"},{"taxonomy":"post_tag","embeddable":true,"href":"https:\/\/yofuiunachicalyme.com\/index.php?rest_route=%2Fwp%2Fv2%2Ftags&post=227"}],"curies":[{"name":"wp","href":"https:\/\/api.w.org\/{rel}","templated":true}]}}