{"id":231,"date":"2015-07-24T22:02:02","date_gmt":"2015-07-24T22:02:02","guid":{"rendered":"http:\/\/yofuiunachicalyme.com\/?p=231"},"modified":"2015-07-24T22:02:02","modified_gmt":"2015-07-24T22:02:02","slug":"regalazos_2","status":"publish","type":"post","link":"https:\/\/yofuiunachicalyme.com\/?p=231","title":{"rendered":"Regalazos_2"},"content":{"rendered":"<p><html><body><\/p>\n<p><b>Escrito el 24 de Julio de 2015.<\/b><br \/><b>Por favor, leed antes el cap\u00edtulo \u00abRegalazos_1\u00bb. Gracias.<\/b><\/p>\n<p>Seguimos chic@s, que mejor forma de disfrutar de un viernes noche, que rematando este cap\u00edtulo. Y eso, porque me he echado 3 horas largas de siesta, que necesidad Dios m\u00edo, que necesidad. Al l\u00edo. Vamos con el tercer y cuarto regalazos.<\/p>\n<p><b>3. Ayudar a una chica Lyme<\/b><br \/>La tercera, y no menos importante, tiene que ver con la que ahora s\u00e9 que es mi misi\u00f3n en esta vida:<b> AYUDAR.<\/b><\/p>\n<p>Ayudar a otras personas que est\u00e9n pasando por lo que yo he pasado. Sea Lyme, sea otra enfermedad de estas que imponen. Solo oir Lyme, ya es especial para m\u00ed. Lo oigo, y empatizo. Lo reconozco. C\u00f3mo no va a ser especial&#8230;Lamentablemente, o afortunadamente, seg\u00fan se mire, nos vamos a cansar de o\u00edr hablar de ella en los pr\u00f3ximos a\u00f1os. Hay muchas personas que pasan por ello. El Lyme no es solo Thal\u00eda y Avril Lavigne se\u00f1oras y se\u00f1ores. Aunque el hecho de que personas famosas pasen por ello es muy importante para que se sepa que esto existe.<\/p>\n<p>Hac\u00eda mucho tiempo que no me escrib\u00eda nadie para contactar a trav\u00e9s de la direcci\u00f3n del blog. Y el lunes 18 de Mayo, por la noche, la v\u00edspera de mi <b>viaje de trabajo a Praga<\/b> (si se\u00f1ores, el Universo est\u00e1 juguet\u00f3n y me regal\u00f3 este segundo viaje de trabajo, alegr\u00eda), recibo un email. Una chica argentina que vive en el Sur de Alemania, diagnosticada con Lyme. Vamos a llamarla <b>\u201cAngela\u201d,<\/b> por aquello de la Merkel. Me dec\u00edan las Doctoras (Platero y Rubio) cuando se lo cont\u00e9, <b>\u201csi la vas a hacer Dra. tenemos que ponerle un pseud\u00f3nimo\u201d<\/b>, y yo les dije, \u201chablar\u00e9 de ella en el blog, y le ponemos un pseud\u00f3nimo, pero&#8230; no la voy a hacer Dra., al menos de momento\u201d, y eso que lo es, ya os lo digo. Pero&#8230;doctoras, doctoras somos nosotras tres. El v\u00ednculo que hemos establecido es algo especial. Muy especial.<\/p>\n<p>Esta chica, \u201cAngela\u201d, <b>en cuanto le\u00ed su email me lleg\u00f3,<\/b> llor\u00e9. Me ped\u00eda por favor si le pod\u00eda dedicar algo de tiempo, que sab\u00eda que no me sobraba, pero que me lo agradecer\u00eda mucho porque se hab\u00eda sentido muy identificada con la forma en la que yo hablaba de nuestras cosas. En c\u00f3mo me re\u00eda de m\u00ed misma, y de todas las miserias que rodean \u201cnuestro aprendizaje\u201d. <b>Le propuse hacer un skype el finde siguiente<\/b>, yo estaba fuera toda la semana por curro.<\/p>\n<p>Calla, que por los pelos no nos vimos en Praga. Ya hubiera sido la de la p.su madre, para habernos matao. Vive muy cerca de la frontera checa, y como a 200km creo que dijo de Praga. Al final, no pudo ser porque era el cumple de su ni\u00f1o, pero estaba dispuesta a arrastrarse hasta Praga con todos los putos botes, para verme. <b>Me record\u00f3 tanto a m\u00ed cuando le\u00ed eso&#8230;arrastrarse<\/b>, s\u00e9 perfectamente el significado de esa palabra, y por eso tiene m\u00e1s valor el comentario y su intenci\u00f3n. <b>Se necesitan un par de cojones para \u201carrastrarse\u201d teniendo Lyme<\/b>, os lo aseguro.<\/p>\n<p>Me escrib\u00eda unas cosas maravillosas que ya est\u00e1n para siempre en mi coraz\u00f3n, en mi alma, mejor dicho. D\u00e1ndome las gracias por hacerle un hueco en mi apretada agenda, que lo est\u00e1; dici\u00e9ndome que esperaba el Skype del s\u00e1bado como una ni\u00f1a espera los regalos de Navidad. <b>Me emocion\u00e9 mucho, pero much\u00edsimo. <\/b>Y lleg\u00f3 el s\u00e1bado 23 de Mayo. Otro grand\u00edsimo d\u00eda para enmarcar. F\u00efjate que a posteriori me dijo que lo consideraba su segundo cumplea\u00f1os. Para m\u00ed mi segundo cumplea\u00f1os como todos sab\u00e9is, fue cuando me diagnosticaron Lyme. S\u00e9 lo que significa para ella esa frase. Por eso me cala tan hondo.<\/p>\n<p>Que os puedo decir, sin conocernos de absolutamente nada, estuvimos m\u00e1s de cuatro horas hablando, y se nos hizo corto. Muy corto. Sin merendar ni nada. Ella si que comi\u00f3 algo, pero yo ni pude, ten\u00eda hambre s\u00ed, pero era tan intenso lo que est\u00e1bamos viviendo que <b>no pod\u00eda moverme.<\/b> Eso, y que a mi pot\u00e1til no le funciona la bater\u00eda, jajajajajaja. Reimos, lloramos, nos contamos muchas, muchas, muchas cosas. Obviamente tenemos much\u00ediiisimas cosas en com\u00fan, por no decir que somos iguales en nuestro car\u00e1cter, h\u00e1bitos, formas de pensar y de comportarnos. Bueno, \u00e9ramos, porque afortunadamente para m\u00ed, yo he cambiado ya muchas de esas cosas. <b>Ah\u00ed est\u00e1 el secreto de mi sanaci\u00f3n.<\/b><\/p>\n<p>Y eso fue lo que le transmit\u00ed a esa maravillosa mujer que ve\u00eda al otro lado de la pantalla del port\u00e1til. Una mujer que se merece ser feliz y ser una persona sana. Igual que yo me lo merc\u00eda. Igual que cualquier persona se lo merece. <b>No hay palabras para describir lo que yo sent\u00ed ese d\u00eda<\/b>, la cercan\u00eda, el dolor, el sufrimiento, como ser humano y como mujer especialmente, la soledad, la incomprensi\u00f3n, la lucha contra los m\u00e9dicos (incluso en el Sur de Alemania, la cuna del Lyme despu\u00e9s de USA, y los cabrones de los m\u00e9dicos se comportan de la misma manera insensible, altruista, y egoc\u00e9ntrica que te encuentras aqu\u00ed en Espa\u00f1a, unbelievable).<\/p>\n<p>Ella me cont\u00f3 su historia, yo la m\u00eda, hablamos de hertz, de anfetas, de tratamientos, emociones, familia, amigos, efectos secundarios, alimentos, pobre, <b>acelgas y pollo <\/b>como yo, mira, que jart\u00e1 de reir por favor. <b>Que os puedo decir&#8230;para esto publiqu\u00e9 el blog.<\/b> Para que personas como ella entiendan, se queden con lo que les vaya bien de mi experiencia, y que mis herramientas les sirvan para que encuentren las suyas y les ayuden en su camino de sanaci\u00f3n.<\/p>\n<p><b>Es una satisfacci\u00f3n tan grande, que, joder, no s\u00e9 si me cabe dentro del alma<\/b>. Me siento tan feliz de poder ayudarla, lo s\u00e9 porque ella me lo ha dicho. Ayudar a alguien siempre es gratificante, est\u00e1 claro, da igual la forma que sea. Pero de lo que yo hablo, es de sentir que est\u00e1s ayudando a una persona a recuperar su vida, sintiendo como siento el infierno que est\u00e1 viviendo aun muy cercano para m\u00ed. Esto, esto no se parece a absolutamente nada que yo haya sentido antes. <b>Escuchar a alguien contar<\/b> <b>lo que ha sido MI VIDA en estos \u00faltimos 9 a\u00f1os<\/b>,<b> duele, duele cada momento vivido, pero es maravilloso sentirlo tan lejano en el tiempo, cuando realmente fu\u00e9 hace nada<\/b>, como aquel que dice. Toqu\u00e9 fondo en el 2011. 4 a\u00f1os. Hace nada, y m\u00edrame ahora. INCREIBLE.<\/p>\n<p><b>\u00bfY sab\u00e9is lo mejor?, no me revolv\u00ed.<\/b> S\u00ed, con estas cosas, recordar los momentos duros, el dolor, los m\u00e9dicos, la rigidez, el sufrimiento, etc., hasta hace relativamente poco tiempo, no pod\u00eda recordarlo sin que me afectara. Es m\u00e1s, recuerdo que un chico contact\u00f3 conmigo a trav\u00e9s del blog, en Septiembre, y le ayud\u00e9 por email, con un \u00fanico email, lo que pude en ese momento, pero cort\u00e9 enseguida. No estaba preparada. Acababa de empezar a trabajar, imag\u00ednate. Aun estoy rematando las mini cosas que quedan (por ejemplo, minicrisis de hongos desde hace 4 meses, voy por el quinto; el quinto mes, hongos no s\u00e9 por cual voy, mil arriba, mil abajo, pero ya la estoy cerrando, por fin).<\/p>\n<p>Con \u201cAngela\u201d, ha sido super diferente, seg\u00fan le\u00ed su primer email, le propuse el skype. Hasta yo me sorprend\u00ed. <b>Era y es MI momento. <\/b>Sin m\u00e1s. <b>Y lo m\u00e1s importante, era y es SU momento tambi\u00e9n.<\/b> Lo capt\u00e9 enseguida. Claro, las dos somos muy sensitivas y especiales. Normal, si no, hubi\u00e9semos desarrollado algo cr\u00f3nico y degenerativo pero m\u00e1s sencillo de llevar, operable, que s\u00e9 yo. Pero nosotras no, nosotras siempre top, o lo m\u00e1s top, o nada. Mariconadas las justas.<\/p>\n<p>A nosotras cuando vinimos a esta vida, y nos preguntaron si quer\u00edamos pasar por esta prueba con un aprendizaje tan intens\u00ediiiisimo, fijo que nos dijeron eso tan espa\u00f1ol de: <b>\u00bfa que no hay huevos?.<\/b>..y claro, no hizo falta m\u00e1s nada, de cabeza. <b>Nos pierde la espontaneidad y la pasi\u00f3n&#8230;.jajajajajaja&#8230;.afortunadamente.<\/b> Insisto, es su momento, quiere sanar. Ella ya ha ido identificando algunas respuestas en la parte<br \/>emocional; seguramente por eso se sinti\u00f3 tan identificada adem\u00e1s de con mi sentido del humor, con mi enfoque y mi discurso.<\/p>\n<p><b>\u00bfOs acord\u00e1is de una frase m\u00eda en no s\u00e9 qu\u00e9 post, que digo que se necesita una raz\u00f3n muy poderosa para cambiar, porque cambiar de verdad, en tu interior cuesta la vida misma, y si no sientes que esa es tu \u00fanica tabla de salvaci\u00f3n, pasar\u00edas de hacer nada?,<\/b> pues yo sent\u00ed que ella est\u00e1 en ese momento en que ha decidido que tiene su raz\u00f3n poderosa, y que quiere vivir, que quiere sanar, y lo va a conseguir. <b>Lo s\u00e9 porque, insisto, me recuerda mucho a m\u00ed.<\/b><\/p>\n<p>Esto es un pel\u00edn dif\u00edcil de explicar porque son sensaciones. Ver\u00e9is, yo no recuerdo, de verdad que no, haber dicho ni haber pensado siquiera en todos estos a\u00f1os, ay, cuando volver\u00e9 a hacer esto, o a comer aquello, etc. S\u00ed recuerdo decir que estaba muy jodida, que tenia muchos dolores, despotricar contra los m\u00e9dicos, eso s\u00ed, pero,&#8230;., no me ven\u00eda a la cabeza pensar en cuando me iba a encontrar bien, porque yo inconscientemente, no s\u00e9 como, de alguna manera, yo sab\u00eda que aunque me sent\u00eda tremendamente mal f\u00edsicamente, me iba a recuperar, cu\u00e1ndo, c\u00f3mo y d\u00f3nde, tocaba averiguarlo d\u00eda a d\u00eda. <b>Incluso en los momentos de baj\u00f3n, cuando no entend\u00eda lo que le pasaba a mi cuerpo, pensaba \u00bfpara qu\u00e9 tanto da\u00f1o f\u00edsico, Dios m\u00edo, para qu\u00e9?. Pues ahora ya sabemos para qu\u00e9, PARA APRENDER.<\/b><\/p>\n<p><b>\u201cAngela\u201d yo s\u00e9 que te vas a recuperar, porque he visto en t\u00ed esa misma fuerza que yo tengo.<\/b> Te va a costar la vida misma, y lo sabes&#8230;esto es como los chistes de Julio Iglesias del whatsapp, <b>\u201d&#8230;y lo sabes\u201d<\/b>, pero te vas a recuperar, de hecho,<b> ya te est\u00e1s recuperando.<\/b><\/p>\n<p>En el momento en que ves la luz, ya no hay vuelta atr\u00e1s. De verdad que no. <b>Conf\u00eda en m\u00ed, aunque solo sea porque si me ha tocado desempe\u00f1ar este papel en esta vida, y yo lo he aceptado, es para algo. <\/b>El Universo sabe lo que se hace. Te lo digo yo. A ver, qui\u00e9n de aqu\u00ed fue al concierto de AC\/DC, \u00bfyo&#8230;no&#8230;?, pues eso&#8230;jajajajja&#8230;<\/p>\n<p><b>\u201cAngela\u201d, todo mi amor, y toda mi fuerza te acompa\u00f1an d\u00eda a d\u00eda. <i>No te hacen falta,<\/i> pero por si t\u00fa aun no lo sientes as\u00ed, yo te los mando.<\/b><\/p>\n<p>Hasta que nos conozcamos en persona guapa, que nos vamos a conocer. No s\u00e9 ni cu\u00e1ndo, ni c\u00f3mo ni d\u00f3nde va a ser, pero tampoco me hace falta saberlo. Lo siento as\u00ed.<\/p>\n<p><b>4. Celebrando \u00e9xitos<\/b><\/p>\n<p>He tenido un reencuentro muy especial. Incre\u00edble, maravilloso, intenso, divertido. Y me quedo corta. En mi trabajo pasamos mucho tiempo en oficina, pero cuando llega el momento pasamos mucho tiempo fuera, en obra. Para poner en marcha la f\u00e1brica que toque. En oficina el ritmo es alto, muy alto, y trabajamos mucho y muy duro en general, pero en obra, en obra, multipl\u00edcalo por lo que quieras. Cuanto m\u00e1s cabr\u00f3n se ponga el Proyecto, m\u00e1s duro va a ser. Horarios interminables, jornadas de 12, 14 horas o mas, turnos, fines de semana trabajando, te caen hostias por todas partes, porque tooodo son cositas que necesitas resolver. Y aunque se haya hecho un buen trabajo en oficina, <b>el papel lo<br \/>aguanta todo, pero luego la realidad, la realidad supera a la ficci\u00f3n.<\/b><\/p>\n<p>El caso es que cuando yo terminaba un Proyecto, o si me apetec\u00eda darme un homenaje porque yo consideraba que hab\u00eda superado algo importante para m\u00ed, me hac\u00eda un auto-regalo para celebrarlo. Me compraba algo muy especial, una joya, en una joyer\u00eda \/ galer\u00eda de arte tambi\u00e9n muy especial. Conoc\u00ed a <b>Laura M\u00e1rquez<\/b> (bonito apellido, que no ser\u00e1 casualidad supongo&#8230;) en el a\u00f1o 2000, a trav\u00e9s del inform\u00e1tico de la empresa donde yo trabajaba entonces. Es un sitio con muy buenas vibraciones, ella es todo feeling, su forma de trabajar es muy diferente, y todo lo que os pueda decir es cierto, y me quedo corta.<\/p>\n<p>Las piezas que tengo de ella, o de otros dise\u00f1adores, pero que se las he comprado a ella, son para m\u00ed <b>MOMENTOS ESPECIALES<\/b>. No es el valor material en s\u00ed, ni el material del que est\u00e9n hechas. Os cuento. <b>Para m\u00ed ir a esta joyer\u00eda es sentirme PRINCESA. Es QUERERME.<\/b><\/p>\n<p>Es dedicarme tiempo para m\u00ed, ponerme guapa porque bajo al centro de Madrid, y me apetece; es estar de buen humor porque vas a hacerte un regalo, pero no sabes lo que es. Siempre es sorpresa, <b>vas con una idea, y te enamoras de algo que ves <\/b>que, a lo mejor, no tiene nada que ver contigo, o con la idea original que tu llevabas. Pero que <b>te llama que no veas<\/b>. Por eso es tan divertido.<\/p>\n<p>Tambi\u00e9n he comprado cosas para regalar, algunas por encargo. <b>Que buenos recuerdos.<\/b> Una pulsera para mi hermana peque\u00f1a, pedazo pulsera; un llavero para mi compi de fatigas en el mundo del cemento cuando acabamos la obra de Sines (Portugal); un semanario para una sobrinilla pol\u00edtica, en fin, los a\u00f1os pasan se\u00f1or@s, y se acumulan recuerdos.<\/p>\n<p>Ya os imaginais que con todo lo que he tenido estos a\u00f1os, hac\u00eda unos cuantos que Laura no sab\u00eda de m\u00ed. <b>Estaba yo para florituras, \u00bfsabes?. <\/b>Pero, ha vuelto a ser mi momento. F\u00edjate lo grande que es Madrid, pues el a\u00f1o pasado ella ha cambiado la tienda de ubicaci\u00f3n, ahora est\u00e1 en pleno barrio de Salamanca a 200m del laboratorio donde me voy a hacer unos an\u00e1lisis super especiales, que solo pueden ser en ese laboratorio. <b>Ya sab\u00e9is, que \u201ccausalidad\u201d.<\/b><\/p>\n<p>Por cierto, la direcci\u00f3n es C\/ Lagasca, 33 (esquina Goya). <b>Ya os hab\u00e9is dado cuenta de que no hago propaganda gratuita de seg\u00fan qu\u00e9 cosas. Solo de las que valoro a otro nivel. Y esta lo es<\/b>.<\/p>\n<p>A \u00faltimos de Mayo pas\u00e9 a saludar, y a hacerme an\u00e1lisis of course, (esto si que es optimizar el salir de casa, si se\u00f1or, jajajajaja, os prometo que hasta yo misma me asombro de mi asertividad). En ese mismo momento, sobre la marcha, decid\u00ed que <b>he acabado el Proyecto m\u00e1s importante de mi vida hasta el momento,<\/b> y que la mejor forma de celebrarlo es la que ya ven\u00eda haciendo por iniciativa propia. <b>Regalarme algo muy especial que cuando lo vea, lo toque, o lo lleve puesto me sienta invencible<\/b>, que me conecte conmigo misma.<\/p>\n<p>Como escrib\u00ed una vez, que la sensaci\u00f3n sea: <b>\u201cSATISFACCI\u00d3N Y PODER\u201d.<\/b><\/p>\n<p>As\u00ed que, por primera vez, le encargu\u00e9 a Laura algo para m\u00ed, <b>un dise\u00f1o a medida<\/b>. Haciendo un s\u00edmil con el tratamiento para el Lyme, un traje de alta costura hecho a medida. Tal cual.<\/p>\n<p>Volv\u00ed otro d\u00eda al cabo de un tiempo, y pasamos una tarde maravillosa poni\u00e9ndonos al d\u00eda de muchas cosas, que gran mujer, valiente, valiosa, decidida, inteligente, escribe maravillosamente bien,&#8230;, como veis, tenemos muchas cosas en com\u00fan. <b>Estuvimos dise\u00f1ando un colgante.<\/b> La conversaci\u00f3n ayud\u00f3 y mucho.<\/p>\n<p>Ella ten\u00eda una idea, y entre las dos le dimos la vuelta, y el resultado final, chachachachan&#8230; fu\u00e9 completamente diferente porque <b>fu\u00e9 y es, fruto de la espontaneidad, de mi historia, de lo que mi historia le inspir\u00f3 a Laura, de lo que fluy\u00f3 ese d\u00eda entre nosotras, y sobre todo, ES MI ESENCIA. Refleja estos 9 a\u00f1os de luces y sombras, hasta tener solo luz.<\/b><\/p>\n<p>Bueno, bueno, <b>es maravilloso,<\/b> y digo es porque ya dibujado en papel, lo es. De hecho miro la foto de vez en cuando porque me da un subid\u00f3n que no veas. <b>Deseandito estoy de tenerlo y disfrutarlo.<\/b> Hab\u00eda pensado poner aqu\u00ed la foto, para que vay\u00e1is haciendo ganas; no s\u00e9, lo haga o no, en otro post os contar\u00e9 toda la simbolog\u00eda que lleva porque la ocasi\u00f3n y el colgante lo merecen.<\/p>\n<p>Seguir\u00eda escribiendo pero se me est\u00e1 yendo la mano, que esto es internet ni\u00f1a.<\/p>\n<p>Me despido con una frase que me encanta, de un fil\u00f3sofo alem\u00e1n. Creo que es muy apropiada. La le\u00ed en una revista de estas que te dan gratis en los herbolarios (ya sab\u00e9is, encuentro tesoros sin buscarlos). De hecho, la tengo escrita y puesta en mi tabl\u00f3n de corcho porque me lleg\u00f3 de lleno.<\/p>\n<p>Ah\u00ed va: <b><i>\u201cLa salud no lo es todo, pero sin ella, todo lo dem\u00e1s es nada\u201d<\/i><\/b>, Schopenhauer.<\/p>\n<p\/>\n<p><img decoding=\"async\" src=\"http:\/\/yofuiunachicalyme.com\/wp-content\/uploads\/2020\/02\/img-20150709-wa0001-1.jpg\"\/><\/p>\n<p>Si no pongo la foto, reviento. \u00bfOs encanta, si&#8230;?. A m\u00ed tambi\u00e9n.<\/p>\n<p\/>\n<p><b>Copyright \u00a9 2015 Yofuiunachicalyme. Todos los derechos reservados.<br \/>Para usar alguna foto \u00f3 texto, nombra la procedencia y a\u00f1ade un link al art\u00edculo original de este blog.<\/b><\/p>\n<p><\/body><\/html><\/p>\n","protected":false},"excerpt":{"rendered":"<p>Escrito el 24 de Julio de 2015.Por favor, leed antes el cap\u00edtulo \u00abRegalazos_1\u00bb. Gracias. Seguimos chic@s, que mejor forma de disfrutar de un viernes noche, que rematando este cap\u00edtulo. Y eso, porque me he echado 3 horas largas de siesta, que necesidad Dios m\u00edo, que necesidad. Al l\u00edo. Vamos con el tercer y cuarto regalazos. &hellip; <a href=\"https:\/\/yofuiunachicalyme.com\/?p=231\" class=\"more-link\">Continue reading<span class=\"screen-reader-text\"> \u00abRegalazos_2\u00bb<\/span><\/a><\/p>\n","protected":false},"author":4,"featured_media":0,"comment_status":"open","ping_status":"open","sticky":false,"template":"","format":"standard","meta":{"footnotes":""},"categories":[1],"tags":[],"class_list":["post-231","post","type-post","status-publish","format-standard","hentry","category-uncategorized","group-blog","hfeed"],"_links":{"self":[{"href":"https:\/\/yofuiunachicalyme.com\/index.php?rest_route=\/wp\/v2\/posts\/231"}],"collection":[{"href":"https:\/\/yofuiunachicalyme.com\/index.php?rest_route=\/wp\/v2\/posts"}],"about":[{"href":"https:\/\/yofuiunachicalyme.com\/index.php?rest_route=\/wp\/v2\/types\/post"}],"author":[{"embeddable":true,"href":"https:\/\/yofuiunachicalyme.com\/index.php?rest_route=\/wp\/v2\/users\/4"}],"replies":[{"embeddable":true,"href":"https:\/\/yofuiunachicalyme.com\/index.php?rest_route=%2Fwp%2Fv2%2Fcomments&post=231"}],"version-history":[{"count":0,"href":"https:\/\/yofuiunachicalyme.com\/index.php?rest_route=\/wp\/v2\/posts\/231\/revisions"}],"wp:attachment":[{"href":"https:\/\/yofuiunachicalyme.com\/index.php?rest_route=%2Fwp%2Fv2%2Fmedia&parent=231"}],"wp:term":[{"taxonomy":"category","embeddable":true,"href":"https:\/\/yofuiunachicalyme.com\/index.php?rest_route=%2Fwp%2Fv2%2Fcategories&post=231"},{"taxonomy":"post_tag","embeddable":true,"href":"https:\/\/yofuiunachicalyme.com\/index.php?rest_route=%2Fwp%2Fv2%2Ftags&post=231"}],"curies":[{"name":"wp","href":"https:\/\/api.w.org\/{rel}","templated":true}]}}