{"id":251,"date":"2014-12-13T19:05:07","date_gmt":"2014-12-13T19:05:07","guid":{"rendered":"http:\/\/yofuiunachicalyme.com\/?p=251"},"modified":"2014-12-13T19:05:07","modified_gmt":"2014-12-13T19:05:07","slug":"la-plaza-de-alcaniz","status":"publish","type":"post","link":"https:\/\/yofuiunachicalyme.com\/?p=251","title":{"rendered":"La Plaza de Alca\u00f1iz"},"content":{"rendered":"<p><html><body><\/p>\n<p><b>Escrito el 13 de Diciembre del 2014.<\/b><\/p>\n<p><b>Por favor, leed antes los cap\u00edtulos \u00abMe gustan las motos\u00bb, y \u00bb Marc M\u00e1rquez\u00bb. Y en ese orden. Gracias.<br \/><\/b><\/p>\n<p>Me encantan los 13 de Diciembre. Si. Desde el a\u00f1o pasado se ha convertido en un n\u00famero que me da buen rollo y en una <b>fecha especial.<\/b> Muy especial. Hoy justo hace un a\u00f1o que escrib\u00ed el post <b>\u00abDespido\u00bb.<\/b> No a\u00f1ado m\u00e1s. El que lo haya le\u00eddo sabe porqu\u00e9 lo digo, y el que no, que le eche un ojillo si le apetece y lo entender\u00e1.<\/p>\n<p>Hoy estoy f\u00edsicamente jodidina. Para ser sincera, llevo toda la semana arrastrando cansancio. <b>El cuerpo ya no sabe como quejarse la verdad.<\/b> Trabajar consume muchos recursos. Pero muchos. Mira que ando yo detr\u00e1s de la Dra. Platero para que me retire. Como a ella la jubilaron de lo jodidisima al cubo que estaba, pues yo le digo que la voy a cuidar, que me hago lesbiana (con todos mis respetos al colectivo gay), y que me mantenga, y no hay manera. No la enga\u00f1o. Normal. Las chicas Lyme somos listicas.<\/p>\n<p>Afortunadamente, nada que no se me pase durmiendo y descansando. Viniendo de donde vengo, casi todo lo que me pasa a estas alturas me parece leve, y eso es COJONUDO. Porque aunque no lo escribo, a\u00fan me pasan cositas \u00abraras\u00bb que en otra \u00e9poca acojonaban y bastante. S\u00e9 que no son pasos atr\u00e1s. Simplemente mi inconsciente reclama tiempo para m\u00ed, para cuidarme, para descansar, y levant\u00e1ndome a las 06:00 de L a V, como que no se lo puedo dar, as\u00ed que de vez en cuando me avisa para que temple. Aprovechando que es 13 de Diciembre, y que me apetece cerrar la trilog\u00eda motera,<b> \u00bfqu\u00e9 mejor manera de templar que escribiendo?<\/b>, y m\u00e1s, sobre la plaza de Alca\u00f1iz.<\/p>\n<p><b>Esa plaza&#8230;es magia.<\/b> Es fiesta. Es musiquita guapa. Es motos. Es copas. Es amistad. Es oportunidades. Es chicos. Es risas. Es la hostia, en una palabra. La defin\u00ed, creo que muy bien, justo cuando entr\u00e1bamos este a\u00f1o las 4 chicas GP: <b>\u00absabes cuando entras en la plaza, pero no sabes cuando sales; ni c\u00f3mo sales; ni por qu\u00e9 salida sales; ni mucho menos con qui\u00e9n sales de la plaza\u00bb<\/b>&#8230;.jajajajaja&#8230;oye, y tal cual, que se lo digan a la rubia&#8230;vamos, una cosa es triunfar y otra lo tuyo princesa&#8230;que fuerteeeee&#8230;..<\/p>\n<p>Es acojonante ver como va cambiando el panorama desde que llegas. C\u00f3mo se va llenando de gente hasta que parece que no cabe un alfiler, pero <b>siempre cabe alg\u00fan moter@ mas<\/b>. La iluminaci\u00f3n, la fiesta en la calle, por Dios, que maravilla, y eso que el DJ, que repite todos los a\u00f1os&#8230;a ver machote, ponme p&#8217;al 2015 el Thunderstruck de AC\/DC, que estamos del Highway to Hell hasta&#8230;., yo ya perd\u00ed la cuenta de las veces que la puso. Es lo que tiene no poder beber que te enteras de todo. Esto me recuerda que ayer tuvimos la comida de Navidad de trabajo. Esto no tiene que ver con la plaza pero si con beber.<\/p>\n<p><b>Hagamos un inciso. <\/b>Os cuento. Despu\u00e9s de la comida, como las 8 de la tarde, en un bar la pe\u00f1a tomando copas, la m\u00fasica era mal\u00edsima, no se escuchaba, y me acerco a una compi y le digo \u00abjoder, vaya m. de m\u00fasica\u00bb, y me dice \u00bb que mas da, se baila lo que haga falta\u00bb&#8230;ah\u00ed ella d\u00e1ndolo todo, y yo, \u00bb claro cabrona, tu que vas hasta el culo de vino y orujo, pero con agua e infusi\u00f3n de manzanilla&#8230;\u00bb. A ver que no necesito yo beber para pas\u00e1rmelo bien, nunca lo he necesitado, pero hombre, te tomas una ca\u00f1ita, o una copita, y el cuerpo se alegra, co\u00f1o.<\/p>\n<p>Volvamos al l\u00edo. Este a\u00f1o me d\u00ed cuenta de algo. El dinero que deben dejar las motos ese fin de semana, para que la gente de Alca\u00f1iz consienta al Ayuntamiento la fiesta en la calle, porque el ruido, la movida que hay,\u00a0 todo, es increible, pero claro, si tu vives all\u00ed, y quieres descansar porque curras al dia siguiente, o tienes ni\u00f1os, lo mismo te cagas en los muertos de tod@s los que estamos de fiesta. <b>Porque aquello dura tooooda la noche. Y tooodooo el fin de semana. Y es por toooodo el pueblo y alrededores.<\/b> Lo que ois. Si casi es mejor ir de empalmada al circuito. Eso s\u00ed, desayunar con sabor a cacharro ( por si algun@ no sabe,\u00a0cacharros son copas en asturiano)&#8230;a seg\u00fan que edades, cuesta un pel\u00edn&#8230;\u00bfverdad?. Parece que se te atragantan los sobaos.<\/p>\n<p>En cualquier caso&#8230;<b>GRACIAS. GRACIAS. Y MIL VECES GRACIAS a la gente de Alca\u00f1iz, por dejar que esa magia se produzca.<\/b> Es que es hasta para ir solo de fiesta, aunque no vayas al circuito, que de hecho mucha gente lo hace. Vamos, otra amiga m\u00eda, que ni es motera ni nada, despu\u00e9s de leer los otros dos cap\u00edtulos de la trilog\u00eda, ya me ha dicho que se apunta para el pr\u00f3ximo a\u00f1o. Tal cual. Y no es farol.<\/p>\n<p><b>Necesito vuestra opini\u00f3n, y con esto cierro.<\/b> Ese a\u00f1o, bueno no, miento, yo creo que el a\u00f1o pasado en Cheste ya lo pens\u00e9 pero no lo hice. Y este a\u00f1o lo volv\u00ed a decir, y tampoco. Se lo coment\u00e9 a las chicas GP y me miraron como diciendo, \u00abest\u00e1s fatal tiiiiaaa\u00bb, que no digo yo que no, pero que es una idea cojonuda. Os cuento. Para ir al circuito el s\u00e1bado, y sobre todo el domingo, con coche unos pillamos unos atascos de puta madre, soportables, pero cansinos. Entonces yo dije, co\u00f1o, viernes y\/o sobre todo s\u00e1bado por la noche, en la cojo-plaza, llevamos un cartel en un A4 plastificado, rollo guia de turismo, en la mano o se lo ponemos en la espalda\u00a0 a una de nosotras, y que ponga, atent@s:<\/p>\n<p><b>\u00abBusco motero guapo que me lleve ma\u00f1ana al circuito. Tengo casco\u00bb<\/b>.<\/p>\n<p>Y te digo yo, que vamos las cuatro en moto al circuito s\u00ed o s\u00ed, y adem\u00e1s, nos duele la mand\u00edbula de reirnos al d\u00eda siguiente. Yo ya me descojono cada vez que me acuerdo de esto, solo de pensarlo&#8230;no es porque se me haya ocurrido a m\u00ed, pero es buen\u00edsimo, por favor.<\/p>\n<p>Pues nada, que no las convenc\u00ed. \u00bfOs lo pod\u00e9is creer?, cierto es que no s\u00e9 c\u00f3mo se me ocurren estas cosas, que solo se me ocurren a m\u00ed, dicho por mis hermanas. Y es cierto. Estos impulsos de ilusi\u00f3n me pueden (ahora s\u00e9 que los he heredado de mi padre). Pues nada, ya os contar\u00e9 el a\u00f1o que viene, si lo hacemos o no. Bueno, <b>si lo hago o no<\/b>.<\/p>\n<p>Una cosa m\u00e1s, <b>\u00bfalguien sabe italiano?,<\/b> es que como vamos a ir a Mugello (Italia) el a\u00f1o pr\u00f3ximo&#8230;me lo pod\u00edais dejar traducido en un comentario en el blog please, o si no, tambi\u00e9n lo pod\u00e9is mandar al contacto del blog. S\u00ed, lo s\u00e9, lo meto en el google translator y ya, pero eso NO mola naaadaaaa. <b>Me gusta el factor humano, y conf\u00edo en las personas<\/b>. Alguien me facilitar\u00e1 esa informaci\u00f3n, y si no, siempre puedo escribirlo en espa\u00f1ol que total, vamos a Italia, mal se nos tiene que dar, \u00bfno?&#8230;.jajajajajaja&#8230;<\/p>\n<p>Cuelgo aqu\u00ed dos fotos para que os pongan los dientes largos. La Plaza vista por delante, la Plaza vista por detr\u00e1s&#8230;.<\/p>\n<p\/>\n<p><img decoding=\"async\" alt=\"Vista hacia adelante de la Plaza\" style=\"float: none;margin: 0px\" src=\"http:\/\/yofuiunachicalyme.com\/wp-content\/uploads\/2020\/02\/alcaniz-1-1.jpg\"\/><\/p>\n<p><img decoding=\"async\" alt=\"Vista hacia atr&#xE1;s de la Plaza\" style=\"float: none;margin: 0px\" src=\"http:\/\/yofuiunachicalyme.com\/wp-content\/uploads\/2020\/02\/alcaniz-2-1.jpg\"\/><\/p>\n<p><\/p>\n<p\/>\n<p><b>Copyright&#13;<br \/>\n \u00a9 2014 Yofuiunachicalyme. Todos los derechos reservados.<br \/>Para usar alguna foto \u00f3&#13;<br \/>\n texto, nombra la procedencia y a\u00f1ade un link al art\u00edculo original de &#13;<br \/>\neste blog.<\/b><\/p>\n<p><\/body><\/html><\/p>\n","protected":false},"excerpt":{"rendered":"<p>Escrito el 13 de Diciembre del 2014. Por favor, leed antes los cap\u00edtulos \u00abMe gustan las motos\u00bb, y \u00bb Marc M\u00e1rquez\u00bb. Y en ese orden. Gracias. Me encantan los 13 de Diciembre. Si. Desde el a\u00f1o pasado se ha convertido en un n\u00famero que me da buen rollo y en una fecha especial. Muy especial. &hellip; <a href=\"https:\/\/yofuiunachicalyme.com\/?p=251\" class=\"more-link\">Continue reading<span class=\"screen-reader-text\"> \u00abLa Plaza de Alca\u00f1iz\u00bb<\/span><\/a><\/p>\n","protected":false},"author":4,"featured_media":0,"comment_status":"open","ping_status":"open","sticky":false,"template":"","format":"standard","meta":{"footnotes":""},"categories":[1],"tags":[],"class_list":["post-251","post","type-post","status-publish","format-standard","hentry","category-uncategorized","group-blog","hfeed"],"_links":{"self":[{"href":"https:\/\/yofuiunachicalyme.com\/index.php?rest_route=\/wp\/v2\/posts\/251"}],"collection":[{"href":"https:\/\/yofuiunachicalyme.com\/index.php?rest_route=\/wp\/v2\/posts"}],"about":[{"href":"https:\/\/yofuiunachicalyme.com\/index.php?rest_route=\/wp\/v2\/types\/post"}],"author":[{"embeddable":true,"href":"https:\/\/yofuiunachicalyme.com\/index.php?rest_route=\/wp\/v2\/users\/4"}],"replies":[{"embeddable":true,"href":"https:\/\/yofuiunachicalyme.com\/index.php?rest_route=%2Fwp%2Fv2%2Fcomments&post=251"}],"version-history":[{"count":0,"href":"https:\/\/yofuiunachicalyme.com\/index.php?rest_route=\/wp\/v2\/posts\/251\/revisions"}],"wp:attachment":[{"href":"https:\/\/yofuiunachicalyme.com\/index.php?rest_route=%2Fwp%2Fv2%2Fmedia&parent=251"}],"wp:term":[{"taxonomy":"category","embeddable":true,"href":"https:\/\/yofuiunachicalyme.com\/index.php?rest_route=%2Fwp%2Fv2%2Fcategories&post=251"},{"taxonomy":"post_tag","embeddable":true,"href":"https:\/\/yofuiunachicalyme.com\/index.php?rest_route=%2Fwp%2Fv2%2Ftags&post=251"}],"curies":[{"name":"wp","href":"https:\/\/api.w.org\/{rel}","templated":true}]}}