{"id":253,"date":"2014-11-15T21:01:11","date_gmt":"2014-11-15T21:01:11","guid":{"rendered":"http:\/\/yofuiunachicalyme.com\/?p=253"},"modified":"2014-11-15T21:01:11","modified_gmt":"2014-11-15T21:01:11","slug":"marc-marquez","status":"publish","type":"post","link":"https:\/\/yofuiunachicalyme.com\/?p=253","title":{"rendered":"Marc M\u00e1rquez"},"content":{"rendered":"<p><html><body><\/p>\n<p><b>Escrito el 15 de Noviembre de 2014.<\/b><\/p>\n<p><b>Por favor, leed primero el cap\u00edtulo \u00abMe gustan las motos\u00bb. Gracias.<\/b><\/p>\n<p>Vamos con la segunda parte de la trilog\u00eda motera del blog.<\/p>\n<p>Tantas cosas buenas que contar&#8230;tantas alegr\u00edas nos est\u00e1 regalando Marc&#8230;\u00a1\u00a1no te cansas de saborearlas!!.<\/p>\n<p><b>Soy soci del Official Fan Club de Marc M\u00e1rquez<\/b>. Exactamente tengo el n\u00famero 436. Ah\u00ed queda eso. No s\u00e9 cuantos seremos ya. Yo me hice en el 2011. Llevo el carn\u00e9 a todas partes. Como pone a veces mi estado del whatsapp: <b>Orgullosa de ser soci<\/b>. Muy orgullosa. Hoy tooodo el mundo sabe quien es Marc M\u00e1rquez, pero en el 2010, no tanto. Es m\u00e1s, aun no hab\u00eda ganado su primer mundial en 125cc (aun no era ni moto 3). Este chico ya enamoraba entonces, y seguramente mucho antes de que yo le empezara a seguir. Ya en el CEV le llamaban el loco M\u00e1rquez, por algo ser\u00eda,&#8230;Seguramente ah\u00ed se empezaron a gestar las proezas con las que nos deleita hoy en d\u00eda.<\/p>\n<p>Siempre recordar\u00e9 su <b>carrera de Estoril 2010<\/b>. Increible, acojonante, maravillosa, es que me quedo sin adjetivos. Yo, y cualquiera que la haya visto. Si ten\u00e9is oportunidad, no lo dud\u00e9is. No se puede expresar con palabras. Vedla, y disfrutadla. Despu\u00e9s de esa carrera decid\u00ed hacerme soci, pero como es anual, y ya quedaba poco a\u00f1o, esper\u00e9 a hacerme en el 2011. Cuando me hice soci me enter\u00e9 de que hab\u00eda una <b>cena de socis <\/b>anual en Cervera (el pueblo de Marc). Y, como no, yo dije que iba a ir. \u00a1Quien iba a imaginar que en cuesti\u00f3n de unos meses mi vida iba a cambiar como cambi\u00f3!. Nadie. El caso es que <b>he necesitado esperar tres laaaargos a\u00f1os<\/b> para poder asistir a mi primera cena de socis. Tres a\u00f1os, que se dice pronto.<\/p>\n<p>Hasta Enero de este a\u00f1o, 2014. Fue un sue\u00f1o cumplido. Mas que un sue\u00f1o, <b>un objetivo cumplido<\/b>, porque yo sab\u00eda que alg\u00fan d\u00eda iba a ir. Acarretando por media Espa\u00f1a botes, almohadas, \u201canfetas\u201d, cosas de comer, encargar un men\u00fa especial en la cena,&#8230;pero yo sab\u00eda que iba a ir, y fu\u00ed. Y cuando \u201calg\u00fan d\u00eda\u201d se convierte en una fecha en concreto, es como tocar el cielo. Te sientes invencible. <b>Cumplir objetivos es lo m\u00e1s&#8230;<\/b><\/p>\n<p><b>Yo soy de Marc no porque gane, sino por como compite<\/b>. Admiro sobre todo, y por encima de todo, su talento (ha nacido para montar en moto, punto pelota), su actitud (disfruta de lo que hace como muy poca gente es capaz de hacerlo), y su pasi\u00f3n (solo as\u00ed puedes conseguir retos tan asombrosos). Y me sigue maravillando c\u00f3mo un chaval\u00edn, porque es un chaval\u00edn, puede tener la cabeza tan bien amueblada. Desde el cari\u00f1o, \u00a1que cabr\u00f3n&#8230;!, con lo que me ha costado a mi llegar al punto en el que estoy ahora&#8230;madredelamorhermoso, y este cabronazo, lo trae de\u00a0 serie,&#8230;que le vamos a hacer&#8230;jajajaja.<\/p>\n<p><b>Felicito a los padres de la criatura<\/b>, Roser y Juli\u00e1, porque lo han hecho de put\u00edsima madre. Aprovecho para saludar a Do\u00f1a Soledad, la abuela de Marc, una se\u00f1ora de los pies a la cabeza, que nos di\u00f3 palique en la cena. Que jart\u00e1 de reir con ella. Es obvio que este muchacho estaba y est\u00e1 llamado a hacer cosas grandes, pero para m\u00ed est\u00e1 claro que sus padres lo han hecho muy bien. Hombre, la prueba es que <b>no s\u00f3lo tienen un campe\u00f3n en casa, sino dos campeones<\/b>. Casi nadie tiene uno, como \u201cpa&#8217;tener\u201d dos&#8230; Que casualidad dir\u00e1n algun@s, ya,&#8230;.como que casualidades&#8230;pocas o ninguna, \u00bfverdad?. El trabajo, el esfuerzo, el sacrificio emocional y econ\u00f3mico que debe haber detr\u00e1s de estos \u00e9xitos, solo ellos lo saben.<\/p>\n<p><b>Enhorabuena Alex,<\/b> supongo que no es f\u00e1cil ser el hermano de Marc. Eres campe\u00f3n por m\u00e9ritos propios. Bueno, este finde pasado fue Cheste. Me tragu\u00e9 las tres carreras. Con la de moto 3, alucinante, que af\u00e1n de superaci\u00f3n, que hambre de ganar, que saber estar, que pilotaje, que sangre fr\u00eda, y que par de huevos tienes.<b> De casta te viene,<\/b> desde luego. Seguramente much@s de los que est\u00e1is leyendo esto dir\u00e9is, vaya pajas mentales que se est\u00e1 haciendo esta t\u00eda con los herman\u00edsimos, \u00bfque co\u00f1o tiene esto que ver con el Lyme?, ja, pues tiene que ver, y mucho. Much\u00edsimo. Os cuento.<\/p>\n<p>Si yo os digo que admiro muchos rasgos del car\u00e1cter de Marc, no os sorprender\u00e9is.<\/p>\n<p>Si yo os digo que admiro su valent\u00eda, su coraje, su sonrisa, su pasi\u00f3n, su sentido del humor, su esfuerzo, su fuerza de voluntad, su capacidad de adaptaci\u00f3n, su \u201csiempre se puede m\u00e1s\u201d, su paciencia, su capacidad de trabajo, su entrega, su disciplina, su talento, su buen hacer, su esp\u00edritu de trabajo en equipo, su \u201cdame un reto que voy a por \u00e9l\u201d, \u2026., tampoco os sorprender\u00e9is.<\/p>\n<p>Pero&#8230;al loro&#8230;.si yo os digo que <b>Marc y yo compartimos todas esas cualidades<\/b>, es decir, que yo tamb\u00eden las tengo. Es m\u00e1s, mejor dicho, que \u00e9l las tiene igual que yo<b> <\/b>(aunque solo sea porque le doblo la edad)&#8230; Seguramente estar\u00e9is pensando&#8230;\u201dya le vale a esta t\u00eda, se ha subido a la parra, y de que manera\u201d&#8230;o si no&#8230;estar\u00e9is rumiando algo parecido, \u00bfme equivoco?&#8230;<\/p>\n<p>Pues resulta que los que os equivoc\u00e1is sois vosotros porque es cierto que <b>yo tengo TODAS esas cualidades<\/b>. Y sin exagerar ni un \u00e1pice. <b>Por eso, y gracias a ellas he conseguido vencer el Lyme y la candidiasis.<\/b><\/p>\n<p><i><b>Repasadlas conmigo:<\/b> mi valent\u00eda, mi coraje, mi sonrisa, mi pasi\u00f3n, mi sentido del humor, mi esfuerzo, mi fuerza de voluntad, mi capacidad de adaptaci\u00f3n, mi \u201csiempre se puede m\u00e1s\u201d, mi famosa paciencia, mi capacidad de trabajo, mi entrega, mi disciplina, mi talento, mi buen hacer, mi esp\u00edritu de trabajo en equipo, mi \u201cdame un reto que voy a por \u00e9l\u201d&#8230;me encantan los retos y me apasiona aprender cosas nuevas&#8230;<\/i><\/p>\n<p>Por todas ellas, ya hace a\u00f1os que digo de m\u00ed misma que <b>SOY UN CABALLO GANADOR.<\/b>..porque lo siento as\u00ed en mi interior. Y eso se traduce en todo lo que estoy consiguiendo en el exterior.<\/p>\n<p>Por cierto, voy a asistir a la Cena de Socis 2015. <b>Una campeona como yo, se merece un campe\u00f3n como \u00e9l.<\/b><\/p>\n<p><b>MORALEJA: <\/b>Muchas veces admiramos cualidades en otras personas, o en personajes famosos, y no nos damos cuenta de que nosotr@s tambi\u00e9n tenemos muchas de ellas. Nos las negamos por miedo a lo que dir\u00e1n los dem\u00e1s si nos ven orgullosos de nuestros talentos y nuestros logros. No os las negu\u00e9is. Aprovechadlas para serviros, y servir a los dem\u00e1s.<\/p>\n<p><b>Copyright&#13;<br \/>\n \u00a9 2014 Yofuiunachicalyme. Todos los derechos reservados.<br \/>Para usar alguna foto \u00f3&#13;<br \/>\n texto, nombra la procedencia y a\u00f1ade un link al art\u00edculo original de &#13;<br \/>\neste blog.<\/b><\/p>\n<p><\/body><\/html><\/p>\n","protected":false},"excerpt":{"rendered":"<p>Escrito el 15 de Noviembre de 2014. Por favor, leed primero el cap\u00edtulo \u00abMe gustan las motos\u00bb. Gracias. Vamos con la segunda parte de la trilog\u00eda motera del blog. Tantas cosas buenas que contar&#8230;tantas alegr\u00edas nos est\u00e1 regalando Marc&#8230;\u00a1\u00a1no te cansas de saborearlas!!. Soy soci del Official Fan Club de Marc M\u00e1rquez. Exactamente tengo el &hellip; <a href=\"https:\/\/yofuiunachicalyme.com\/?p=253\" class=\"more-link\">Continue reading<span class=\"screen-reader-text\"> \u00abMarc M\u00e1rquez\u00bb<\/span><\/a><\/p>\n","protected":false},"author":4,"featured_media":0,"comment_status":"open","ping_status":"open","sticky":false,"template":"","format":"standard","meta":{"footnotes":""},"categories":[1],"tags":[],"class_list":["post-253","post","type-post","status-publish","format-standard","hentry","category-uncategorized","group-blog","hfeed"],"_links":{"self":[{"href":"https:\/\/yofuiunachicalyme.com\/index.php?rest_route=\/wp\/v2\/posts\/253"}],"collection":[{"href":"https:\/\/yofuiunachicalyme.com\/index.php?rest_route=\/wp\/v2\/posts"}],"about":[{"href":"https:\/\/yofuiunachicalyme.com\/index.php?rest_route=\/wp\/v2\/types\/post"}],"author":[{"embeddable":true,"href":"https:\/\/yofuiunachicalyme.com\/index.php?rest_route=\/wp\/v2\/users\/4"}],"replies":[{"embeddable":true,"href":"https:\/\/yofuiunachicalyme.com\/index.php?rest_route=%2Fwp%2Fv2%2Fcomments&post=253"}],"version-history":[{"count":0,"href":"https:\/\/yofuiunachicalyme.com\/index.php?rest_route=\/wp\/v2\/posts\/253\/revisions"}],"wp:attachment":[{"href":"https:\/\/yofuiunachicalyme.com\/index.php?rest_route=%2Fwp%2Fv2%2Fmedia&parent=253"}],"wp:term":[{"taxonomy":"category","embeddable":true,"href":"https:\/\/yofuiunachicalyme.com\/index.php?rest_route=%2Fwp%2Fv2%2Fcategories&post=253"},{"taxonomy":"post_tag","embeddable":true,"href":"https:\/\/yofuiunachicalyme.com\/index.php?rest_route=%2Fwp%2Fv2%2Ftags&post=253"}],"curies":[{"name":"wp","href":"https:\/\/api.w.org\/{rel}","templated":true}]}}