{"id":254,"date":"2014-09-20T14:36:20","date_gmt":"2014-09-20T14:36:20","guid":{"rendered":"http:\/\/yofuiunachicalyme.com\/?p=254"},"modified":"2014-09-20T14:36:20","modified_gmt":"2014-09-20T14:36:20","slug":"me-gustan-las-motos","status":"publish","type":"post","link":"https:\/\/yofuiunachicalyme.com\/?p=254","title":{"rendered":"Me gustan las motos"},"content":{"rendered":"<p><html><body><\/p>\n<p><b>Escrito el 5 de octubre del 2014.<\/b><\/p>\n<p>Me cag\u00fcentoloquesemenea&#8230;me acabo de poner de mala leche. Ya ten\u00eda escrito este post casi completo, en el propio editor del blog, cuando por no guardarlo antes, le doy a publicar sin guardar, y ya os imagin\u00e1is lo que ha pasado, ha petado, a tomar por saco, por no decir otra cosa. Una hora y media de trabajo, alegria. En fin, yo solita me lo he ganado. Nadie me mand\u00f3 no copiarlo y pegarlo en un documento de texto, \u00bfverdad?.<\/p>\n<p>Como dice un mandala que pint\u00e9 hace tiempo, <b>\u00abvale m\u00e1s sembrar una cosecha nueva, que llorar por la que se perdi\u00f3\u00bb.<\/b> Total, que a sembrar otra vez&#8230;jajajaja. La pena es que hoy ya no toca. Mi tiempo est\u00e1 muy, muy ajustado, y esta se\u00f1orita necesita ir a\u00a0 comprar comida, y empezar a organizarse la semana culinariamente. Por mucho que me joda, que me jode, rematar\u00e9 este cap\u00edtulo otro d\u00eda.<\/p>\n<p>Quer\u00eda yo subir aqui una foto de una Ducati roja guapa, guapa,&#8230;tampoco me deja subir fotos. Seguir\u00e9 investigando otro d\u00eda. Estas cosas que son gratis&#8230;es lo que tienen. En fin, que tengais una magn\u00edfica semana. Me muero de ganas de compartir con vosotros el resto del post. Mira, al menos a mi me ha servido para liberar emociones.<\/p>\n<p><b>Escrito el 19 de octubre del 2014.<\/b><\/p>\n<p>Buen\u00edsimas tardes a tod@s. Aqu\u00ed estoy de vuelta. Deseandito de contaros cosas. Ya he abierto un editor de texto para ir copiando y pegando. Ya me vale, otra vez no me pasa. A vosotr@s pongo por testig@s&#8230;jajajaja&#8230;Quer\u00eda haber seguido escribiendo este cap\u00edtulo antes pero la vida laboral es muy, muy, muy intens\u00ediiiisima. <b>Si me falta tiempo para m\u00ed, que me falta y muuuucho, \u00bfc\u00f3mo voy a tener tiempo para dedicarle a los dem\u00e1s?<\/b>. Es l\u00f3gico, \u00bfno os parece?. Lo bueno es que escribir esto es un mix entre tiempo para m\u00ed, y tiempo para vosotr@s. Me llena tanto, y es tan divertido&#8230;que aunque no sea lo mismo que escribir diario, me ayuda.<\/p>\n<p>Al l\u00edo. Al final, como no, me ha venido bien lo que pas\u00f3 porque he decidido que <b>esto va\u00a0 a ser una trilog\u00eda<\/b>. Si, si, si. A saber:<\/p>\n<blockquote>\n<p><b>1 &#8211; Me gustan las motos<\/b><\/p>\n<p><b>2 &#8211; Marc M\u00e1rquez<\/b><\/p>\n<p><b>3 &#8211; La plaza de Alca\u00f1iz<\/b><\/p>\n<\/blockquote>\n<p>Porque <b>me pongo a escribir y parece que no hay un ma\u00f1ana.<\/b> Es increible como me pongo toda loquina, y fluyen las emociones y los sentimientos. Me conecta mucho conmigo misma, y saco lo mejor de mi. Entiendo que si hago los post mas cortos, vosotros me lo agradecer\u00e9is. Y as\u00ed tambi\u00e9n, publico m\u00e1s a menudo.<\/p>\n<p><b>Me gustan las motos&#8230;me encantan las motos&#8230;me apasionan las motos&#8230;<\/b>y los moteros&#8230;ni te cuento&#8230;jajajajaja&#8230;estoy fatal de lo m\u00edo. Me r\u00edo y mucho.<\/p>\n<p><b>Todo empez\u00f3 en el a\u00f1o 2010.<\/b> Yo no lo sab\u00eda pero ah\u00ed ya estaba bien jodida f\u00edsicamente. Ni idea de lo que iba a venir despu\u00e9s. Porque si lo s\u00e9&#8230;.me hubiera pedido otra cosita. Como m\u00e1s light&#8230;vaya.<\/p>\n<p>El caso es que all\u00e1 por Marzo o as\u00ed un d\u00eda hablando por tel\u00e9fono con mi hermana la peque\u00f1a,<b> le decimos pitu <\/b>(de pitufina). La pitu ya tiene 35 tacos, m\u00e1s guapa que un sol est\u00e1. Y la otra tambi\u00e9n est\u00e1 guap\u00edsima que no veas, vamos ha echado la t\u00eda unas espaldas de \u00abligar\u00bb&#8230;.que flipas&#8230;jajajaja&#8230;realmente es de \u00ablijar\u00bb pero <b>un d\u00eda escribi\u00f3 ligar en vez de lijar <\/b>por el whatsapp, y para ella tiene, le ha ca\u00eddo el san benito para toda su vida. \u00bfSer\u00eda cojonudo, verdad?, que ligando fortalecieras la espalda&#8230;ahora que lo pienso, no, no lo voy a escribir que son las cuatro de la tarde, y es horario infantil.<\/p>\n<p><b>Volvamos al a\u00f1o 2010.<\/b> Me contaba la pitu que le hac\u00eda mucha ilusi\u00f3n ver correr a Valentino con Yamaha ese a\u00f1o, antes de irse a Ducati (este como yo, si lo hubiese sabido, se pide otra cosa, virgencita que me quede como estoy). Y ya de paso, verle en <b>Motorland<\/b>, el circuito que se inauguraba ese a\u00f1o en Alca\u00f1iz (Teruel). De ah\u00ed viene lo de la plaza de la tecera parte de la trilog\u00eda. Y tambi\u00e9n me contaba que se lo hab\u00eda dicho a su novio de por aquel entonces para que fuera con ella. Pens\u00e9 yo, hombre, mal se te tiene que dar, porque el muchacho en cuesti\u00f3n era motero, con moto, y fan&#8230;.Pues se le di\u00f3 mal. Lo que o\u00eds.<\/p>\n<p>Ya sab\u00e9is como son los galleg@s. Unos son capaces de ir rollo emigrante, recorrerse el mundo con una bolsa de pipas, y las manos en los bolsillos, y otros no se mueven ni pa&#8217;tr\u00e1s. Ya no es que no salgan de Galicia, es que no cambian ni de provincia, es m\u00e1s, es que este casi no sal\u00eda casi ni de su ciudad, super fuerte. Y os digo una cosa. Nos hizo el mayor favor de su vida, sin \u00e9l saberlo. Porque ah\u00ed nacieron las <b>\u00abChicas GP\u00bb<\/b>.<\/p>\n<p>Yo le dije a mi hermana, \u00abpitu, tu no vas a cometer los mismos errores que tu hermana mayor, es decir, dejar de hacer cosas porque un t\u00edo\/tu chico no quiera acompa\u00f1arte. Yo voy contigo a las motos\u00bb, y mi hermana, \u00ab\u00bfen serio?, pero si tu no eres motera, y no has ido nunca a un circuito\u00bb, y yo, \u00abya, pues mira, as\u00ed voy, y s\u00e9 lo que es, y si no me gusta, con no volver, listo\u00bb, me acuerdo que me pregunt\u00f3, \u00ab\u00bftu har\u00edas eso por mi?\u00bb, y yo, \u00abpues claro que si\u00bb. Hablamos con la otra hermana y lo organizamos. <b>Ya lo creo que fuimos. INCREIBLE NO, LO SIGUIENTE.<\/b><\/p>\n<p>Apa\u00f1amos las entradas, buscamos alojamiento, y organizamos el viaje.<b> Y mientras, yo estudiaba todos los findes de las carreras<\/b>. Claaaro. Porque yo pens\u00e9, joder, que hago yo dos d\u00edas encerrada en un circuito, todo el d\u00eda sentada (para mi espalda, no veas), mira, como no aprenda algo y me entere, me voy a\u00a0 aburrir soberanamente. Adem\u00e1s de gastarme una pasta para nada con la tonter\u00eda. Y yo que soy super disciplinada, estudi\u00e9, y me empec\u00e9 a enamorar del mundillo. Aprend\u00ed las escuder\u00edas, nombres de los pilotos, de los managers, todo, todo, y todo. Me ve\u00eda los entrenos y las carreras. Que tiempos aquellos en que podiamos ver las motos en casa, sin tele de pago, que bueno.<\/p>\n<p><b>Empec\u00e9 a disfrutar mucho con las motos. Much\u00edsimo. Y lleg\u00f3 Septiembre, y fuimos a Motorland.<\/b><\/p>\n<p>Me enamor\u00e9. Me enamor\u00e9 del ambiente; de la pasi\u00f3n que la gente tiene; de la fiesta; del rollo del circuito, mira que se pasa calor, y mira que se pasa fr\u00edo cuando llueve; de c\u00f3mo la pe\u00f1a viene en moto desde Suiza, Francia, Alemania, o Portugal, por ejemplo. Si nosotras vamos en coche, o en tren, y dormimos en hotel o en piso, y volvemos el lunes, y acabas doblad\u00edsima, porque no paras y cansa mucho todo el d\u00eda apedreando perros en el circuito. Y esta gente, viene en moto desde a tomar por c&#8230;y muchos duermen en campings, o en pisos de rumanos, o en sof\u00e1s,&#8230;<\/p>\n<p>Y luego ves a los ni\u00f1os, que me los llevan hechos unos pinceles con sus gorras, y sus pa\u00f1uelos en la cabeza, y sus chupas vaqueras,&#8230;admirable, simplemente admirable.<b> Las motos son PASI\u00d3N.<\/b> Y enganchan, os lo puedo asegurar. Porque a m\u00ed, me han enganchado para siempre. Les debo mucho. Si, lo que leeis.<\/p>\n<p>Os lo explico. A partir del 2010, soy motera declarada. Hago planes en funci\u00f3n de los findes que hay carreras. SI, lo confieso p\u00fablicamente. \u00bfPor qu\u00e9?, porque las motos me han dado algo que no me ha dado nadie. <b>Me han dado alegr\u00eda; pasi\u00f3n; ganas de vivir; ilusi\u00f3n por recuperarme; fuerza para tirar adelante cuando no la ten\u00eda<\/b>; cuando ni Dios me mandaba un puto whatsapp, cuando solo ten\u00eda a la Dra. Platero y a mi familia, yo whasapeaba con mis hermanas viendo las carreras, o los entrenos y las sent\u00eda cerquita; y cuando estaba tan mal que no pod\u00eda ni caminar ni salir de casa, las motos me hac\u00edan sentirme libre, y yo sab\u00eda que iba a volver a un circuito a ver carreras de motos en directo. Lo sab\u00eda porque lo deseaba con todas mis fuerzas.<\/p>\n<p><b>Y algo que deseas con todas tus fuerzas, lo consigues.<\/b><\/p>\n<p><i>2010 &#8211; Alca\u00f1iz \/\u00a0 2011 &#8211; Jerez\u00a0 \/ 2012 &#8211; en blanco \/ 2013 &#8211; Cheste \/ 2014 &#8211; Alca\u00f1iz (again) \/ 2015 &#8211; nuestra ilusi\u00f3n es&#8230;Mugello (Italia)<\/i><\/p>\n<p>A Jerez fui jodid\u00edsima. Se me nota en las fotos de entonces, la cara completamente demacrada y desfigurada. Que dolores, ni acordarme quiero. Y mira que intent\u00e9 quitarlos con fiesta y copas, madrededios, <b>nos bebimos hasta el agua de los floreros&#8230;.jajajaja&#8230;\u00e1cabamos como Massiel en una boda.<\/b>&#8230;lo pasados de put\u00ediiisima madre, eso si, para mis cosas del Lyme, viendolo a posteriori, una salvajada. 2012&#8230;en blanco. Estaba mas jodida que la Hilaria que decimos en mi pueblo. Soy muy afortunada porque mis hermanas y la amiga que nos acompa\u00f1a (somos 4 las Chicas GP) me esperaron, no quisieron ir de circuito sin mi. Otro valor de las motos que no he mencionado aun, <b>es la lealtad.<\/b> Me emociono, y mucho.<\/p>\n<p><b>Cheste fu\u00e9 increible.<\/b> Lo elegimos porque es el \u00faltimo circuito del a\u00f1o en Noviembre y yo as\u00ed ten\u00eda m\u00e1s tiempo para recuperarme e ir. Para m\u00ed fue un antes y un despu\u00e9s. Volver a un circuito, ser campeones del mundo ese d\u00eda, y yo estar ah\u00ed&#8230;yo tambi\u00e9n <b>era Campeona del Mundo por m\u00e9ritos propios<\/b>. Os lo puedo asegurar, porque era c\u00f3mo yo me sent\u00eda. Dos a\u00f1os despu\u00e9s de tanto dolor, tanto sufrimiento, y tantas miserias, yo estaba ah\u00ed. Toda la grada bebiendo cerveza,comiendo bocatas de tortilla y de jam\u00f3n, y yo con mis tuppers de acelgas y filetes de pavo a la plancha, as\u00ed, a palo seco, bueno no, con agua, con mucha agua&#8230;jajajaja&#8230;hay que tener unas tragaderas&#8230;de tres pares de cojones. Eso s\u00ed, prefiero ir a un circuito con botes, y con acelgas, aunque me suponga un esfuerzo f\u00edsico y de organizaci\u00f3n considerable, que no ir. Lo firmo.<\/p>\n<p><b>Alca\u00f1iz este a\u00f1o&#8230;ha sido la hostia emocionalmente, y en todo lo dem\u00e1s.<\/b> Volver al primer circuito, donde naci\u00f3 todo; volver a esa plaza, Diossss, <b>la plaza de Alca\u00f1iz es m\u00e1gica&#8230;<\/b>acompa\u00f1ada de mis hermanas y de una buen\u00edsima amiga&#8230;compartir de nuevo con ellas el puto andador del circuito, salir de fiesta, <b>esos chubasqueros circuiteros, ese parag\u00fcas Ducati<\/b> que me compr\u00e9&#8230;..ahora quiero que llueva todos los d\u00edas para sacarlo a pasear&#8230;.Todo eso&#8230;todo eso es para sentirlo, para vivirlo, para disfrutarlo, y para saborearlo hasta que te canses, si es que te cansas. Yo no, desde luego. Un ancla muy, muy, muy poderosa chic@s. Buscad la vuestra. Si no la encontr\u00e1is&#8230;siempre pod\u00e9is empezar a\u00a0 ver carreras de motos. Os quiero.<\/p>\n<p>Cabeza y gaaaasssss&#8230;..<\/p>\n<p><b>Copyright&#13;<br \/>\n \u00a9 2014 Yofuiunachicalyme. Todos los derechos reservados.<br \/>Para usar alguna foto \u00f3&#13;<br \/>\n texto, nombra la procedencia y a\u00f1ade un link al art\u00edculo original de &#13;<br \/>\neste blog.<\/b><\/p>\n<p><\/body><\/html><\/p>\n","protected":false},"excerpt":{"rendered":"<p>Escrito el 5 de octubre del 2014. Me cag\u00fcentoloquesemenea&#8230;me acabo de poner de mala leche. Ya ten\u00eda escrito este post casi completo, en el propio editor del blog, cuando por no guardarlo antes, le doy a publicar sin guardar, y ya os imagin\u00e1is lo que ha pasado, ha petado, a tomar por saco, por no &hellip; <a href=\"https:\/\/yofuiunachicalyme.com\/?p=254\" class=\"more-link\">Continue reading<span class=\"screen-reader-text\"> \u00abMe gustan las motos\u00bb<\/span><\/a><\/p>\n","protected":false},"author":4,"featured_media":0,"comment_status":"open","ping_status":"open","sticky":false,"template":"","format":"standard","meta":{"footnotes":""},"categories":[1],"tags":[],"class_list":["post-254","post","type-post","status-publish","format-standard","hentry","category-uncategorized","group-blog","hfeed"],"_links":{"self":[{"href":"https:\/\/yofuiunachicalyme.com\/index.php?rest_route=\/wp\/v2\/posts\/254"}],"collection":[{"href":"https:\/\/yofuiunachicalyme.com\/index.php?rest_route=\/wp\/v2\/posts"}],"about":[{"href":"https:\/\/yofuiunachicalyme.com\/index.php?rest_route=\/wp\/v2\/types\/post"}],"author":[{"embeddable":true,"href":"https:\/\/yofuiunachicalyme.com\/index.php?rest_route=\/wp\/v2\/users\/4"}],"replies":[{"embeddable":true,"href":"https:\/\/yofuiunachicalyme.com\/index.php?rest_route=%2Fwp%2Fv2%2Fcomments&post=254"}],"version-history":[{"count":0,"href":"https:\/\/yofuiunachicalyme.com\/index.php?rest_route=\/wp\/v2\/posts\/254\/revisions"}],"wp:attachment":[{"href":"https:\/\/yofuiunachicalyme.com\/index.php?rest_route=%2Fwp%2Fv2%2Fmedia&parent=254"}],"wp:term":[{"taxonomy":"category","embeddable":true,"href":"https:\/\/yofuiunachicalyme.com\/index.php?rest_route=%2Fwp%2Fv2%2Fcategories&post=254"},{"taxonomy":"post_tag","embeddable":true,"href":"https:\/\/yofuiunachicalyme.com\/index.php?rest_route=%2Fwp%2Fv2%2Ftags&post=254"}],"curies":[{"name":"wp","href":"https:\/\/api.w.org\/{rel}","templated":true}]}}