{"id":258,"date":"2014-08-27T16:10:43","date_gmt":"2014-08-27T16:10:43","guid":{"rendered":"http:\/\/yofuiunachicalyme.com\/?p=258"},"modified":"2014-08-27T16:10:43","modified_gmt":"2014-08-27T16:10:43","slug":"despido_nota","status":"publish","type":"post","link":"https:\/\/yofuiunachicalyme.com\/?p=258","title":{"rendered":"Despido_NOTA"},"content":{"rendered":"<p><html><body><\/p>\n<p\/>\n<p><i><b>Por favor, leed primero el cap\u00edtulo \u00abDespido\u00bb. Es importante. Gracias.<\/b><\/i><\/p>\n<p>Escrito el 28 de Agosto del a\u00f1o 2014.<\/p>\n<p>Sinceramente, lo primero que me vino a la cabeza fu\u00e9 hacer una foto del original de <b><i>mi carta de despido firmada el 13 de Diciembre del 2013<\/i><\/b>, e insertar aqu\u00ed la imagen. Os puedo asegurar que esa imagen tiene una fuerza impresionante. Se siente. Te envuelve.<\/p>\n<p>Luego me d\u00ed cuenta de que en esa imagen salen mi nombre y apellidos y mi DNI. Ya&#8230; Por una parte, este blog SOY YO con may\u00fasculas, <i><b>\u00bfpor qu\u00e9 no reflejar en \u00e9l mi nombre?<\/b><\/i>. Con honestidad os digo que no s\u00e9 cu\u00e1nto es ego; cu\u00e1nto es orgullo por haber cumplido un objetivo; cuanto es satisfacci\u00f3n por compartirlo; cu\u00e1nto es necesidad de servir a los dem\u00e1s;&#8230; <\/p>\n<p><i><b>En cualquier caso, no s\u00e9 si quiero vincular mi nombre y mi vida a la enfermedad para siempre jam\u00e1s<\/b><\/i>. Ahora tengo el foco puesto en la salud, en la persona sana que siento que soy, en volver a trabajar, en disfrutar de la calidad de vida que estoy recuperando d\u00eda a d\u00eda  y que es MA-RA-VI-LLO-SA. Ahhh s\u00ed, en echarme un \u00abtxati\u00bb que me ponga los ojos \u00abpa&#8217;tr\u00e1s\u00bb (al pan, pan, y al vino&#8230;como locos). Total, que bromas aparte, a d\u00eda de hoy prefiero que mis apellidos no sean enfermedad, Lyme, o candidiasis.<\/p>\n<p>Por todo ello, <b><i>NO inserto aqu\u00ed mi carta original<\/i><\/b>. A cambio, <b><i>os dejo un cheque en blanco. Mi plantilla.<\/i><\/b> Con los datos personales en blanco para que si os es de ayuda, pong\u00e1is los vuestros. Yo me d\u00ed de baja en la empresa Lyme, pod\u00e9is utilizarla para daros de baja en la empresa que quer\u00e1is. Ya vosotr@s me entend\u00e9is.<\/p>\n<p><\/p>\n<p><\/p>\n<blockquote>\n<p>_____________ , ______________________del a\u00f1o ________<\/p>\n<p><\/p>\n<\/blockquote>\n<blockquote>\n<p>Por la presente, &#13;<br \/>\nD\u00aa __________________________________________, con D.N.I. num ___________________, comunica con &#13;<br \/>\nfecha de HOY su baja en la empresa _____________________________. Y para que conste a los efectos&#13;<br \/>\n oportunos se expide esta carta.<\/p>\n<\/blockquote>\n<blockquote>\n<p>Atentamente,<\/p>\n<\/blockquote>\n<p><\/p>\n<p><\/p>\n<p><\/p>\n<blockquote><p>Firmado: D\u00aa __________________________________________<\/p>\n<\/blockquote>\n<p\/>\n<p><b>Copyright&#13;<br \/>\n \u00a9 2014 Yofuiunachicalyme. Todos los derechos reservados.<br \/>Para usar alguna foto \u00f3&#13;<br \/>\n texto, nombra la procedencia y a\u00f1ade un link al art\u00edculo original de &#13;<br \/>\neste blog.<\/b><\/p>\n<p><\/body><\/html><\/p>\n","protected":false},"excerpt":{"rendered":"<p>Por favor, leed primero el cap\u00edtulo \u00abDespido\u00bb. Es importante. Gracias. Escrito el 28 de Agosto del a\u00f1o 2014. Sinceramente, lo primero que me vino a la cabeza fu\u00e9 hacer una foto del original de mi carta de despido firmada el 13 de Diciembre del 2013, e insertar aqu\u00ed la imagen. Os puedo asegurar que esa &hellip; <a href=\"https:\/\/yofuiunachicalyme.com\/?p=258\" class=\"more-link\">Continue reading<span class=\"screen-reader-text\"> \u00abDespido_NOTA\u00bb<\/span><\/a><\/p>\n","protected":false},"author":4,"featured_media":0,"comment_status":"open","ping_status":"open","sticky":false,"template":"","format":"standard","meta":{"footnotes":""},"categories":[1],"tags":[],"class_list":["post-258","post","type-post","status-publish","format-standard","hentry","category-uncategorized","group-blog","hfeed"],"_links":{"self":[{"href":"https:\/\/yofuiunachicalyme.com\/index.php?rest_route=\/wp\/v2\/posts\/258"}],"collection":[{"href":"https:\/\/yofuiunachicalyme.com\/index.php?rest_route=\/wp\/v2\/posts"}],"about":[{"href":"https:\/\/yofuiunachicalyme.com\/index.php?rest_route=\/wp\/v2\/types\/post"}],"author":[{"embeddable":true,"href":"https:\/\/yofuiunachicalyme.com\/index.php?rest_route=\/wp\/v2\/users\/4"}],"replies":[{"embeddable":true,"href":"https:\/\/yofuiunachicalyme.com\/index.php?rest_route=%2Fwp%2Fv2%2Fcomments&post=258"}],"version-history":[{"count":0,"href":"https:\/\/yofuiunachicalyme.com\/index.php?rest_route=\/wp\/v2\/posts\/258\/revisions"}],"wp:attachment":[{"href":"https:\/\/yofuiunachicalyme.com\/index.php?rest_route=%2Fwp%2Fv2%2Fmedia&parent=258"}],"wp:term":[{"taxonomy":"category","embeddable":true,"href":"https:\/\/yofuiunachicalyme.com\/index.php?rest_route=%2Fwp%2Fv2%2Fcategories&post=258"},{"taxonomy":"post_tag","embeddable":true,"href":"https:\/\/yofuiunachicalyme.com\/index.php?rest_route=%2Fwp%2Fv2%2Ftags&post=258"}],"curies":[{"name":"wp","href":"https:\/\/api.w.org\/{rel}","templated":true}]}}