{"id":259,"date":"2014-08-27T15:37:25","date_gmt":"2014-08-27T15:37:25","guid":{"rendered":"http:\/\/yofuiunachicalyme.com\/?p=259"},"modified":"2014-08-27T15:37:25","modified_gmt":"2014-08-27T15:37:25","slug":"despido","status":"publish","type":"post","link":"https:\/\/yofuiunachicalyme.com\/?p=259","title":{"rendered":"Despido"},"content":{"rendered":"<p><html><body><\/p>\n<p>Escrito el 13 de Diciembre del a\u00f1o 2013.<b><i> Carta de Despido de la Empresa Lyme.<\/i><\/b><\/p>\n<p>Llevo un rat\u00edn, (que se note que soy de un pueblo de L\u00e9on) pensando en c\u00f3mo empezar esta carta. Cuando escribo mis sensaciones son que es mejor dejar fluir las palabras. No sab\u00eda c\u00f3mo empezar, pero si s\u00e9 c\u00f3mo quiero terminar. Cuando surgi\u00f3 esta idea trabajando con mi Coach, lo que me vino a la cabeza fue escribir una carta formal de despido de una empresa en la que trabajas, como tantas que he escrito; pues igual 5 o 6, a lo largo de 14 a\u00f1os de trabajo. <b><i>Algo breve, conciso y as\u00e9ptico<\/i><\/b>. Y ese, ese es mi estilo laboral, de ingeniero A+B cuadriculadito, pero no es mi estilo de escritura personal\/emocional.<\/p>\n<p>As\u00ed que, se me acaba de hacer la luz, y <b><i>voy a hacer un mix<\/i><\/b>. Primero, a sacar las emociones y sentimientos que me salgan, y luego, voy a acabar con esa nota breve, concisa y as\u00e9ptica porque necesito escribirla y firmarla. S\u00ed, siento que es el compromiso que necesito creerme para terminar con mis resistencias. Es m\u00e1s, cuando acabe la voy a imprimir, y la voy a firmar. Y la voy a poner en el diario, o en un sitio que yo la vea de la casa para que me \u201cancle \u201c a ella como si no hubiera un ma\u00f1ana. <b><i>Porque gracias a esto, HAY UN MA\u00d1ANA PARA MI.<\/i><\/b><\/p>\n<p>Esas maravillosas resistencias&#8230;.esta idea surgi\u00f3 a primeros de Septiembre, y <b><i>estamos casi a mediados de Diciembre<\/i><\/b>. No hace falta decir m\u00e1s. <i><b>No ha sido por falta de tiempo,<\/b><\/i> ha sido porque tengo miedo; porque duele; porque estoy asustada; porque estoy muy cansada de tanto esfuerzo f\u00edsico y mental; porque ya no me queda dinero; porque quiero vivir mi vida con may\u00fasculas; porque necesitas ser muy valiente para superar una experiencia como esta; porque necesitas desarrollar una paciencia que no puedo describir; porque me he \u201cca\u00eddo\u201d muchas veces de pura desesperaci\u00f3n, y de todas me he levantado, y quiero que esta sea la \u00faltima. Si queridos animalitos, como dijo una vez la m\u00edtica Lola Flores,<b><i> \u201cSI ME QUER\u00c9IS&#8230;..IRSE\u201d.<\/i><\/b><\/p>\n<p>No se puede decir mas con menos. Ya hace tiempo que me ronda esta frase por la cabeza. Incluso en alg\u00fan momento de desesperaci\u00f3n de esos de llorar para sacar esa angustia de lo mas profundo de tus entra\u00f1as, cuando sientes que te puede la impotencia, la frustraci\u00f3n, <b><i>cuando te duele el alma de sufrir<\/i><\/b>, de pelear, de esforzarte, de tirar para adelante, yo en esos momentos me tiro en la cama, me abrazo a la almohada, y lloro, y pataleo, y sollozo, y grito, y doy pu\u00f1etazos a la almohada y al colch\u00f3n&#8230;estoy de lado en posici\u00f3n fetal, creo que porque, sin saberlo, busco esa protecci\u00f3n maternal , esa seguridad que supongo tenemos cuando estamos en el vientre de nuestra madre&#8230; <\/p>\n<p>Sobre todo lloro, lloro, y lloro, hasta que libero toda esa rabia contenida, a veces hasta te quedas sin voz porque es tan intenso lo que est\u00e1s sintiendo, tanto&#8230;. y<b><i> duele, duele como no me ha dolido nada en mi vida<\/i><\/b>, bueno si, duele como cuando est\u00e1s superando un desamor y aun est\u00e1s enamorad@ como un@ perr@, est\u00e1 al mismo nivel, al menos por mi\u00a0 experiencia. <b><i>Soy afortunada porque conservo padres y hermanas. No puedo compararlo con una p\u00e9rdida a ese nivel&#8230;..<\/i><\/b>Pues, en esos momentos, adem\u00e1s de pedir AYUDA , recuerdo haber dicho la famosa frase, \u201cSi me quer\u00e9is&#8230;.irse\u201d.\u00a0 Y as\u00ed lo siento.<\/p>\n<p>Siento que estoy sana, siento que mi cuerpo est\u00e1 respondiendo, siento que estoy recuper\u00e1ndome, siento tambi\u00e9n que la energ\u00eda que genero aun no es suficiente para la vida que yo quiero llevar. <b><i>Y os preguntareis, \u00bfqu\u00e9 vida quieres llevar?,<\/i><\/b> porque claro, eso es muy relativo.<\/p>\n<p><b><i>Quiero trabajar en una empresa que no se llame Lyme para ser independiente econ\u00f3micamente<\/i><\/b>.Y os explico el porqu\u00e9. <b><i>La empresa Lyme consume much\u00edsimos recursos, y, adem\u00e1s, en cantidades ingentes: tiempo, esfuerzo, dinero, m\u00e1s dinero, paciencia, y todo ello a lo bestia, sin medida, y sin avisar, de un d\u00eda para otro<\/i><\/b>. Mira que he trabajado en unas cuantas empresas, que puedo comparar, que he trabajado como un animalito de carga, en unas mucho y en otras mas; nunca escatim\u00e9 esfuerzos en sacar mi trabajo adelante, incluso cambi\u00e9 mi residencia temporalmente, en Espa\u00f1a y en el extranjero; trabaj\u00e9 fines de semana, festivos, horarios draconianos, y en proyectos complicados, muy exigentes, muy largos en el tiempo tambi\u00e9n \u2026.lo que quer\u00e1is, <b><i>multiplicad lo m\u00edo por lo que quer\u00e1is para que se acerque a lo vuestro<\/i><\/b>.<\/p>\n<p>Ya sab\u00e9is, <b><i>tod@s pensamos que lo nuestro es peor que lo de los dem\u00e1s.<\/i><\/b> Al final el que te est\u00e1 escuchando en cuanto puede aprovecha para decirte, o si no lo dice, lo piensa, eso de \u201csi, ya, ya, pero es que lo m\u00edo&#8230;.lo m\u00edo si que es fuerte; espera, te lo cuento en un momento&#8230;..\u201d. Seguro que os ha pasado alguna vez. Pues imaginaros la peor experiencia laboral vuestra, y dudo mucho que sea tan duro como trabajar en Lyme. <b><i>Trabajar en Lyme es dedicar las 24 horas del d\u00eda a la empresa.<\/i><\/b> No te queda tiempo para absolutamente nada m\u00e1s. \u00bfQuien quiere currar en un sitio as\u00ed, y encima gratis?, joder, pens\u00e1ndolo bien, hay que ser muy masoca, y 20 cosas m\u00e1s para aguantar algo as\u00ed.<\/p>\n<p><b><i>Tu imagina que le est\u00e1s contando a un amig@ esto<\/i><\/b>. Le dices,\u201cTi@, curro en una empresa de mieeeeerdaaaaaa, que estoy 24 horas dedicado, no tengo vida&#8230; hasta duermo all\u00ed. Me dan la comida que ellos quieren que es siempre la misma, me salen las acelgas por los ojos&#8230;y muchas veces me sienta mal, <b><i>me duele todo el cuerpo<\/i><\/b>; a veces no puedo conducir porque no puedo girar la cabeza; o me dan como mareos; y <b><i>estoy tan cansado, tanto que no puedo hacer nada m\u00e1s que trabajar y dormir, nada m\u00e1s<\/i><\/b>; y todo eso s\u00e9 que es por el curro. 7 a\u00f1os llevo, hombre al principio no era tan duro, pero ya llevo 3 a\u00f1os con esto que te cuento; y encima no es que me paguen una mierda, no, es que <b><i>NO me pagan<\/i><\/b>, y tengo que discurrir yo lo que tengo que hacer cada d\u00eda, sobre la marcha, porque las indicaciones que me dan no valen casi ni \u201cpa tomar por culo\u201d, <b><i>todo el dia estoy estudiando, investigando, buscando informaci\u00f3n,&#8230;. <\/i><\/b>Hala te levantas por la ma\u00f1ana y a saber lo que va a pasar,&#8230;claro, \u00abestoy reventa@ todo e puto d\u00eda\u00bb, no puedo con el alma, etc, etc, etc&#8230;.<\/p>\n<p>\u00bfQue creeis que os dir\u00eda vuestro amig@?, \u201ct\u00ed@, \u00bfqu\u00e9 cojones haces que no te has ido ya?, b\u00fascate otra cosa, as\u00ed no hay quien viva\u201d. <b><i>BINGO.<\/i><\/b><\/p>\n<p>Pues eso digo yo guapa,<\/p>\n<p align=\"center\"><b><i>\u00bfQUE COJONES HACES QUE NO TE HAS IDO YA?&#8230;<br \/>B\u00daSCATE OTRA COSA&#8230;AS\u00cd NO QUIERES VIVIR&#8230;<\/i><\/b><\/p>\n<p align=\"center\"><\/p>\n<p align=\"center\"><b><i><br \/><\/i><\/b><\/p>\n<p>Por favor, <b><i>una vez le\u00eddo este cap\u00edtulo es importante que le\u00e1is el que se titula \u00abDespido_NOTA<\/i><\/b>\u00ab.<\/p>\n<p><b>Copyright&#13;<br \/>\n \u00a9 2014 Yofuiunachicalyme. Todos los derechos reservados.<br \/>Para usar alguna foto \u00f3&#13;<br \/>\n texto, nombra la procedencia y a\u00f1ade un link al art\u00edculo original de &#13;<br \/>\neste blog.<\/b><\/p>\n<p><\/body><\/html><\/p>\n","protected":false},"excerpt":{"rendered":"<p>Escrito el 13 de Diciembre del a\u00f1o 2013. Carta de Despido de la Empresa Lyme. Llevo un rat\u00edn, (que se note que soy de un pueblo de L\u00e9on) pensando en c\u00f3mo empezar esta carta. Cuando escribo mis sensaciones son que es mejor dejar fluir las palabras. No sab\u00eda c\u00f3mo empezar, pero si s\u00e9 c\u00f3mo quiero &hellip; <a href=\"https:\/\/yofuiunachicalyme.com\/?p=259\" class=\"more-link\">Continue reading<span class=\"screen-reader-text\"> \u00abDespido\u00bb<\/span><\/a><\/p>\n","protected":false},"author":4,"featured_media":0,"comment_status":"open","ping_status":"open","sticky":false,"template":"","format":"standard","meta":{"footnotes":""},"categories":[1],"tags":[],"class_list":["post-259","post","type-post","status-publish","format-standard","hentry","category-uncategorized","group-blog","hfeed"],"_links":{"self":[{"href":"https:\/\/yofuiunachicalyme.com\/index.php?rest_route=\/wp\/v2\/posts\/259"}],"collection":[{"href":"https:\/\/yofuiunachicalyme.com\/index.php?rest_route=\/wp\/v2\/posts"}],"about":[{"href":"https:\/\/yofuiunachicalyme.com\/index.php?rest_route=\/wp\/v2\/types\/post"}],"author":[{"embeddable":true,"href":"https:\/\/yofuiunachicalyme.com\/index.php?rest_route=\/wp\/v2\/users\/4"}],"replies":[{"embeddable":true,"href":"https:\/\/yofuiunachicalyme.com\/index.php?rest_route=%2Fwp%2Fv2%2Fcomments&post=259"}],"version-history":[{"count":0,"href":"https:\/\/yofuiunachicalyme.com\/index.php?rest_route=\/wp\/v2\/posts\/259\/revisions"}],"wp:attachment":[{"href":"https:\/\/yofuiunachicalyme.com\/index.php?rest_route=%2Fwp%2Fv2%2Fmedia&parent=259"}],"wp:term":[{"taxonomy":"category","embeddable":true,"href":"https:\/\/yofuiunachicalyme.com\/index.php?rest_route=%2Fwp%2Fv2%2Fcategories&post=259"},{"taxonomy":"post_tag","embeddable":true,"href":"https:\/\/yofuiunachicalyme.com\/index.php?rest_route=%2Fwp%2Fv2%2Ftags&post=259"}],"curies":[{"name":"wp","href":"https:\/\/api.w.org\/{rel}","templated":true}]}}