{"id":264,"date":"2014-08-24T15:01:08","date_gmt":"2014-08-24T15:01:08","guid":{"rendered":"http:\/\/yofuiunachicalyme.com\/?p=264"},"modified":"2014-08-24T15:01:08","modified_gmt":"2014-08-24T15:01:08","slug":"dra-platero","status":"publish","type":"post","link":"https:\/\/yofuiunachicalyme.com\/?p=264","title":{"rendered":"Dra Platero"},"content":{"rendered":"<p><html><body><\/p>\n<p>Escrito el 16 de Junio del a\u00f1o 2014.<\/p>\n<p>\u00bfQu\u00e9 probabilidades existen de que dos personas que padecen Lyme cr\u00f3nico en Espa\u00f1a, <i><b>y NO lo saben<\/b><b> aun<\/b><\/i> se conozcan?, viviendo la una a 500 kms de la otra, sin tener ning\u00fan nexo com\u00fan anterior&#8230;si hay alg\u00fan matem\u00e1tico en la red, por favor, que me haga llegar el c\u00e1lculo. Por curiosidad, m\u00e1s que nada, porque CASUALIDAD, las dos tenemos claro que no lo fu\u00e9. Yo al menos lo he tenido claro siempre, y la Dra. Platero, si no lo ha tenido claro desde el principio&#8230;yo creo que a estas alturas de la pel\u00edcula ya s\u00ed. Aunque vete tu a saber, porque \u00e9sta,&#8230;los a\u00f1os que estuvo viviendo en Le\u00f3n, le cundieron. Es m\u00e1s cazurra que yo, que lo soy, cazurra y paramesa, para mas se\u00f1as. Nada, ella m\u00e1s&#8230;la madre que la pari\u00f3&#8230;siempre quiere ser primer&#8230;EN TOOOODOOOO&#8230;.<\/p>\n<p>Pensandolo bien ahora, estamos de \u201caniversario\u201d&#8230;cari&#8230;si&#8230;la primera vez que hablamos fue en <i><b>Junio\/Julio 2012<\/b><\/i>. Nuestro primer contacto fu\u00e9 telef\u00f3nico. Hasta que nos conocimos en la estaci\u00f3n de Atocha en Madrid, muy rom\u00e1ntico todo, unos cuantos meses y muchas penurias despu\u00e9s. A ver,<b><i> no malinterpretar<\/i><\/b>, a las dos nos van los t\u00edos, lo que pasa es que a lo largo de estos dos a\u00f1os nos hemos re\u00eddo mucho la una con la otra de nuestros avatares, miserias, penalidades, sufrimientos,&#8230;y muchas veces, mas de una y mas de dos, nos hemos visto en la situaci\u00f3n de decir&#8230;\u201djoder, necesito mandar un puto sms o un whatsapp para desahogarme, y a qui\u00e9n cojones se lo mando si esto no lo entiendo ni yo\u201d&#8230;\u00bfsabes?, el tipico mensaje que mandar\u00edas a tu pareja si la tuvieras demandando mimines&#8230;pues nosotras nos hemos apoyado en esos momentos, y empezamos a bromear con lo de cari, y con que <i><b>a veces parecemos un matrimonio<\/b><\/i>.<\/p>\n<p>Bueno, me tiene la parienta loca, toda el dia est\u00e1 poniendose el rayo&#8230;.esto son cosas nuestras&#8230;no intentar entender porque es para profesionales muy avanzados de ciertas terapias&#8230;yo le digo cari\u00f1osamente&#8230;<b><i>\u201dponmeelrayoporfavor\u201d<\/i><\/b>&#8230;que a este paso lo que voy a hacer es llamar directamente al \u201cpaisa\u201d del rayo, preguntando por ella, y que me la pase, porque fijo, fijo, fijo,&#8230;que est\u00e1 alli&#8230;o all\u00ed, o donde el ozono. Saludos para Maru, x cierto.<\/p>\n<p>Dos a\u00f1os&#8230;s\u00f3lo han pasado dos a\u00f1os&#8230;me quedo flipada&#8230;por un lado, parece que fue ayer, ah\u00ed a la vuelta de la esquina, y por otro,&#8230;joder, hemos pasado\/estamos pasando por taaaaannnnntas coooosas, que parece que fu\u00e9 hace un siglo.<\/p>\n<p>Hace un tiempo hubiera escrito, DOS PUTOS A\u00d1OS DE MIEEEEERRRDAAAAAA. Afortunadamente, hoy no. CANCELADO, CANCELADO. <i><b>Han sido dos intensos a\u00f1os de<br \/>aprendizaje<\/b><\/i> (no vamos a hablar de los 5 anteriores en mi caso, o de los 10 anteriores para ella), en los cuales hemos pasado de sentirnos hechas una piltrafa humana como NADIE puede imaginar, a no ser que lo haya vivido. <b><i>Y cuando escribo NADIE quiero decir NADIE<\/i><\/b>. De vivir en una incertidumbre obscura, muy obscura, de dolor f\u00edsico, de mucho dolor f\u00edsico, de incomprensi\u00f3n, de fatiga cr\u00f3nica, de ignorancia, de frustraci\u00f3n, de impotencia, de rabia, de ira, <b><i>de querer y no poder,<\/i><\/b> de perder toda calidad de vida, y cuando digo TODA, quiero decir <b><i>TODA<\/i><\/b>: sin poder beber, sin poder comer, sin poder trabajar, sin poder tener pareja, sin poder salir de fiesta, y, lo peor de todo, sin poder follar. Las cosas claras, y el chocolate espeso.<\/p>\n<p>Sinceramente, pudiendo follar, o darte un homenaje de vez en cuando, lo otro lo llevas de otra manera, y hablo con conocimiento de causa porque hoy, dos a\u00f1os despu\u00e9s, sigo sin poder beber nada mas que agua e infusiones, sigo sin poder comer nada mas que acelgas, escarola y esp\u00e1rragos verdes (he quitado las endibias esta semana xq he llegado a la conclusi\u00f3n de que no me van bien, q paciencia&#8230;), algunas carnes y alg\u00fan pescado, PERO&#8230;<b><i>HOY dos a\u00f1os despues<\/i><\/b>, puedo zumbarme a un t\u00edo de vez en cuando, <b><i>con mucho cuidadin eso si, jejejeje&#8230; Y te cambia la cara<\/i><\/b>. Joder, que si te cambia la cara. Vamos, que me como yo las acelgas a palo seco con otra alegr\u00eda, donde va a parar.<\/p>\n<p>Se me ha ido la pinza, entendedlo. Yo iba a escribir otra cosa&#8230;a ver donde estaba&#8230;ahhh&#8230;siii&#8230;hemos pasado de todo eso super horrible no, lo siguiente, a&#8230;\u00bfa que hemos<br \/>pasado?&#8230;\u00bfcomo definir nuestro estatus actual?,<b><i> HEMOS MEJORADO MUY FAVORABLEMENTE<\/i><\/b>. Aun no estamos restablecidas al 100%, queda calidad de vida por recuperar, pero a mi ya no me queda nada, cuesti\u00f3n de este verano para rematar y seguir avanzando, y a la Dra. Platero, a ella le quedan unos meses m\u00e1s por cabezota; ella siempre insin\u00faa que ha estado y est\u00e1 mucho peor que yo (<b><i>que es cierto<\/i><\/b>, pero es que me lo dice como si yo tuviera unas anginas y pasara por aqu\u00ed a saludar, y ella s\u00ed tuviera Lyme, matarla era poco, \u00bfveis, como parecemos un matrimonio?), cuando digo meses pueden ser 2, 6, &#8230; de nosotras depende.<\/p>\n<p>Es acojonante. Pensar donde est\u00e1bamos, y donde estamos. <b><i>Pasos de gigante se quedan cortos para definirlo.<\/i><\/b> Lo mejor&#8230;bueno lo mejor ya os lo he dicho,ejem ejem ejem. <b><i>Lo segundo mejor&#8230;<\/i><\/b>es haber recuperado la <b><i>capacidad de pensar, de razonar, de poder bromear porque la cabeza te deja<\/i><\/b>; volver a entender a las personas sin que te tengan que repetir las cosas 3 veces porque no eres capaz de procesar la informaci\u00f3n, simple y llanamente porque tu capacidad de raciocinio est\u00e1 muy limitada, o ha desaparecido. Recuerdo cuando las dos est\u00e1bamos con un tratamiento tra\u00eddo directamente de EEUU, 900 \u20ac para 6 meses (Dios y el Universo bendigan al se\u00f1or que desarroll\u00f3 ese m\u00e9todo), y al cabo de los meses empezamos a notar peque\u00f1as mejoras.<\/p>\n<p>Un d\u00eda est\u00e1bamos hablando por tel\u00e9fono (hablamos casi todas las semanas) y de repente, me d\u00ed cuenta..\u201dtia, \u00bfte das cuenta de lo \u201cr\u00e1pido\u201d que estamos hablando?\u201d, silencio al otro lado del auricular&#8230; \u201cjoder t\u00eda, es verdad\u201d, \u201c\u00bfte das cuenta de que estamos bromeando?\u201d, silencio al otro lado del auricular&#8230; \u201cjoder t\u00eda, es verdad\u201d&#8230;FLIPANTE, \u00e9ramos capaces de hacer bromas, <b><i>las neuronas volvian a hilar<\/i><\/b>&#8230; Hab\u00edamos tenido una ataxia tan brutal a nivel neurol\u00f3gico que no \u00e9ramos ni personas porque dejas de pensar, no puedes, tu mente\/cerebro ya no funciona como antes y no te vas dando cuenta hasta que un d\u00eda lo sientes, est\u00e1s espesa, espesa, espesa y como de resaca de continuo, 24 horas al d\u00eda&#8230;da miedito&#8230; un ejemplo, yo no pod\u00eda hacer o contestar m\u00e1s de una llamada de tel\u00e9fono al d\u00eda, mi mente no lo soportaba, era algo superior a mis fuerzas. Creo que es un ejemplo bastante ilustrativo.<\/p>\n<p>Hasta este d\u00eda, <b><i>GRANDISIMO DIA<\/i><\/b>, que vuelves a recuperar sensaciones, A SENTIR QUE RECUPERAS SENSACIONES MEJOR DICHO, &#8230;no eres consciente del todo de lo mal, mal, mal, mal que has estado. Lo estoy escribiendo y me estoy acojonando, recordando episodios. Ni acordarme quiero.<\/p>\n<p><b><i>Nosotras nos conocimos porque nos necesit\u00e1bamos\/necesitamos la una a la otra para ayudarnos en nuestros procesos de recuperaci\u00f3n. Sin m\u00e1s.<\/i><\/b><\/p>\n<p>Poder compartir con alguien sensaciones, inquietudes, cagarte en los m\u00e9dicos, en su puta madre, poder mostrarte abatida, desesperada, hasta los cojones, que esa persona te pueda ayudar adem\u00e1s con sus experiencias, y tu a ella con las tuyas&#8230;.no tiene precio&#8230;para todo lo demas Mastercard&#8230;bueno, espera, y para esto tambi\u00e9n&#8230;porque hace falta mucha pasta, pero muuuuchhhaaaaaa pasta para tratarse de esta enfermedad. Gracias a nuestra maravillosa medicina alop\u00e1tica y a sus profesionales. <b><i>Que no digo nada, pero lo digo todo<\/i><\/b>.<\/p>\n<p>Para mi es un hecho que si fuera por todos esos m\u00e9dicos, incluso los del seguro m\u00e9dico privado, que a las dos nos mandaron a tomar por el culo finamente, si fuera por ellos&#8230; <b><i>yo hace 3 a\u00f1os que iba en una silla de ruedas<\/i><\/b>, y a ella, ufff, <b><i>a ella le hab\u00edan abierto la puta cabeza para operarle del Parkinson que NO tiene<\/i><\/b>. Menos mal que no se dej\u00f3. Se\u00f1or@s&#8230;que le diagnosticaron Parkinson con 47 a\u00f1os, y si eres intolerante a absolutamente toda la medicaci\u00f3n del Parkinson en cualquier dosis, te abren la cabeza y te operan. Eso, antes de reconocer que puede ser Lyme o neuroLyme. Con dos cojones y un palo.<\/p>\n<p>Por todo esto, y por muchas cosas mas que hemos compartido, y por las que nos quedan por compartir, os digo que <b><i>somos amigas para siempre<\/i><\/b>. De hecho, celebramos nuestro otro cumplea\u00f1os juntas, el 12 de Noviembre del 2012. Ese d\u00eda escuchamos por primera vez \u201cENFERMEDAD DE LYME\u201d, el Doc\u00a0 me diagnostic\u00f3 a mi, e inmediatamente yo la\u00a0 diagnostiqu\u00e9 a ella (si no lo escribo reviento, por eso tambi\u00e9n el Universo hizo que nos conoci\u00e9ramos).<\/p>\n<p>Y \u00bfsabeis lo mejor?,<b><i> este a\u00f1o 2014, lo vamos a celebrar en Barcelona<\/i><\/b>, y cada a\u00f1o lo vamos a celebrar en un sitio diferente, porque a las dos nos encanta viajar y no hemos podido hacerlo durante unos cuantos a\u00f1os. As\u00ed que ahora, aunque aun sea al x % de nuestra cpacidad, aunque aun haya que viajar con botes, y comer algas japonesas (as\u00ed llamo yo a las acelgas para darles un poco de glamour&#8230;si es que se puede, porque pens\u00e1ndolo bien, las acelgas y el glamour&#8230;son t\u00e9rminos antag\u00f3nicos total&#8230;), vamos. <b><i>Claro que VAMOS. Porque nos lo merecemos.<\/i><\/b><\/p>\n<p>Hemos llegado hasta aqu\u00ed porque somos muy valientes, y porque <b><i>hemos aprendido PARA QUE hemos desarrollado esta enfermedad<\/i><\/b>. Justo esta, y no otra. Esta es la que nosotras necesit\u00e1bamos. Menudo aprendizaje. Bueno, ella aun lo est\u00e1 asimilando.Como \u201cpa no\u201d&#8230;es muy fuerte, a mi cost\u00f3 mi tiempo aceptar y entender. Yo vi la luz el a\u00f1o pasado en Agosto. Por eso, estoy mejorando mas r\u00e1pidamente. Sin m\u00e1s. Todo depende del proceso personal de cada uno. <b><i>Cuando es tu momento, lo que es&#8230;es<\/i><\/b>. Simple.<\/p>\n<p>Por cierto, <b><i>ni ella ni yo somos Doctoras \u201coficiales\u201d<\/i><\/b>. Somos <b><i>unofficial total. Y orgullosas de serlo<\/i><\/b>. La bautic\u00e9 yo as\u00ed porque cuando nos conocimos ella me llevaba bastante ventaja. Confieso que Dra. Platero es un seud\u00f3nimo, por aquello de salir en internet. Luego, yo me autodenomin\u00e9 tambi\u00e9n Dra. despu\u00e9s de haber hecho su diagn\u00f3stico, y despu\u00e9s de tooodo lo dem\u00e1s que he ido aprendiendo en el camino. Que remedio. Es la \u00fanica forma de sanar.<\/p>\n<p>Ning\u00fan m\u00e9dico, de ning\u00fan tipo sabe mejor que nosotras lo que necesitamos. Ninguna persona lo sabe. Incluso, aunque nosotras coincidimos en muchas cosas, no todo lo que a ella le va bien, me va bien a mi, y viceversa.<\/p>\n<p><b><i>Las chicas Lyme somos chicas guapas, esbeltas, con mucho sentido del humor, inteligentes, \u00fanicas, muy sensibles, y especiales. Seducimos con nuestro encanto personal.<\/i><\/b><\/p>\n<p><b><i><b><i>GRACIAS UNIVERSO POR DARNOS LA OPORTUNIDAD DE VOLVER A NACER<\/i><\/b><br \/><\/i><\/b><\/p>\n<p>NOTA. Hab\u00eda inclu\u00eddo el adjetivo <b><i>altas<\/i><\/b> en la frase anterior, porque la Dra. Platero y yo somos bastante altas para nuestra generaci\u00f3n 1,76 m (lo digo por si hay alg\u00fan muchacho al que le interese el dato&#8230;). Pero, hablando con la Dra. Rubio (este tambi\u00e9n es un seud\u00f3nimo), que no tiene cap\u00edtulo porque es una adquisici\u00f3n dig\u00e1moslo as\u00ed reciente, pero podr\u00eda tenerlo perfectamente&#8230;resulta que ella lleva 5 a\u00f1os trat\u00e1ndose con el Doc y ha visto muchas mas chicas Lyme en la consulta, y me dice textualmente \u00abyo soy normalita, y he conocido en consulta chiquititas, medianas, y grandes, aunque si lo dices en sentido metaf\u00f3rico, estoy totalmente de acuerdo\u00bb. No era metaf\u00f3rico. Por eso a\u00f1ado esta NOTA.<\/p>\n<p><b>Copyright&#13;<br \/>\n \u00a9 2014 Yofuiunachicalyme. Todos los derechos reservados.<br \/>Para usar alguna foto \u00f3&#13;<br \/>\n texto, nombra la procedencia y a\u00f1ade un link al art\u00edculo original de &#13;<br \/>\neste blog.<\/b><\/p>\n<p><\/body><\/html><\/p>\n","protected":false},"excerpt":{"rendered":"<p>Escrito el 16 de Junio del a\u00f1o 2014. \u00bfQu\u00e9 probabilidades existen de que dos personas que padecen Lyme cr\u00f3nico en Espa\u00f1a, y NO lo saben aun se conozcan?, viviendo la una a 500 kms de la otra, sin tener ning\u00fan nexo com\u00fan anterior&#8230;si hay alg\u00fan matem\u00e1tico en la red, por favor, que me haga llegar &hellip; <a href=\"https:\/\/yofuiunachicalyme.com\/?p=264\" class=\"more-link\">Continue reading<span class=\"screen-reader-text\"> \u00abDra Platero\u00bb<\/span><\/a><\/p>\n","protected":false},"author":4,"featured_media":0,"comment_status":"open","ping_status":"open","sticky":false,"template":"","format":"standard","meta":{"footnotes":""},"categories":[1],"tags":[],"class_list":["post-264","post","type-post","status-publish","format-standard","hentry","category-uncategorized","group-blog","hfeed"],"_links":{"self":[{"href":"https:\/\/yofuiunachicalyme.com\/index.php?rest_route=\/wp\/v2\/posts\/264"}],"collection":[{"href":"https:\/\/yofuiunachicalyme.com\/index.php?rest_route=\/wp\/v2\/posts"}],"about":[{"href":"https:\/\/yofuiunachicalyme.com\/index.php?rest_route=\/wp\/v2\/types\/post"}],"author":[{"embeddable":true,"href":"https:\/\/yofuiunachicalyme.com\/index.php?rest_route=\/wp\/v2\/users\/4"}],"replies":[{"embeddable":true,"href":"https:\/\/yofuiunachicalyme.com\/index.php?rest_route=%2Fwp%2Fv2%2Fcomments&post=264"}],"version-history":[{"count":0,"href":"https:\/\/yofuiunachicalyme.com\/index.php?rest_route=\/wp\/v2\/posts\/264\/revisions"}],"wp:attachment":[{"href":"https:\/\/yofuiunachicalyme.com\/index.php?rest_route=%2Fwp%2Fv2%2Fmedia&parent=264"}],"wp:term":[{"taxonomy":"category","embeddable":true,"href":"https:\/\/yofuiunachicalyme.com\/index.php?rest_route=%2Fwp%2Fv2%2Fcategories&post=264"},{"taxonomy":"post_tag","embeddable":true,"href":"https:\/\/yofuiunachicalyme.com\/index.php?rest_route=%2Fwp%2Fv2%2Ftags&post=264"}],"curies":[{"name":"wp","href":"https:\/\/api.w.org\/{rel}","templated":true}]}}