{"id":269,"date":"2020-03-03T14:44:46","date_gmt":"2020-03-03T14:44:46","guid":{"rendered":"http:\/\/yofuiunachicalyme.com\/?p=269"},"modified":"2020-03-03T15:12:20","modified_gmt":"2020-03-03T15:12:20","slug":"__trashed","status":"publish","type":"post","link":"https:\/\/yofuiunachicalyme.com\/?p=269","title":{"rendered":"Madrid"},"content":{"rendered":"\n<p>Es de libro. Si le he dedicado un post a Barcelona, \u00a1no le voy a dedicar otro a Madrid despu\u00e9s de haber vivido all\u00ed casi 20 a\u00f1os!\u2026Es el momento. Curiosamente ahora que ya estoy desvinculada de los madriles casi al 100%, es cuando lo escribo. Me ha recordado la famosa frase de \u201cno valoras lo que tienes hasta que lo pierdes\u201d. Interesante.<\/p>\n\n\n\n<p>Estuve por all\u00ed este a\u00f1o poco despu\u00e9s de Reyes, y por primera vez, tuve sensaci\u00f3n de <strong>NO PERTENENCIA<\/strong>. Fue algo inesperado. Ya llevo casi 4 a\u00f1os en Le\u00f3n, mira que he ido veces y nunca hab\u00eda sentido algo as\u00ed. Supongo que se cierra un ciclo.<\/p>\n\n\n\n<p>F\u00edjate que me hab\u00edan hablado sobre la posibilidad de volver a trabajar all\u00ed en ingenier\u00eda, y fui con la idea de, si eso, pasar a saludar, y no, me di cuenta de que no. Mi ciclo all\u00ed est\u00e1 cubierto, fin del report.<\/p>\n\n\n\n<p>Confieso que tambi\u00e9n ayud\u00f3 lo siguiente. <strong>\u00bfQu\u00e9 cojones han hecho con Madrid?<\/strong>, a ver, supongo que ser\u00e1 cuesti\u00f3n de acostumbrarse o algo, vale, pero lo que hay ahora es una mieeeeeerrrdaaaaaa . Por ejemplo, a mi coche no le corresponde pegatina medio ambiental de esas porque es diesel y tiene un cerro de a\u00f1os, putada.<\/p>\n\n\n\n<p>Pues nada, yo que me suelo quedar en la zona Noroeste como a 20 Kms de Madrid, j\u00f3dete y baja en transporte p\u00fablico s\u00ed o s\u00ed. \u00bfAlguien sabe lo que se tarda teniendo que hacer transbordos?, m\u00e1s del doble. Y eso no fue lo peor, iba justa de tiempo y al final baj\u00e9 en coche porque no llegaba a la consulta.<\/p>\n\n\n\n<p>Que est\u00e1 muy bien eso de Madrid Central, para el que viva dentro, digo yo, pero que los t\u00faneles a 30, a 30 se\u00f1oras y se\u00f1ores, se hacen laaaaaaargos, pero que muy &nbsp;laaaaaaaaaargos. Y como era d\u00eda de alta contaminaci\u00f3n, si es que no me faltaba de nada, jejejejeje.<\/p>\n\n\n\n<p>Pues a 70 por la M30, que digo por la M30, ahora adem\u00e1s, desde el Hipercor de Pozuelo tambi\u00e9n, \u00a1a 70 bajando la carretera de La Coru\u00f1a, que es una autov\u00eda co\u00f1o!. Mira, a m\u00ed me pareci\u00f3 la muerte a pellizcos. No es que no llegue hoy, no, pens\u00e9 yo, es que no voy a llegar ni para el a\u00f1o pr\u00f3ximo.<\/p>\n\n\n\n<p>Oye, a\u00fan as\u00ed, se me dio superbien, tengo yo unas vibras altas, y un aura limpita, que no veas, jajajajaja. 5 minutos antes aparcada en frente. Ole yo. Zona verde, pero bueno, ya se sabe que la capital o, mejor dicho, las ciudades grandes, en general, son un sacacuartos continuo. Voy a sacar el ticket de aparcarmiento,<strong> ilusa de m\u00ed<\/strong>, prohibido el estacionamiento, por lo de la pegatina, si ya lo sab\u00eda.<\/p>\n\n\n\n<p>Hala, busca un parking privado sin conocer mucho esa zona de Madrid\u2026ufffff. Dije, paso, y tir\u00e9 para dentro, dej\u00e9 un post it por dentro del coche, para que se apiadasen de m\u00ed los de la O.R.A. y como ah\u00ed arriba me cuidan, cuando sal\u00ed estaban a dos coches del m\u00edo. <strong>Se alinearon los planetas totalmente<\/strong>. Me voy para el pueblo ya, que estr\u00e9s, por Dios\u2026<\/p>\n\n\n\n<p>Que agobio, todo lleno de c\u00e1maras, que antes tambi\u00e9n habr\u00eda claro, ser\u00e1 que no se ve\u00edan, o no se ve\u00edan tanto, vete t\u00fa a saber. Me dio un medio sofoc\u00f3n con todo eso, en el sentido de, \u00bfqu\u00e9 necesidad hay de hacerlo todo tan complicado?. Mi frase de siempre ha sido <strong>\u201cMadrid es hostil por lo grande que es\u201d<\/strong>. Y punto.<\/p>\n\n\n\n<p>Eso hace que quedar con alguien sea una empresa que requiera un Proyecto de Fin de Carrera, pero de los de antes, un Proyecto Proyecto. Como cuando dices piel, piel, pues eso. Ya me entend\u00e9is. Y luego, vais a ver. Por si ten\u00eda alguna duda al respecto, el Universo me las resolvi\u00f3 echando hostias. M\u00e1s majo.<\/p>\n\n\n\n<p>El lunes ten\u00eda que estar yo en un sitio de esos oficiales por unos papeles a las 09:00 Zul\u00fa, como dicen en el imperio yankie. Que cuando me dieron la cita, y v\u00ed que era lunes, malo, no suelo yo ir los lunes a hacer gestiones de ese tipo porque est\u00e1 todo Dios dormido y\/o de mala hostia, suele haber unas colas que no veas, y encima los ordenadores no van, \u00bfa que os suena de algo?, ya sab\u00eda yo. Peeeeero, de no haberlo cambiado, ajo y agua.<\/p>\n\n\n\n<p>Yo estaba en Torrelodones y ten\u00eda que ir hasta Col\u00f3n. Sin coche claro. Ya apuntaba la cosa a que<strong> la excursi\u00f3n iba a ser \u00e9pica<\/strong>. Caminar 10 minutos hasta la parada del bus, bus hasta Moncloa, caminar hasta Arguelles o transbordo de metro, l\u00ednea 4\/marr\u00f3n hasta Col\u00f3n, caminar 5 minutos hasta donde yo iba.<\/p>\n\n\n\n<p>Si es que ya es cansado solo escribirlo. El bus se supone que pasaba a las 08:00. Sal de casa 20 minutines antes para ir con tiempo. Lev\u00e1ntate a las 06:30, que no pude, fueron las 07:00. Total, el bus lleg\u00f3 15 minutos tarde, empezamos bien. El bus VAO estaba atascado, que se supone que es para agilizar el tr\u00e1fico. Casi nunca hay atasco ah\u00ed, pues ese d\u00eda s\u00ed. Maaadre miiiia.<\/p>\n\n\n\n<p>Era la \u00fanica que se re\u00eda en el bus, claro, los dem\u00e1s llegaban todos tarde a currar. Ahora viene lo mejor. Voy a coger el metro y chachachachan, la l\u00ednea 4 cerrada por obras, empezaban ese mismo d\u00eda. Zascazo \u201cpa&#8217;mi\u201d. Yo es que me descojonaba, dije, ahhh, esto debe ser una c\u00e1mara NO oculta de esas que han puesto para vigilar las pegatinas de los coches, y de paso ver si yo me pongo como en la peli esa de \u201cUn d\u00eda de furia\u201d.<\/p>\n\n\n\n<p>Total, mueve el culo, sal a la calle, y pilla un bus. El bus hasta los cojones de gente, vas de pie, a todo esto 09:15 de la ma\u00f1ana. Avis\u00e9, y lleg\u00fae finalmente a 09:30. Que est\u00e1 mejor que bien para todo el meneo que llevaba ya encima. <strong>UNA HORA Y MEDIA LARGA DESDE QUE SAL\u00cd DE CASA<\/strong>.<\/p>\n\n\n\n<p>No me alter\u00e9, de verdad que no, fui muy consciente. Menos mal. Ese ritmo, ya no es para m\u00ed. Uhm, reformulo esto \u00faltimo. <strong>Ese ritmo ya no lo quiero para m\u00ed<\/strong>. En provincias se diluye todo muchiiiiiiisimo m\u00e1s. Es todo m\u00e1s sencillo, mucho m\u00e1s sencillo. Se vive infinitamente mejor. Desde mi punto de vista, claro. Habla la voz de la experiencia.<\/p>\n\n\n\n<p>Cuando est\u00e1s en la espiral, <strong>normalizas cosas que no son normales<\/strong>, para poder sobrevivir entiendo. Yo tambi\u00e9n lo hice, inconscientemente, pero lo haces. Porque si no, te piras de ah\u00ed en cero coma.<\/p>\n\n\n\n<p>Cuando acab\u00e9 los papeles, que me tuvieron all\u00ed como dos horas, eso por no haberlo cambiado a otro d\u00eda ni\u00f1a, que pareces nueva. Pues eso, que cuando acab\u00e9, un hambre, ni que hubiese venido andando, maaadre m\u00eda.<\/p>\n\n\n\n<p>Total que entre los billetes de bus, de metro, del otro bus, ida y vuelta, el desayuno, y un taxi que cog\u00ed porque si no a\u00fan estoy por all\u00ed dando vueltas, la Virgen, creo que me sali\u00f3 la ma\u00f1ana por 25\/30 eurazos. Y yo <strong>venga a reirme<\/strong>, jajajajajaaja, jajajajajja, no pod\u00eda parar, ni quer\u00eda, me dec\u00eda a m\u00ed misma, l\u00e1rgate t\u00eda, est\u00e1s tardando.<\/p>\n\n\n\n<p>Conservo amigos\nmaravillosos, que espero sigan si\u00e9ndolo muchos a\u00f1os, el paso del tiempo ir\u00e1\ndiciendo si se quedan o se van, ellos de mi vida, y yo de la suya, ya sab\u00e9is,\nesto es bidireccional. Pero esa vor\u00e1gine, no me apetece nada en este momento de\nmi vida.<\/p>\n\n\n\n<p>Me r\u00edo mucho aqu\u00ed cuando oigo a la gente que est\u00e1 estresada, ay ama, que bueno poder comparar. O una buena amiga que vive tambi\u00e9n ahora en provincias, vive en zona de mar y sigue en la ingenier\u00eda, pero dice que es casi como ser funcionario en comparaci\u00f3n con lo que curr\u00e1bamos en Madrid, su frase lapidaria es <em>\u201ca estos los sueltas en Madrid una semana, y no son capaces de salir de la M30\u201d<\/em>.<\/p>\n\n\n\n<p><strong>Copyright \u00a9 2020\nYofuiunachicalyme. Todos los derechos reservados. Para usar alguna foto \u00f3\ntexto, nombra la procedencia y a\u00f1ade un link al art\u00edculo original de este blog<\/strong><\/p>\n","protected":false},"excerpt":{"rendered":"<p>Es de libro. Si le he dedicado un post a Barcelona, \u00a1no le voy a dedicar otro a Madrid despu\u00e9s de haber vivido all\u00ed casi 20 a\u00f1os!\u2026Es el momento. Curiosamente ahora que ya estoy desvinculada de los madriles casi al 100%, es cuando lo escribo. Me ha recordado la famosa frase de \u201cno valoras lo &hellip; <a href=\"https:\/\/yofuiunachicalyme.com\/?p=269\" class=\"more-link\">Continue reading<span class=\"screen-reader-text\"> \u00abMadrid\u00bb<\/span><\/a><\/p>\n","protected":false},"author":4,"featured_media":0,"comment_status":"open","ping_status":"open","sticky":false,"template":"","format":"standard","meta":{"footnotes":""},"categories":[3],"tags":[],"class_list":["post-269","post","type-post","status-publish","format-standard","hentry","category-experiencias","group-blog","hfeed"],"_links":{"self":[{"href":"https:\/\/yofuiunachicalyme.com\/index.php?rest_route=\/wp\/v2\/posts\/269"}],"collection":[{"href":"https:\/\/yofuiunachicalyme.com\/index.php?rest_route=\/wp\/v2\/posts"}],"about":[{"href":"https:\/\/yofuiunachicalyme.com\/index.php?rest_route=\/wp\/v2\/types\/post"}],"author":[{"embeddable":true,"href":"https:\/\/yofuiunachicalyme.com\/index.php?rest_route=\/wp\/v2\/users\/4"}],"replies":[{"embeddable":true,"href":"https:\/\/yofuiunachicalyme.com\/index.php?rest_route=%2Fwp%2Fv2%2Fcomments&post=269"}],"version-history":[{"count":4,"href":"https:\/\/yofuiunachicalyme.com\/index.php?rest_route=\/wp\/v2\/posts\/269\/revisions"}],"predecessor-version":[{"id":273,"href":"https:\/\/yofuiunachicalyme.com\/index.php?rest_route=\/wp\/v2\/posts\/269\/revisions\/273"}],"wp:attachment":[{"href":"https:\/\/yofuiunachicalyme.com\/index.php?rest_route=%2Fwp%2Fv2%2Fmedia&parent=269"}],"wp:term":[{"taxonomy":"category","embeddable":true,"href":"https:\/\/yofuiunachicalyme.com\/index.php?rest_route=%2Fwp%2Fv2%2Fcategories&post=269"},{"taxonomy":"post_tag","embeddable":true,"href":"https:\/\/yofuiunachicalyme.com\/index.php?rest_route=%2Fwp%2Fv2%2Ftags&post=269"}],"curies":[{"name":"wp","href":"https:\/\/api.w.org\/{rel}","templated":true}]}}