{"id":307,"date":"2020-03-20T19:11:44","date_gmt":"2020-03-20T19:11:44","guid":{"rendered":"http:\/\/yofuiunachicalyme.com\/?p=307"},"modified":"2020-04-14T16:08:29","modified_gmt":"2020-04-14T16:08:29","slug":"feliz-cuarentena","status":"publish","type":"post","link":"https:\/\/yofuiunachicalyme.com\/?p=307","title":{"rendered":"Feliz Cuarentena"},"content":{"rendered":"\n<p>Que fuerte todo. \u00bfverdad?<\/p>\n\n\n\n<p>Creo que no me equivoco si digo que ninguno de nosotros imagin\u00f3 NUNCA, que \u00edbamos a pasar por una situaci\u00f3n ni medio parecida a esta. Es como las pelis de los americanos, o algunos libros de ciencia ficci\u00f3n que le\u00edmos en tiempos.<\/p>\n\n\n\n<p>Dadas las circunstancias, es mi deber y obligaci\u00f3n recordaros lo afortunados que somos. S\u00ed, ya estoy yo con mi cantinela de siempre. Lo s\u00e9. Pero es que es tremendamente cierto.<\/p>\n\n\n\n<p>\u00bfQu\u00e9 mierda de cuarentena y confinamiento es este?, pero si no nos falta de nada, y cuando digo de nada, quiero decir <strong>DE NADA<\/strong>.<\/p>\n\n\n\n<p>Estamos en casa calentitos, con nuestra calefacci\u00f3n y nuestra agua caliente para ducharnos, con electricidad, agua para beber, internet, televisi\u00f3n, HBO, Netflix, Prime Video, libros, la play, revistas gratis, todo el mundo a nuestra disposici\u00f3n a trav\u00e9s de la wifi, toda la comida y bebida que queramos y m\u00e1s, etc.<\/p>\n\n\n\n<p><strong>TENEMOS DE TODO Y EN CANTIDAD, COMO SIEMPRE.<\/strong><\/p>\n\n\n\n<p>Solo nos piden una cosita, <strong>QUE NOS QUEDEMOS EN NUESTRA PUTA CASA, y NOS ALEJEMOS DEL RESTO DEL MUNDO PRESENCIALMENTE.<\/strong> Y que no somos capaces, oye. Poco nos pasa para lo que nos merecemos.<\/p>\n\n\n\n<p>Luego me dicen que exagero cuando digo que somos animales de manada, ja ja y ja. Corta me quedo. <strong>Una guerra de verdad ten\u00eda que haber<\/strong>, vamos hombre, no pasamos del d\u00eda uno. O un virus que fuera mucho m\u00e1s peligroso que este, a ver si espabil\u00e1bamos la caraja y la tonter\u00eda que traemos. Madredelamorhermoso.<\/p>\n\n\n\n<p>Somos la generaci\u00f3n que m\u00e1s libertad y m\u00e1s de todo ha tenido, y tiene, en la historia de la Humanidad. Yo lo entiendo, esto es un sinsentido para nosotros, os cre\u00edais invencibles. Digo os, porque esta lecci\u00f3n a m\u00ed ya me toc\u00f3 aprenderla como todos sab\u00e9is.<\/p>\n\n\n\n<p>Me temo que esta es una curita de humildad pero no la \u00faltima. Cuesti\u00f3n de tiempo.<\/p>\n\n\n\n<p>No os digo lo que opino de las caceroladas y soplapolleces varias que andan rulando por ah\u00ed. Que nos van a faltar horas al d\u00eda para salir a aplaudir al balc\u00f3n, el que lo tenga. Un d\u00eda por los sanitarios, otro por los camioneros, otro por los aut\u00f3nomos que no podemos trabajar, servidora por ejemplo, otro rato a cantar, pero vamos a ver, un poquito vale, pero un muchito ES INSOPORTABLE.<\/p>\n\n\n\n<p>A alguien se le ha ido la pinza mucho, pero mucho, mucho. \u00bfNo pod\u00e9is quedaros quietos y tranquilos en vuestra puta casa?, arrastr\u00e1is m\u00e1s sue\u00f1o que la hostia, anda la pe\u00f1a durmiendo entre 6 y 7 horas a diario, suspirando por una siesta, y en lugar de dormir, no, a dar por culo todo el d\u00eda. Vamos a ver, aunque la cuarentena durase los 40 d\u00edas, os van a seguir debiendo horas de sue\u00f1o joder, dejad de hacer cosas innecesarias.<\/p>\n\n\n\n<p>Gente que no ha hecho deporte en su vida, me consta, mandando tablas de ejercicios, y buscando esterillas para hacer pilates o yoga en casa, venga co\u00f1o, sois m\u00e1s falsos que Judas. \u00bfTe he pedido yo que me mandes algo?, no, pues eso.<\/p>\n\n\n\n<p>No me deja de sorprender el g\u00e9nero humano, permitidme que os lo diga. Si esto le va a sentar bien a mucha pe\u00f1a, vamos a todo Madrid ya te lo digo yo. Luego os lo explico.<strong> Otra cosa es la parte econ\u00f3mica, esa ya es otro cantar. La que nos espera.<\/strong> Cuando se cerraron los bares, ah\u00ed fue d\u00f3nde me d\u00ed cuenta de que se extingu\u00eda el mundo conocido, todos sabemos que esto va a ser un antes y un despu\u00e9s.<\/p>\n\n\n\n<p>Quiero pensar que vamos a salir fortalecidos como sociedad una vez pase todo esto. Necesitamos entender la verdadera importancia de las cosas, y, sobre todo, de las personas.<\/p>\n\n\n\n<p>Los que ten\u00e9is hijos peque\u00f1os, vuestros hijos os necesitan a su lado, no trabajando de sol a sol; \u00bfpara qu\u00e9 sirve trabajar hasta la extenuaci\u00f3n?, para nada. No son las empresas, <strong>SOMOS NOSOTROS QUE SE LO PERMITIMOS<\/strong>, \u00bfpor qu\u00e9?, porque vivimos con miedo queridos.<\/p>\n\n\n\n<p>Con miedo a perder un trabajo que es el que nos permite pagar una hipoteca, o dos, dar de comer en casa, el que nos permite pagar un coche, o dos, y\/o una moto, o dos, el que nos permite irnos de vacaciones una o dos veces al a\u00f1o, mira cuando todo pase, si os quedan ganas, os pod\u00e9is ir a China, creo estaba como muy en auge tur\u00edsticamente hablando.<\/p>\n\n\n\n<p>A\u00f1adid lo que quer\u00e1is, y sin embargo ahora, nos damos cuenta, \u00a1oh sorpresa!, que <strong>lo verdaderamente importante SOMOS LAS PERSONAS, empezando por nosotros mismos, y NUESTRA LIBERTAD.<\/strong> No es lo mismo quedarte en casa un d\u00eda porque te apetece, a que NO te permitan salir a la calle. No tiene nada que ver. Absolutamente nada. El poder de la libertad de elecci\u00f3n est\u00e1 muy por encima de todo lo dem\u00e1s.<\/p>\n\n\n\n<p>Yo me he dado cuenta de una cosa con todo esto. Mi d\u00eda a d\u00eda con o sin cuarentena, no difiere mucho uno de otro. Ahora <strong>no s\u00e9 si llevo una vida cojonuda, o una vida de mierda<\/strong>\u2026<\/p>\n\n\n\n<p>Yo pensaba que era una mierda, pero hablando con una amiga de Madrid me dec\u00eda que era buena, muy buena.<\/p>\n\n\n\n<p>Claro, ella que anda arrastrada por las esquinas, quedarse unas semanas en casa pudiendo dormir, descansar, sin trabajar, sin estr\u00e9s laboral, con los ni\u00f1os que a ella le encantan, en una casa con pedazo de jard\u00edn, pues a ver, ya lo quisieran muchos. En lo que no se le infecte nadie cercano, vuelve nueva. Y como ella, mucha gente. A disfrutarlo.<\/p>\n\n\n\n<p><strong>Habitualmente yo paso mucho tiempo en casa<\/strong>, ya os lo he comentado alguna vez. No porque sea muy casera, que s\u00ed, pero yo saldr\u00eda mucho m\u00e1s a la calle, aunque la verdad es que no me da tiempo, no llego. Le doy a mi cuerpo lo que me pide, y los restos de la cola del cometa como yo les llamo, me piden insistentemente dormir y descansar por encima de todo, y luego comer. El resto es totalmente prescindible.<\/p>\n\n\n\n<p><strong>La parte mala<\/strong> es que no es una elecci\u00f3n consciente m\u00eda, lo siento como una imposici\u00f3n, lo hago porque s\u00e9 que es bueno para m\u00ed, pero echo en falta algo que mencionaba antes, LIBERTAD, la libertad de poder elegir.<\/p>\n\n\n\n<p><strong>La parte buena <\/strong>es que estoy llevando el confinamiento muy bien. Acojona e impresiona ver las calles barridas, ni un alma, todo cerrado. Ahora ya me voy haciendo, como todos, ya son 7 d\u00edas en mi caso, y los que nos quedan.<\/p>\n\n\n\n<p>Podremos decir que hemos vivido <strong>la crisis del 2020<\/strong>, que seguramente, har\u00e1 cambiar el mundo, en un sentido u otro. Mejor dicho, si nosotros queremos, esta crisis va a hacer que veamos el mundo de otra manera, y vamos a cambiar, somos nosotros los que necesitamos ese cambio.<\/p>\n\n\n\n<p>Qu\u00e9 me dec\u00eds de esas <strong>mascotas que est\u00e1n felices<\/strong> de que les hagamos caso, y de que pasemos un poquito de tiempo con ellas sin ir a la puta carrera de un lado para otro porque siempre estamos haciendo cosas. Est\u00e1n felices. Yo creo que mi Gemmita ya ha solicitado una ampliaci\u00f3n de cuarentena, no os digo m\u00e1s.<\/p>\n\n\n\n<p>Que me dec\u00eds del <strong>teletrabajo,<\/strong> que lo mismo lo puede hacer m\u00e1s gente, \u00bfehhh, cabrones de las empresas?, que el personal no rinde m\u00e1s por estar con el culo pegado en la oficina despu\u00e9s del madrug\u00f3n de las 06:30. D\u00e1dles un voto de confianza joder\u2026<\/p>\n\n\n\n<p><em><strong>Todo mi apoyo a los colectivos que est\u00e1n al pie del ca\u00f1\u00f3n, d\u00e1ndolo todo, para que no nos falte de nada, y esto pase lo antes posible. El trabajo que est\u00e1n haciendo es ADMIRABLE. Chap\u00f3<\/strong>.<\/em><\/p>\n\n\n\n<p>Me vais a permitir un inciso. Agradecer especialmente a las <strong>empresas de transporte<\/strong> que sigan trabajando. Algunas personas como yo dependemos de ellos para que nos traigan <strong>el pan<\/strong> de cada d\u00eda, literalmente, y tambi\u00e9n algunos <strong>suplementos muy necesarios<\/strong>, entre otras cosas, para fortalecer el sistema inmunol\u00f3gico de aquellos que lo necesitamos imperiosamente.<\/p>\n\n\n\n<p>No todo es pedir gilipolleces por aburrimiento en Amazon, \u00bfvale?. Se ten\u00eda que decir, y se dijo.<\/p>\n\n\n\n<p>Os dejo aqu\u00ed una imagen que, para m\u00ed, resume esta crisis. <strong>FELIZ CUARENTENA Y MEJOR CONFINAMIENTO. QUE USTEDES SE DESINFECTEN BIEN.<\/strong><\/p>\n\n\n\n<figure class=\"wp-block-image size-large\"><img loading=\"lazy\" decoding=\"async\" width=\"1024\" height=\"1024\" src=\"http:\/\/yofuiunachicalyme.com\/wp-content\/uploads\/2020\/03\/FB_IMG_15847245817871344-1-1024x1024.jpg\" alt=\"\" class=\"wp-image-315\" srcset=\"https:\/\/yofuiunachicalyme.com\/wp-content\/uploads\/2020\/03\/FB_IMG_15847245817871344-1-1024x1024.jpg 1024w, https:\/\/yofuiunachicalyme.com\/wp-content\/uploads\/2020\/03\/FB_IMG_15847245817871344-1-300x300.jpg 300w, https:\/\/yofuiunachicalyme.com\/wp-content\/uploads\/2020\/03\/FB_IMG_15847245817871344-1-150x150.jpg 150w, https:\/\/yofuiunachicalyme.com\/wp-content\/uploads\/2020\/03\/FB_IMG_15847245817871344-1-768x768.jpg 768w, https:\/\/yofuiunachicalyme.com\/wp-content\/uploads\/2020\/03\/FB_IMG_15847245817871344-1.jpg 1068w\" sizes=\"(max-width: 1024px) 100vw, 1024px\" \/><\/figure>\n\n\n\n<p><strong>Copyright \u00a9 2020 www.yofuiunachicalyme.com Todos los derechos reservados. Para usar alguna foto \u00f3 texto, nombra la procedencia y a\u00f1ade un link al art\u00edculo original de este blog <\/strong><\/p>\n","protected":false},"excerpt":{"rendered":"<p>Que fuerte todo. \u00bfverdad? Creo que no me equivoco si digo que ninguno de nosotros imagin\u00f3 NUNCA, que \u00edbamos a pasar por una situaci\u00f3n ni medio parecida a esta. Es como las pelis de los americanos, o algunos libros de ciencia ficci\u00f3n que le\u00edmos en tiempos. Dadas las circunstancias, es mi deber y obligaci\u00f3n recordaros &hellip; <a href=\"https:\/\/yofuiunachicalyme.com\/?p=307\" class=\"more-link\">Continue reading<span class=\"screen-reader-text\"> \u00abFeliz Cuarentena\u00bb<\/span><\/a><\/p>\n","protected":false},"author":4,"featured_media":0,"comment_status":"open","ping_status":"open","sticky":false,"template":"","format":"standard","meta":{"footnotes":""},"categories":[3],"tags":[11,10],"class_list":["post-307","post","type-post","status-publish","format-standard","hentry","category-experiencias","tag-confinamiento","tag-cuarentena","group-blog","hfeed"],"_links":{"self":[{"href":"https:\/\/yofuiunachicalyme.com\/index.php?rest_route=\/wp\/v2\/posts\/307"}],"collection":[{"href":"https:\/\/yofuiunachicalyme.com\/index.php?rest_route=\/wp\/v2\/posts"}],"about":[{"href":"https:\/\/yofuiunachicalyme.com\/index.php?rest_route=\/wp\/v2\/types\/post"}],"author":[{"embeddable":true,"href":"https:\/\/yofuiunachicalyme.com\/index.php?rest_route=\/wp\/v2\/users\/4"}],"replies":[{"embeddable":true,"href":"https:\/\/yofuiunachicalyme.com\/index.php?rest_route=%2Fwp%2Fv2%2Fcomments&post=307"}],"version-history":[{"count":12,"href":"https:\/\/yofuiunachicalyme.com\/index.php?rest_route=\/wp\/v2\/posts\/307\/revisions"}],"predecessor-version":[{"id":334,"href":"https:\/\/yofuiunachicalyme.com\/index.php?rest_route=\/wp\/v2\/posts\/307\/revisions\/334"}],"wp:attachment":[{"href":"https:\/\/yofuiunachicalyme.com\/index.php?rest_route=%2Fwp%2Fv2%2Fmedia&parent=307"}],"wp:term":[{"taxonomy":"category","embeddable":true,"href":"https:\/\/yofuiunachicalyme.com\/index.php?rest_route=%2Fwp%2Fv2%2Fcategories&post=307"},{"taxonomy":"post_tag","embeddable":true,"href":"https:\/\/yofuiunachicalyme.com\/index.php?rest_route=%2Fwp%2Fv2%2Ftags&post=307"}],"curies":[{"name":"wp","href":"https:\/\/api.w.org\/{rel}","templated":true}]}}