{"id":428,"date":"2021-01-08T16:45:41","date_gmt":"2021-01-08T16:45:41","guid":{"rendered":"http:\/\/yofuiunachicalyme.com\/?p=428"},"modified":"2021-01-08T16:45:42","modified_gmt":"2021-01-08T16:45:42","slug":"cuando-me-descuelgue-y-tumbe","status":"publish","type":"post","link":"https:\/\/yofuiunachicalyme.com\/?p=428","title":{"rendered":"Cuando me descuelgue y tumbe"},"content":{"rendered":"\n<p>Volviendo al mundo moto, que hace tiempo que no lo toco, el campeonato est\u00e1, o mejor dicho estaba raro. <strong>Como el a\u00f1o, raro, raro, raro<\/strong>. \u00a1Anda qu\u00e9, como para haber hecho una porra!, no hubiese acertado NADIE.<\/p>\n\n\n\n<p>He de decir que este post lo escrib\u00ed en <strong>Noviembre<\/strong>, ya, dir\u00e9is, qu\u00e9 cojones has hecho que no lo has publicado antes, \u00bfverdad?, pues eso mismo digo yo&#8230; esto de vivir en presente es lo que tiene, te pones a no hacer nada, y es un no parar.<\/p>\n\n\n\n<p>La frase del t\u00edtulo me encanta. Es muy buena. <strong>Motera total<\/strong> pero aplicable a muchas situaciones de la vida. Os cuento primero como lleg\u00f3 a m\u00ed.<\/p>\n\n\n\n<p>Hace ya algo m\u00e1s de dos a\u00f1os, reci\u00e9n sacado el carn\u00e9 A2 de moto, os recuerdo que esta se\u00f1orita ya tiene el A, por joder lo digo m\u00e1s que nada, jejejejeje.<\/p>\n\n\n\n<p>Esto es como un amiguete que <strong>sale despu\u00e9s del toque de queda<\/strong> (aqu\u00ed lo tenemos a las 22:00 horas) a dar un mini paseo rollo vuelta a la manzana y dice, \u201clo hago por incumplir, ehhhh, no te creas que me apetece mucho salir a esas horas\u201d, me encanta. <\/p>\n\n\n\n<p>Entiendo que haya gente que no lo comparta, pero a m\u00ed, me encanta esa actitud. Al l\u00edo que me disperso. Pues eso, que hace dos a\u00f1os con el A2 calentito, calentito, march\u00e9 disparada a comprar la equipaci\u00f3n.<\/p>\n\n\n\n<p>Me fui a la <strong>super tienda por excelencia en Madrid<\/strong>, miraba botas, me atendi\u00f3, por decir algo, una muchacha que no parec\u00eda tener ni puta idea la verdad. De una estanter\u00eda de m\u00e1s de cinco metros de larga y otras cinco filas de alta, solo hab\u00eda cuatro modelos de botas para mi n\u00famero, CUATRO MODELOS.<\/p>\n\n\n\n<p>Eso ya me dec\u00eda que bien, bien, la cosa no iba. Pero es que las botas eran muuuuyyy feas, muy tochas, o con rosa, venga co\u00f1o, no me jodas. <strong>No llevo nada rosa de calle, voy a meterle rosa a la moto.<\/strong><\/p>\n\n\n\n<p>Hab\u00eda unas especialmente feas con unas deslizaderas como muy grandes, no s\u00e9, un armatoste horrible. Y la t\u00eda me las quer\u00eda encasquetar.<\/p>\n\n\n\n<p>Venga a volver a esas, y yo una cara de que no, que son muy feas. Y me dice, \u201cadem\u00e1s \u00e9stas tienen deslizaderas,<strong> te van a venir super bien para cuando te descuelgues y tumbes<\/strong>\u201d.<\/p>\n\n\n\n<p>Se par\u00f3 el mundo en ese preciso instante, retumbaban en mis o\u00eddos esas \u00faltimas palabras. Mira, de verdad, <strong>ni en dos vidas me da tiempo a m\u00ed a tocar con las deslizaderas de las botas en el suelo<\/strong>. Para ser honestos, ni con las deslizaderas ni con nada.<\/p>\n\n\n\n<p>Yo es que no daba cr\u00e9dito. Hay que ser poco avispada para hacerle ese comentario a alguien que te dice que se acaba de sacar el A2 y que apenas tiene experiencia con la moto.<\/p>\n\n\n\n<p>Pero<strong> si Pinocho a mi lado en aquella \u00e9poca tumbaba m\u00e1s<\/strong>. Ahora, que no voy tan tiesa a m\u00ed ya me parece la hostia. A veces me inclino algo m\u00e1s, a veces algo menos, grado arriba grado abajo, peeeeero en cualquier caso, descolgarme de la moto, adrede, no me descuelgo ni muerta.<\/p>\n\n\n\n<p>Si me empujan igual s\u00ed, pero as\u00ed de mano, como que no. A ver, que tampoco es mi objetivo, pero hombre, no hacer le\u00f1a del \u00e1rbol ca\u00eddo se\u00f1ores\/se\u00f1oras dependientes\/dependientas. Que los noveles tambi\u00e9n tenemos nuestro corazoncito y nuestro porqu\u00e9.<\/p>\n\n\n\n<p><strong>Esta an\u00e9cdota por un lado<\/strong>. Y por otro, este a\u00f1o, d\u00e9jame que piense, all\u00e1 por la desescalada, estar\u00edamos en fase uno o dos yo creo, el caso es que fui a ver <strong>un traje de cuero de segunda mano<\/strong>.<\/p>\n\n\n\n<p>Bueno, bueno, bueno, que cosa m\u00e1s bonita por favor. Blanco y negro. Era mi talla. Cuando me lo estoy probando en casa de la chica me dice, \u201cjoder, te queda mejor de lo que me ha quedado a m\u00ed nunca\u201d.<\/p>\n\n\n\n<p>Estoy tremenda, ya os lo digo, si es que est\u00e1 hecho para m\u00ed, <strong>NO SE PUEDE ESTAR M\u00c1S GUAPA<\/strong>. ME ENCANTA.<\/p>\n\n\n\n<p>El caso es que cuando ya le dije que me lo llevaba y dem\u00e1s, me lo estaba quitando, y me dice \u201clas protecciones de rodilla las acomodas a la altura que te vayan bien y te sean c\u00f3modas <strong>para cuando te \u00a0descuelgues y tumbes<\/strong>\u201d. Y dale.<\/p>\n\n\n\n<p><strong>Otra vez<\/strong> que se par\u00f3 el mundo. En mi cabeza qued\u00f3 retumbando el comentario\u2026.cuando me descuelgue y tumbe, hac\u00eda eco ah\u00ed dentro, creo que solo atin\u00e9 a decir \u201cya, s\u00ed, lo har\u00e9\u201d. \u00bfQu\u00e9 vas a decir?, si es que tampoco le vas a ir contando tu vida al personal.<\/p>\n\n\n\n<p><strong>Qu\u00e9 presi\u00f3n<\/strong>, si luego se descuelgan tres cuando vas por la carretera. Entre tres y ninguno viene siendo la media. Alguno que lleve una txati de paquete y la quiera impresionar, vale, pero si no, que va, eso est\u00e1 sobrevalorado para mi gusto, jajaja.<\/p>\n\n\n\n<p>Lo cierto es que me jode, porque ves que lo hace la gente con relativa facilidad, o aunque solo sea tumbar, ya no te digo descolgarte, yo de momento, con inclinar lo suficiente para no cuadrar y\/ o triangular las ruedas me conformo. O para depilar la rueda de delante, que me est\u00e1 costando la vida. No pregunt\u00e9is. <strong>He dicho que no pregunt\u00e9is<\/strong>.<\/p>\n\n\n\n<p>Hay tanta diferencia cuando consigues bailar con la moto, fluir con ella, a cuando no la dejas ir o no la llevas fina, como suele ser mi caso. <strong>Las sensaciones no tienen nada que ver<\/strong>. He de decir a mi favor que he mejorado muchiiiiiiiiiiiiisimo, he salido a practicar este verano, y se nota.<\/p>\n\n\n\n<p>Cierto es que ya lo ten\u00eda yo todo apa\u00f1ado para ir a un sitio de esos <strong>a perfeccionar el pilotaje<\/strong>. \u00bfSuena que te cagas, ehhh?. Es como ahora que resulta que las chicas nos depilamos el labio superior, en lugar del bigote. Pues vale. Que a m\u00ed <strong>eso del labio superio<\/strong>r me suena a otra cosa; eso a m\u00ed, imag\u00ednate a un t\u00edo, vamos, ya lo est\u00e1 visualizando antes de acabar la frase.<\/p>\n\n\n\n<p>Que me disperso. Vamos, que ya lo ten\u00eda apalabrado para ir, y justo fue la movida del confinamiento de Marzo, y hasta hoy. No pasa nada, <strong>se hace en el 2021 y a correr<\/strong>, jejeje, nunca mejor dicho.<\/p>\n\n\n\n<p>Qu\u00e9 a ver, <strong>no se trata de velocidad, se trata de sensaciones<\/strong>. Esto es como cuando te besas con alguien por primera vez y va todo de puta madre, o no fluye y va, pero va como el culo.<\/p>\n\n\n\n<p>Te chocas con la nariz, con los dientes, con las gafas aunque no lleve, s\u00ed, s\u00ed, se han dado casos, me consta, que las chicas somos muy porteras y nos lo contamos tooodooooo.<\/p>\n\n\n\n<p><strong>Pues ese es mi objetivo, fluir con la moto y que vaya de puta madre<\/strong>. Y lo voy a conseguir, vaya si lo voy a conseguir, ya me conoc\u00e9is. Disfruto mucho cuando salgo con mi ni\u00f1a, pero <strong>quiero bailar con ella<\/strong>. Es incre\u00edble cuando haces alguna trazada o alg\u00fan cach\u00edn de curvas en condiciones.<\/p>\n\n\n\n<p>Como me dijo un muchacho el otro d\u00eda <strong>\u201cte va la marcha, ehhhh\u201d<\/strong> y s\u00ed, la verdad es que s\u00ed. Yo que s\u00e9, esto lo pactar\u00eda yo con los de ah\u00ed arriba antes de nacer un d\u00eda que hab\u00eda salido de fiesta o algo.<\/p>\n\n\n\n<p>Dir\u00eda la famosa frase de \u201c\u00bfQue no hay qu\u00e9?, suj\u00e9tame el cubata que te lo firmo\u201d. Y firm\u00e9. Por eso ando en moto y hago telas a\u00e9reas en lugar de hacer otras actividades m\u00e1s convencionales por ejemplo.<\/p>\n\n\n\n<p>Si me permit\u00eds que os lo diga, <strong>extrapolad el mensaje latente de este post a vuestros objetivos, deseos, anhelos, pasiones.<\/strong> Este a\u00f1o 2020 m\u00e1s que nunca hemos visto como la vida cambia en un suspiro.<\/p>\n\n\n\n<p>Hemos pasado de tener toda la libertad del mundo a estar encerrados y aislados a cal y canto. Muchas personas han pasado miedo, otras han perdido a seres queridos o allegados, ahora que est\u00e1 tan de moda la palabreja. <strong>Si con esto no espabilamos, no llor\u00e9is despu\u00e9s.<\/strong><\/p>\n\n\n\n<p>Cuando pod\u00e1is haced aquello que siempre hab\u00e9is querido. No lo dej\u00e9is para cuando sea el momento perfecto porque el momento perfecto siento deciros que no existe, <strong>el momento es AHORA<\/strong>.<\/p>\n\n\n\n<p>Haced lo que os haga felices, y que le den a todo y a tod@s. Nos lo merecemos.<\/p>\n\n\n\n<p><strong>Copyright \u00a9 2020 Yofuiunachicalyme. Todos los derechos reservados. Para usar alguna foto \u00f3 texto, nombra la procedencia y a\u00f1ade un link al art\u00edculo original de este blog<\/strong><\/p>\n","protected":false},"excerpt":{"rendered":"<p>Volviendo al mundo moto, que hace tiempo que no lo toco, el campeonato est\u00e1, o mejor dicho estaba raro. Como el a\u00f1o, raro, raro, raro. \u00a1Anda qu\u00e9, como para haber hecho una porra!, no hubiese acertado NADIE. He de decir que este post lo escrib\u00ed en Noviembre, ya, dir\u00e9is, qu\u00e9 cojones has hecho que no &hellip; <a href=\"https:\/\/yofuiunachicalyme.com\/?p=428\" class=\"more-link\">Continue reading<span class=\"screen-reader-text\"> \u00abCuando me descuelgue y tumbe\u00bb<\/span><\/a><\/p>\n","protected":false},"author":4,"featured_media":0,"comment_status":"open","ping_status":"open","sticky":false,"template":"","format":"standard","meta":{"footnotes":""},"categories":[5],"tags":[],"class_list":["post-428","post","type-post","status-publish","format-standard","hentry","category-motos","group-blog","hfeed"],"_links":{"self":[{"href":"https:\/\/yofuiunachicalyme.com\/index.php?rest_route=\/wp\/v2\/posts\/428"}],"collection":[{"href":"https:\/\/yofuiunachicalyme.com\/index.php?rest_route=\/wp\/v2\/posts"}],"about":[{"href":"https:\/\/yofuiunachicalyme.com\/index.php?rest_route=\/wp\/v2\/types\/post"}],"author":[{"embeddable":true,"href":"https:\/\/yofuiunachicalyme.com\/index.php?rest_route=\/wp\/v2\/users\/4"}],"replies":[{"embeddable":true,"href":"https:\/\/yofuiunachicalyme.com\/index.php?rest_route=%2Fwp%2Fv2%2Fcomments&post=428"}],"version-history":[{"count":7,"href":"https:\/\/yofuiunachicalyme.com\/index.php?rest_route=\/wp\/v2\/posts\/428\/revisions"}],"predecessor-version":[{"id":435,"href":"https:\/\/yofuiunachicalyme.com\/index.php?rest_route=\/wp\/v2\/posts\/428\/revisions\/435"}],"wp:attachment":[{"href":"https:\/\/yofuiunachicalyme.com\/index.php?rest_route=%2Fwp%2Fv2%2Fmedia&parent=428"}],"wp:term":[{"taxonomy":"category","embeddable":true,"href":"https:\/\/yofuiunachicalyme.com\/index.php?rest_route=%2Fwp%2Fv2%2Fcategories&post=428"},{"taxonomy":"post_tag","embeddable":true,"href":"https:\/\/yofuiunachicalyme.com\/index.php?rest_route=%2Fwp%2Fv2%2Ftags&post=428"}],"curies":[{"name":"wp","href":"https:\/\/api.w.org\/{rel}","templated":true}]}}